{"id":16070,"date":"2024-02-15T21:25:09","date_gmt":"2024-02-16T02:25:09","guid":{"rendered":"https:\/\/www.boyacaleinforma.com\/?p=16070"},"modified":"2024-02-15T21:45:49","modified_gmt":"2024-02-16T02:45:49","slug":"supersalud-ratifica-multas-por-920-millones-a-tres-eps-por-incumplir-compromisos-de-pago-con-hospitales-y-clinicas-copy-copy-copy-copy","status":"publish","type":"post","link":"https:\/\/www.boyacaleinforma.com\/?p=16070","title":{"rendered":"CAR anuncia ambiciosos proyectos de inversi\u00f3n en seis municipios de Boyac\u00e1 para impulsar desarrollo sostenible"},"content":{"rendered":"\t\t<div data-elementor-type=\"wp-post\" data-elementor-id=\"16070\" class=\"elementor elementor-16070\" data-elementor-post-type=\"post\">\n\t\t\t\t\t\t<section class=\"elementor-section elementor-top-section elementor-element elementor-element-62b311ee elementor-section-boxed elementor-section-height-default elementor-section-height-default\" data-id=\"62b311ee\" data-element_type=\"section\" data-e-type=\"section\">\n\t\t\t\t\t\t<div class=\"elementor-container elementor-column-gap-default\">\n\t\t\t\t\t<div class=\"elementor-column elementor-col-100 elementor-top-column elementor-element elementor-element-22e424c5\" data-id=\"22e424c5\" data-element_type=\"column\" data-e-type=\"column\">\n\t\t\t<div class=\"elementor-widget-wrap elementor-element-populated\">\n\t\t\t\t\t\t<div class=\"elementor-element elementor-element-7799c32 elementor-widget elementor-widget-image\" data-id=\"7799c32\" data-element_type=\"widget\" data-e-type=\"widget\" data-widget_type=\"image.default\">\n\t\t\t\t<div class=\"elementor-widget-container\">\n\t\t\t\t\t\t\t\t\t\t\t\t<figure class=\"wp-caption\">\n\t\t\t\t\t\t\t\t\t\t<img loading=\"lazy\" width=\"640\" height=\"425\" src=\"https:\/\/www.boyacaleinforma.com\/wp-content\/uploads\/2024\/02\/car-768x510.jpeg\" class=\"attachment-medium_large size-medium_large wp-image-16076\" alt=\"car\" srcset=\"https:\/\/www.boyacaleinforma.com\/wp-content\/uploads\/2024\/02\/car-768x510.jpeg 768w, https:\/\/www.boyacaleinforma.com\/wp-content\/uploads\/2024\/02\/car-300x199.jpeg 300w, https:\/\/www.boyacaleinforma.com\/wp-content\/uploads\/2024\/02\/car-1024x680.jpeg 1024w, https:\/\/www.boyacaleinforma.com\/wp-content\/uploads\/2024\/02\/car-1536x1020.jpeg 1536w, https:\/\/www.boyacaleinforma.com\/wp-content\/uploads\/2024\/02\/car-2048x1361.jpeg 2048w\" sizes=\"auto, (max-width: 640px) 100vw, 640px\" loading=\"lazy\" decoding=\"async\" \/>\t\t\t\t\t\t\t\t\t\t\t<figcaption class=\"widget-image-caption wp-caption-text\">Foto: Car Cundinamarca<\/figcaption>\n\t\t\t\t\t\t\t\t\t\t<\/figure>\n\t\t\t\t\t\t\t\t\t<\/div>\n\t\t\t\t<\/div>\n\t\t\t\t<div class=\"elementor-element elementor-element-16316330 elementor-widget elementor-widget-text-editor\" data-id=\"16316330\" data-element_type=\"widget\" data-e-type=\"widget\" data-widget_type=\"text-editor.default\">\n\t\t\t\t<div class=\"elementor-widget-container\">\n\t\t\t\t\t\t\t\t\t<p class=\"western\" align=\"justify\"><span style=\"color: #000000;\"><span style=\"font-family: Arial, serif;\"><span style=\"font-size: medium;\">La Corporaci\u00f3n Aut\u00f3noma Regional de Cundinamarca (CAR) ha dado a conocer una importante inversi\u00f3n de recursos destinada a seis municipios de Boyac\u00e1, con el objetivo de impulsar proyectos prioritarios que contribuyan al desarrollo sostenible de la regi\u00f3n. El anuncio se realiz\u00f3 en el marco de la formulaci\u00f3n del Plan de Acci\u00f3n Cuatrienal (PAC) 2024-2027, durante una mesa de trabajo llevada a cabo el 15 de febrero en Chiquinquir\u00e1.<\/span><\/span><\/span><\/p><p class=\"western\" align=\"justify\"><span style=\"color: #000000;\"><span style=\"font-family: Arial, serif;\"><span style=\"font-size: medium;\">Los municipios beneficiados con esta iniciativa son Caldas, Chiquinquir\u00e1, Buenavista, R\u00e1quira, San Miguel de Sema y Saboy\u00e1, los cuales recibir\u00e1n una atenci\u00f3n especial por parte de la CAR. Entre las acciones destacadas se encuentra la entrega de tanques de Lluvia para la Vida, con la condici\u00f3n de que en cada municipio se siembren al menos 500 \u00e1rboles como parte de la creaci\u00f3n de cercas vivas, promoviendo as\u00ed la conservaci\u00f3n ambiental y la reforestaci\u00f3n.<\/span><\/span><\/span><\/p><p class=\"western\" align=\"justify\"><span style=\"color: #000000;\"><span style=\"font-family: Arial, serif;\"><span style=\"font-size: medium;\">La mesa de trabajo resalt\u00f3 la importancia de abrir una discusi\u00f3n social para abordar la planificaci\u00f3n de los proyectos de Plantas de Tratamiento de Aguas Residuales (PTAR) en aquellos municipios que a\u00fan no cuentan con estas instalaciones cruciales para el manejo responsable del recurso h\u00eddrico.<\/span><\/span><\/span><\/p><p class=\"western\" align=\"justify\"><span style=\"color: #000000;\"><span style=\"font-family: Arial, serif;\"><span style=\"font-size: medium;\">Asimismo, se subray\u00f3 el compromiso de la CAR con los alcaldes y habitantes de los seis municipios, garantizando compensaciones por servicios que contribuyan a la conservaci\u00f3n de los p\u00e1ramos, \u00e1reas fundamentales para la biodiversidad y el equilibrio h\u00eddrico en la regi\u00f3n. Se destac\u00f3 especialmente el impulso de un proyecto de pozo profundo en el municipio de Caldas, con una inversi\u00f3n estimada de $5.000 millones, destinado a fortalecer la infraestructura h\u00eddrica de la localidad.<\/span><\/span><\/span><\/p><p class=\"western\" align=\"justify\"><span style=\"color: #000000;\"><span style=\"font-family: Arial, serif;\"><span style=\"font-size: medium;\">La CAR Cundinamarca reafirma su compromiso con el desarrollo sostenible de la regi\u00f3n, enfoc\u00e1ndose en proyectos que no solo impulsen la econom\u00eda local sino que tambi\u00e9n promuevan la conservaci\u00f3n del medio ambiente y la participaci\u00f3n activa de las comunidades. La ejecuci\u00f3n de presupuestos participativos, la adquisici\u00f3n de predios con participaci\u00f3n comunitaria y la transparencia en la gesti\u00f3n de recursos son elementos clave que se enfatizaron durante la mesa de trabajo, marcando el camino hacia un futuro m\u00e1s pr\u00f3spero y equitativo para todos los habitantes de estos seis municipios boyacenses.<\/span><\/span><\/span><\/p>\t\t\t\t\t\t\t\t<\/div>\n\t\t\t\t<\/div>\n\t\t\t\t\t<\/div>\n\t\t<\/div>\n\t\t\t\t\t<\/div>\n\t\t<\/section>\n\t\t\t\t<\/div>\n\t\t","protected":false},"excerpt":{"rendered":"<p>Foto: Car Cundinamarca La Corporaci\u00f3n Aut\u00f3noma Regional de Cundinamarca (CAR) ha dado a conocer una importante inversi\u00f3n de<\/p>\n","protected":false},"author":1,"featured_media":16076,"comment_status":"open","ping_status":"open","sticky":false,"template":"","format":"image","meta":{"om_disable_all_campaigns":false,"_monsterinsights_skip_tracking":false,"_monsterinsights_sitenote_active":false,"_monsterinsights_sitenote_note":"","_monsterinsights_sitenote_category":0,"footnotes":""},"categories":[5],"tags":[10],"class_list":["post-16070","post","type-post","status-publish","format-image","has-post-thumbnail","hentry","category-boyaca","tag-noticias","post_format-post-format-image"],"aioseo_notices":[],"_links":{"self":[{"href":"https:\/\/www.boyacaleinforma.com\/index.php?rest_route=\/wp\/v2\/posts\/16070","targetHints":{"allow":["GET"]}}],"collection":[{"href":"https:\/\/www.boyacaleinforma.com\/index.php?rest_route=\/wp\/v2\/posts"}],"about":[{"href":"https:\/\/www.boyacaleinforma.com\/index.php?rest_route=\/wp\/v2\/types\/post"}],"author":[{"embeddable":true,"href":"https:\/\/www.boyacaleinforma.com\/index.php?rest_route=\/wp\/v2\/users\/1"}],"replies":[{"embeddable":true,"href":"https:\/\/www.boyacaleinforma.com\/index.php?rest_route=%2Fwp%2Fv2%2Fcomments&post=16070"}],"version-history":[{"count":0,"href":"https:\/\/www.boyacaleinforma.com\/index.php?rest_route=\/wp\/v2\/posts\/16070\/revisions"}],"wp:featuredmedia":[{"embeddable":true,"href":"https:\/\/www.boyacaleinforma.com\/index.php?rest_route=\/wp\/v2\/media\/16076"}],"wp:attachment":[{"href":"https:\/\/www.boyacaleinforma.com\/index.php?rest_route=%2Fwp%2Fv2%2Fmedia&parent=16070"}],"wp:term":[{"taxonomy":"category","embeddable":true,"href":"https:\/\/www.boyacaleinforma.com\/index.php?rest_route=%2Fwp%2Fv2%2Fcategories&post=16070"},{"taxonomy":"post_tag","embeddable":true,"href":"https:\/\/www.boyacaleinforma.com\/index.php?rest_route=%2Fwp%2Fv2%2Ftags&post=16070"}],"curies":[{"name":"wp","href":"https:\/\/api.w.org\/{rel}","templated":true}]}}