{"id":16071,"date":"2024-02-15T21:26:47","date_gmt":"2024-02-16T02:26:47","guid":{"rendered":"https:\/\/www.boyacaleinforma.com\/?p=16071"},"modified":"2024-02-15T21:43:52","modified_gmt":"2024-02-16T02:43:52","slug":"supersalud-ratifica-multas-por-920-millones-a-tres-eps-por-incumplir-compromisos-de-pago-con-hospitales-y-clinicas-copy-copy-copy-copy-copy","status":"publish","type":"post","link":"https:\/\/www.boyacaleinforma.com\/?p=16071","title":{"rendered":"Empresarios de Boyac\u00e1 urge la consolidaci\u00f3n de un aeropuerto de carga para fomentar exportaciones"},"content":{"rendered":"\t\t<div data-elementor-type=\"wp-post\" data-elementor-id=\"16071\" class=\"elementor elementor-16071\" data-elementor-post-type=\"post\">\n\t\t\t\t\t\t<section class=\"elementor-section elementor-top-section elementor-element elementor-element-62b311ee elementor-section-boxed elementor-section-height-default elementor-section-height-default\" data-id=\"62b311ee\" data-element_type=\"section\" data-e-type=\"section\">\n\t\t\t\t\t\t<div class=\"elementor-container elementor-column-gap-default\">\n\t\t\t\t\t<div class=\"elementor-column elementor-col-100 elementor-top-column elementor-element elementor-element-22e424c5\" data-id=\"22e424c5\" data-element_type=\"column\" data-e-type=\"column\">\n\t\t\t<div class=\"elementor-widget-wrap elementor-element-populated\">\n\t\t\t\t\t\t<div class=\"elementor-element elementor-element-7799c32 elementor-widget elementor-widget-image\" data-id=\"7799c32\" data-element_type=\"widget\" data-e-type=\"widget\" data-widget_type=\"image.default\">\n\t\t\t\t<div class=\"elementor-widget-container\">\n\t\t\t\t\t\t\t\t\t\t\t\t<figure class=\"wp-caption\">\n\t\t\t\t\t\t\t\t\t\t<img loading=\"lazy\" width=\"640\" height=\"427\" src=\"https:\/\/www.boyacaleinforma.com\/wp-content\/uploads\/2024\/02\/gober-1-768x512.jpg\" class=\"attachment-medium_large size-medium_large wp-image-16080\" alt=\"gober\" srcset=\"https:\/\/www.boyacaleinforma.com\/wp-content\/uploads\/2024\/02\/gober-1-768x512.jpg 768w, https:\/\/www.boyacaleinforma.com\/wp-content\/uploads\/2024\/02\/gober-1-300x200.jpg 300w, https:\/\/www.boyacaleinforma.com\/wp-content\/uploads\/2024\/02\/gober-1-1024x682.jpg 1024w, https:\/\/www.boyacaleinforma.com\/wp-content\/uploads\/2024\/02\/gober-1.jpg 1280w\" sizes=\"auto, (max-width: 640px) 100vw, 640px\" loading=\"lazy\" decoding=\"async\" \/>\t\t\t\t\t\t\t\t\t\t\t<figcaption class=\"widget-image-caption wp-caption-text\">Foto: Gobernaci\u00f3n de Boyac\u00e1<\/figcaption>\n\t\t\t\t\t\t\t\t\t\t<\/figure>\n\t\t\t\t\t\t\t\t\t<\/div>\n\t\t\t\t<\/div>\n\t\t\t\t<div class=\"elementor-element elementor-element-16316330 elementor-widget elementor-widget-text-editor\" data-id=\"16316330\" data-element_type=\"widget\" data-e-type=\"widget\" data-widget_type=\"text-editor.default\">\n\t\t\t\t<div class=\"elementor-widget-container\">\n\t\t\t\t\t\t\t\t\t<p class=\"western\" align=\"justify\"><span style=\"color: #000000;\"><span style=\"font-family: Arial, serif;\"><span style=\"font-size: medium;\">En un encuentro empresarial celebrado este mi\u00e9rcoles 14 de febrero en Tunja, en el contexto de la elaboraci\u00f3n del Plan de Desarrollo de Boyac\u00e1, los empresarios de la regi\u00f3n han expresado de manera contundente la necesidad urgente de contar con un aeropuerto de carga y una log\u00edstica operativa eficiente que impulse las exportaciones y reduzca la dependencia de intermediarios.<\/span><\/span><\/span><\/p><p class=\"western\" align=\"justify\"><span style=\"color: #000000;\"><span style=\"font-family: Arial, serif;\"><span style=\"font-size: medium;\">Agust\u00edn Dallos, reconocido floricultor dedicado a la producci\u00f3n de flores para exportaci\u00f3n, fue uno de los empresarios que destac\u00f3 la imperante necesidad de contar con una infraestructura adecuada para el env\u00edo internacional de productos. Enfatiz\u00f3 que el potencial agr\u00edcola de Boyac\u00e1, respaldado por la calidad de tierra y agua de la regi\u00f3n, requiere tres pilares fundamentales: la creaci\u00f3n de un aeropuerto de carga, la adaptaci\u00f3n de cuartos fr\u00edos con una infraestructura completa para facilitar procesos internacionales y la implementaci\u00f3n de bodegas de acopio cercanas a aeropuertos o en \u00e1reas de mayor concentraci\u00f3n productiva.<\/span><\/span><\/span><\/p><p class=\"western\" align=\"justify\"><span style=\"color: #000000;\"><span style=\"font-family: Arial, serif;\"><span style=\"font-size: medium;\">\u00abEl departamento de Boyac\u00e1 con el potencial que tiene, la calidad de tierra y agua, necesita, para m\u00ed, tres pilares fundamentales; uno, un aeropuerto de carga con urgencia donde se puedan exportar estos productos, una adecuaci\u00f3n de cuartos fr\u00edos con toda la infraestructura que nos pueda brindar un buen proceso para poder desarrollar la actividad internacional, hablo por el rengl\u00f3n de la floricultura, lo mismo el de las frutas y muchos otros productos que requieren de una cadena de fr\u00edo. Entonces, se requieren bodegas de acopio cerca al aeropuerto o en aquellos municipios o regiones donde se concentra la mayor producci\u00f3n y donde se tenga toda la log\u00edstica para poder hacer las operaciones\u00bb, explic\u00f3 Dallos durante el encuentro.<\/span><\/span><\/span><\/p><p class=\"western\" align=\"justify\"><span style=\"color: #000000;\"><span style=\"font-family: Arial, serif;\"><span style=\"font-size: medium;\">La iniciativa propuesta por Dallos busca fortalecer la cadena de valor de productos boyacenses, permitiendo a los empresarios locales tener un control m\u00e1s directo sobre el proceso de exportaci\u00f3n y reducir la dependencia de intermediarios. Adem\u00e1s, destac\u00f3 la importancia de internacionalizar los productos boyacenses, a\u00f1adiendo valor agregado para acceder a mercados extranjeros.<\/span><\/span><\/span><\/p><p class=\"western\" align=\"justify\"><span style=\"color: #000000;\"><span style=\"font-family: Arial, serif;\"><span style=\"font-size: medium;\">La propuesta del empresario no solo aborda la construcci\u00f3n de un aeropuerto de carga sino tambi\u00e9n la creaci\u00f3n de infraestructuras y servicios complementarios que fortalezcan la capacidad log\u00edstica de la regi\u00f3n, impulsando as\u00ed la econom\u00eda y el desarrollo sostenible en Boyac\u00e1. La respuesta de las autoridades y la comunidad empresarial ante esta solicitud ser\u00e1 clave para el futuro de la regi\u00f3n en t\u00e9rminos de competitividad y proyecci\u00f3n internacional.<\/span><\/span><\/span><\/p>\t\t\t\t\t\t\t\t<\/div>\n\t\t\t\t<\/div>\n\t\t\t\t\t<\/div>\n\t\t<\/div>\n\t\t\t\t\t<\/div>\n\t\t<\/section>\n\t\t\t\t<\/div>\n\t\t","protected":false},"excerpt":{"rendered":"<p>Foto: Gobernaci\u00f3n de Boyac\u00e1 En un encuentro empresarial celebrado este mi\u00e9rcoles 14 de febrero en Tunja, en el<\/p>\n","protected":false},"author":1,"featured_media":16080,"comment_status":"open","ping_status":"open","sticky":false,"template":"","format":"image","meta":{"om_disable_all_campaigns":false,"_monsterinsights_skip_tracking":false,"_monsterinsights_sitenote_active":false,"_monsterinsights_sitenote_note":"","_monsterinsights_sitenote_category":0,"footnotes":""},"categories":[5],"tags":[10],"class_list":["post-16071","post","type-post","status-publish","format-image","has-post-thumbnail","hentry","category-boyaca","tag-noticias","post_format-post-format-image"],"aioseo_notices":[],"_links":{"self":[{"href":"https:\/\/www.boyacaleinforma.com\/index.php?rest_route=\/wp\/v2\/posts\/16071","targetHints":{"allow":["GET"]}}],"collection":[{"href":"https:\/\/www.boyacaleinforma.com\/index.php?rest_route=\/wp\/v2\/posts"}],"about":[{"href":"https:\/\/www.boyacaleinforma.com\/index.php?rest_route=\/wp\/v2\/types\/post"}],"author":[{"embeddable":true,"href":"https:\/\/www.boyacaleinforma.com\/index.php?rest_route=\/wp\/v2\/users\/1"}],"replies":[{"embeddable":true,"href":"https:\/\/www.boyacaleinforma.com\/index.php?rest_route=%2Fwp%2Fv2%2Fcomments&post=16071"}],"version-history":[{"count":0,"href":"https:\/\/www.boyacaleinforma.com\/index.php?rest_route=\/wp\/v2\/posts\/16071\/revisions"}],"wp:featuredmedia":[{"embeddable":true,"href":"https:\/\/www.boyacaleinforma.com\/index.php?rest_route=\/wp\/v2\/media\/16080"}],"wp:attachment":[{"href":"https:\/\/www.boyacaleinforma.com\/index.php?rest_route=%2Fwp%2Fv2%2Fmedia&parent=16071"}],"wp:term":[{"taxonomy":"category","embeddable":true,"href":"https:\/\/www.boyacaleinforma.com\/index.php?rest_route=%2Fwp%2Fv2%2Fcategories&post=16071"},{"taxonomy":"post_tag","embeddable":true,"href":"https:\/\/www.boyacaleinforma.com\/index.php?rest_route=%2Fwp%2Fv2%2Ftags&post=16071"}],"curies":[{"name":"wp","href":"https:\/\/api.w.org\/{rel}","templated":true}]}}