{"id":16118,"date":"2024-02-19T10:32:29","date_gmt":"2024-02-19T15:32:29","guid":{"rendered":"https:\/\/www.boyacaleinforma.com\/?p=16118"},"modified":"2024-02-19T11:25:33","modified_gmt":"2024-02-19T16:25:33","slug":"boyaca-chico-rompe-la-mala-racha-y-logra-su-primer-triunfo-en-el-torneo-colombiano-copy-copy-copy-copy","status":"publish","type":"post","link":"https:\/\/www.boyacaleinforma.com\/?p=16118","title":{"rendered":"Tensi\u00f3n institucional en Tunja: Rector del Colegio de Boyac\u00e1 acusa de acoso laboral al alcalde"},"content":{"rendered":"\t\t<div data-elementor-type=\"wp-post\" data-elementor-id=\"16118\" class=\"elementor elementor-16118\" data-elementor-post-type=\"post\">\n\t\t\t\t\t\t<section class=\"elementor-section elementor-top-section elementor-element elementor-element-62b311ee elementor-section-boxed elementor-section-height-default elementor-section-height-default\" data-id=\"62b311ee\" data-element_type=\"section\" data-e-type=\"section\">\n\t\t\t\t\t\t<div class=\"elementor-container elementor-column-gap-default\">\n\t\t\t\t\t<div class=\"elementor-column elementor-col-100 elementor-top-column elementor-element elementor-element-22e424c5\" data-id=\"22e424c5\" data-element_type=\"column\" data-e-type=\"column\">\n\t\t\t<div class=\"elementor-widget-wrap elementor-element-populated\">\n\t\t\t\t\t\t<div class=\"elementor-element elementor-element-7799c32 elementor-widget elementor-widget-image\" data-id=\"7799c32\" data-element_type=\"widget\" data-e-type=\"widget\" data-widget_type=\"image.default\">\n\t\t\t\t<div class=\"elementor-widget-container\">\n\t\t\t\t\t\t\t\t\t\t\t\t<figure class=\"wp-caption\">\n\t\t\t\t\t\t\t\t\t\t<img loading=\"lazy\" width=\"640\" height=\"360\" src=\"https:\/\/www.boyacaleinforma.com\/wp-content\/uploads\/2024\/02\/b7d-4-768x432.jpg\" class=\"attachment-medium_large size-medium_large wp-image-16134\" alt=\"b7d\" srcset=\"https:\/\/www.boyacaleinforma.com\/wp-content\/uploads\/2024\/02\/b7d-4-768x432.jpg 768w, https:\/\/www.boyacaleinforma.com\/wp-content\/uploads\/2024\/02\/b7d-4-300x169.jpg 300w, https:\/\/www.boyacaleinforma.com\/wp-content\/uploads\/2024\/02\/b7d-4-1024x576.jpg 1024w, https:\/\/www.boyacaleinforma.com\/wp-content\/uploads\/2024\/02\/b7d-4.jpg 1280w\" sizes=\"auto, (max-width: 640px) 100vw, 640px\" loading=\"lazy\" decoding=\"async\" \/>\t\t\t\t\t\t\t\t\t\t\t<figcaption class=\"widget-image-caption wp-caption-text\">Foto: Boyac\u00e1 Sie7e D\u00edas<\/figcaption>\n\t\t\t\t\t\t\t\t\t\t<\/figure>\n\t\t\t\t\t\t\t\t\t<\/div>\n\t\t\t\t<\/div>\n\t\t\t\t<div class=\"elementor-element elementor-element-16316330 elementor-widget elementor-widget-text-editor\" data-id=\"16316330\" data-element_type=\"widget\" data-e-type=\"widget\" data-widget_type=\"text-editor.default\">\n\t\t\t\t<div class=\"elementor-widget-container\">\n\t\t\t\t\t\t\t\t\t<p class=\"western\" align=\"justify\"><span style=\"color: #000000;\"><span style=\"font-family: Arial, serif;\"><span style=\"font-size: medium;\">El escenario educativo en Tunja se ve sacudido por un pulso entre el rector del Colegio de Boyac\u00e1, Emigdio Parra Arias, y el alcalde de la ciudad, Mikhail Krasnov, desencadenando una disputa que ha llegado a la Procuradur\u00eda y ha sido etiquetada en redes sociales como #Tolditos7d\u00edas.<\/span><\/span><\/span><\/p><p class=\"western\" align=\"justify\"><span style=\"color: #000000;\"><span style=\"font-family: Arial, serif;\"><span style=\"font-size: medium;\">El conflicto se origin\u00f3 cuando el rector Parra Arias present\u00f3 formalmente una queja por acoso laboral ante la Procuradur\u00eda en contra del alcalde Krasnov. El rector alega que el mandatario de Tunja le envi\u00f3 una nota el pasado 5 de enero, solicit\u00e1ndole que renunciara de manera inmediata a su cargo en el Colegio de Boyac\u00e1.<\/span><\/span><\/span><\/p><p class=\"western\" align=\"justify\"><span style=\"color: #000000;\"><span style=\"font-family: Arial, serif;\"><span style=\"font-size: medium;\">La situaci\u00f3n se agrava al revelarse que, el 22 de enero, la direcci\u00f3n general del Colegio de Boyac\u00e1 recibi\u00f3 un correo electr\u00f3nico que, seg\u00fan el rector, se apegaba a los estatutos de la instituci\u00f3n. Este correo solicitaba la convocatoria a una sesi\u00f3n ordinaria del Consejo Directivo del establecimiento p\u00fablico, en la cual el alcalde propondr\u00eda iniciar el proceso de convocatoria p\u00fablica para seleccionar la terna que permitir\u00eda designar a un nuevo rector. Esta propuesta se fundamenta en la percepci\u00f3n de que el cargo de director general-rector es de libre nombramiento y remoci\u00f3n.<\/span><\/span><\/span><\/p><p class=\"western\" align=\"justify\"><span style=\"color: #000000;\"><span style=\"font-family: Arial, serif;\"><span style=\"font-size: medium;\">El enfrentamiento entre el rector y el alcalde no solo ha alcanzado el \u00e1mbito administrativo sino que ha generado reacciones en redes sociales, donde la etiqueta #Tolditos7d\u00edas ha cobrado relevancia, reflejando la atenci\u00f3n y preocupaci\u00f3n de la comunidad educativa y ciudadan\u00eda en general.<\/span><\/span><\/span><\/p><p class=\"western\" align=\"justify\"><span style=\"color: #000000;\"><span style=\"font-family: Arial, serif;\"><span style=\"font-size: medium;\">Este caso plantea interrogantes sobre la independencia de las instituciones educativas y la posible influencia pol\u00edtica en la gesti\u00f3n de cargos clave. La Procuradur\u00eda tendr\u00e1 la tarea de investigar a fondo las alegaciones de acoso laboral y determinar si hay irregularidades en el proceso propuesto por el alcalde para la selecci\u00f3n del nuevo rector.<\/span><\/span><\/span><\/p><p class=\"western\" align=\"justify\"><span style=\"color: #000000;\"><span style=\"font-family: Arial, serif;\"><span style=\"font-size: medium;\">Mientras tanto, la comunidad educativa de Tunja permanece a la expectativa, esperando que la situaci\u00f3n se resuelva de manera justa y transparente, garantizando la estabilidad y la calidad en la gesti\u00f3n educativa del Colegio de Boyac\u00e1.<\/span><\/span><\/span><\/p>\t\t\t\t\t\t\t\t<\/div>\n\t\t\t\t<\/div>\n\t\t\t\t\t<\/div>\n\t\t<\/div>\n\t\t\t\t\t<\/div>\n\t\t<\/section>\n\t\t\t\t<\/div>\n\t\t","protected":false},"excerpt":{"rendered":"<p>Foto: Boyac\u00e1 Sie7e D\u00edas El escenario educativo en Tunja se ve sacudido por un pulso entre el rector<\/p>\n","protected":false},"author":1,"featured_media":16134,"comment_status":"open","ping_status":"open","sticky":false,"template":"","format":"image","meta":{"om_disable_all_campaigns":false,"_monsterinsights_skip_tracking":false,"_monsterinsights_sitenote_active":false,"_monsterinsights_sitenote_note":"","_monsterinsights_sitenote_category":0,"footnotes":""},"categories":[6],"tags":[10],"class_list":["post-16118","post","type-post","status-publish","format-image","has-post-thumbnail","hentry","category-tunja","tag-noticias","post_format-post-format-image"],"aioseo_notices":[],"_links":{"self":[{"href":"https:\/\/www.boyacaleinforma.com\/index.php?rest_route=\/wp\/v2\/posts\/16118","targetHints":{"allow":["GET"]}}],"collection":[{"href":"https:\/\/www.boyacaleinforma.com\/index.php?rest_route=\/wp\/v2\/posts"}],"about":[{"href":"https:\/\/www.boyacaleinforma.com\/index.php?rest_route=\/wp\/v2\/types\/post"}],"author":[{"embeddable":true,"href":"https:\/\/www.boyacaleinforma.com\/index.php?rest_route=\/wp\/v2\/users\/1"}],"replies":[{"embeddable":true,"href":"https:\/\/www.boyacaleinforma.com\/index.php?rest_route=%2Fwp%2Fv2%2Fcomments&post=16118"}],"version-history":[{"count":0,"href":"https:\/\/www.boyacaleinforma.com\/index.php?rest_route=\/wp\/v2\/posts\/16118\/revisions"}],"wp:featuredmedia":[{"embeddable":true,"href":"https:\/\/www.boyacaleinforma.com\/index.php?rest_route=\/wp\/v2\/media\/16134"}],"wp:attachment":[{"href":"https:\/\/www.boyacaleinforma.com\/index.php?rest_route=%2Fwp%2Fv2%2Fmedia&parent=16118"}],"wp:term":[{"taxonomy":"category","embeddable":true,"href":"https:\/\/www.boyacaleinforma.com\/index.php?rest_route=%2Fwp%2Fv2%2Fcategories&post=16118"},{"taxonomy":"post_tag","embeddable":true,"href":"https:\/\/www.boyacaleinforma.com\/index.php?rest_route=%2Fwp%2Fv2%2Ftags&post=16118"}],"curies":[{"name":"wp","href":"https:\/\/api.w.org\/{rel}","templated":true}]}}