{"id":16382,"date":"2024-02-23T08:11:37","date_gmt":"2024-02-23T13:11:37","guid":{"rendered":"https:\/\/www.boyacaleinforma.com\/?p=16382"},"modified":"2024-02-23T08:29:07","modified_gmt":"2024-02-23T13:29:07","slug":"millonarios-recupera-piezas-clave-para-enfrentar-a-patriotas-y-busca-redimirse-en-tunja-copy-copy-copy","status":"publish","type":"post","link":"https:\/\/www.boyacaleinforma.com\/?p=16382","title":{"rendered":"Proyecto ambicioso: La PTAR de Tunja, un esfuerzo conjunto del alcalde y el gobernador de Boyac\u00e1"},"content":{"rendered":"\t\t<div data-elementor-type=\"wp-post\" data-elementor-id=\"16382\" class=\"elementor elementor-16382\" data-elementor-post-type=\"post\">\n\t\t\t\t\t\t<section class=\"elementor-section elementor-top-section elementor-element elementor-element-62b311ee elementor-section-boxed elementor-section-height-default elementor-section-height-default\" data-id=\"62b311ee\" data-element_type=\"section\" data-e-type=\"section\">\n\t\t\t\t\t\t<div class=\"elementor-container elementor-column-gap-default\">\n\t\t\t\t\t<div class=\"elementor-column elementor-col-100 elementor-top-column elementor-element elementor-element-22e424c5\" data-id=\"22e424c5\" data-element_type=\"column\" data-e-type=\"column\">\n\t\t\t<div class=\"elementor-widget-wrap elementor-element-populated\">\n\t\t\t\t\t\t<div class=\"elementor-element elementor-element-7799c32 elementor-widget elementor-widget-image\" data-id=\"7799c32\" data-element_type=\"widget\" data-e-type=\"widget\" data-widget_type=\"image.default\">\n\t\t\t\t<div class=\"elementor-widget-container\">\n\t\t\t\t\t\t\t\t\t\t\t\t<figure class=\"wp-caption\">\n\t\t\t\t\t\t\t\t\t\t<img loading=\"lazy\" width=\"640\" height=\"480\" src=\"https:\/\/www.boyacaleinforma.com\/wp-content\/uploads\/2024\/02\/gober-2-768x576.jpg\" class=\"attachment-medium_large size-medium_large wp-image-16392\" alt=\"gober\" srcset=\"https:\/\/www.boyacaleinforma.com\/wp-content\/uploads\/2024\/02\/gober-2-768x576.jpg 768w, https:\/\/www.boyacaleinforma.com\/wp-content\/uploads\/2024\/02\/gober-2-300x225.jpg 300w, https:\/\/www.boyacaleinforma.com\/wp-content\/uploads\/2024\/02\/gober-2-1024x768.jpg 1024w, https:\/\/www.boyacaleinforma.com\/wp-content\/uploads\/2024\/02\/gober-2-1536x1152.jpg 1536w, https:\/\/www.boyacaleinforma.com\/wp-content\/uploads\/2024\/02\/gober-2.jpg 1600w\" sizes=\"auto, (max-width: 640px) 100vw, 640px\" loading=\"lazy\" decoding=\"async\" \/>\t\t\t\t\t\t\t\t\t\t\t<figcaption class=\"widget-image-caption wp-caption-text\">Foto: Gobernaci\u00f3n de Boyac\u00e1<\/figcaption>\n\t\t\t\t\t\t\t\t\t\t<\/figure>\n\t\t\t\t\t\t\t\t\t<\/div>\n\t\t\t\t<\/div>\n\t\t\t\t<div class=\"elementor-element elementor-element-16316330 elementor-widget elementor-widget-text-editor\" data-id=\"16316330\" data-element_type=\"widget\" data-e-type=\"widget\" data-widget_type=\"text-editor.default\">\n\t\t\t\t<div class=\"elementor-widget-container\">\n\t\t\t\t\t\t\t\t\t<p class=\"western\" align=\"justify\"><span style=\"color: #000000;\"><span style=\"font-family: Arial, serif;\"><span style=\"font-size: medium;\">En un esfuerzo sin precedentes, el alcalde de Tunja y el gobernador de Boyac\u00e1 est\u00e1n uniendo fuerzas para hacer realidad la quinta fase del proyecto de la Planta de Tratamiento de Aguas Residuales (PTAR) de Tunja. En medio de un encuentro con los alcaldes de la provincia Centro y en el contexto de la construcci\u00f3n del Plan de Desarrollo departamental, el gobernador Carlos Amaya revel\u00f3 los detalles sobre c\u00f3mo se financiar\u00e1 este ambicioso proyecto.<\/span><\/span><\/span><\/p><p class=\"western\" align=\"justify\"><span style=\"color: #000000;\"><span style=\"font-family: Arial, serif;\"><span style=\"font-size: medium;\">Seg\u00fan Amaya, la PTAR de Tunja representa una inversi\u00f3n significativa de al menos 30 mil millones de pesos, y la clave para su ejecuci\u00f3n radica en la colaboraci\u00f3n de m\u00faltiples actores y la distribuci\u00f3n adecuada de los aportes econ\u00f3micos. Este proyecto no solo beneficiar\u00e1 a Tunja resolviendo sus problemas de tratamiento de aguas residuales, sino que tambi\u00e9n contribuir\u00e1 a la descontaminaci\u00f3n del r\u00edo Chicamocha y preservar\u00e1 los ecosistemas estrat\u00e9gicos en la regi\u00f3n.<\/span><\/span><\/span><\/p><p class=\"western\" align=\"justify\"><span style=\"color: #000000;\"><span style=\"font-family: Arial, serif;\"><span style=\"font-size: medium;\">Durante el encuentro, Amaya destac\u00f3 la importancia del proyecto no solo para Tunja sino para la regi\u00f3n en su conjunto. Explic\u00f3 detalladamente c\u00f3mo se distribuir\u00edan los aportes econ\u00f3micos y expres\u00f3 su optimismo sobre la posibilidad de concretar el proyecto en un futuro cercano.<\/span><\/span><\/span><\/p><p class=\"western\" align=\"justify\"><span style=\"color: #000000;\"><span style=\"font-family: Arial, serif;\"><span style=\"font-size: medium;\">\u00abEl mensaje que yo quiero dar es que estamos en eso, todav\u00eda no es un hecho. Hay que esperar cerrar los Certificados de Disponibilidad Presupuestal (CDP) y hay que pasarlos; todo tiene un procedimiento, pero si todos lo logramos, el 06 de marzo la Ministra estar\u00e1 firmando en Boyac\u00e1 este proyecto\u00bb, afirm\u00f3 Amaya.<\/span><\/span><\/span><\/p><p class=\"western\" align=\"justify\"><span style=\"color: #000000;\"><span style=\"font-family: Arial, serif;\"><span style=\"font-size: medium;\">El gobernador resalt\u00f3 la necesidad de comprender que la construcci\u00f3n de la PTAR de Tunja no solo beneficia a la ciudad, sino que tambi\u00e9n tiene un impacto positivo en localidades circundantes. \u00abHacer la Planta de Tratamiento de Aguas Residuales de Tunja no es resolverle un problema a Tunja; es ayudar a descontaminar el r\u00edo Chicamocha tambi\u00e9n, es cuidar nuestros ecosistemas estrat\u00e9gicos, es ayudar para que Tuta no sufra tanto Oicat\u00e1 y otros municipios de la regi\u00f3n\u00bb, subray\u00f3.<\/span><\/span><\/span><\/p><p class=\"western\" align=\"justify\"><span style=\"color: #000000;\"><span style=\"font-family: Arial, serif;\"><span style=\"font-size: medium;\">El esfuerzo conjunto entre el alcalde de Tunja y el gobernador de Boyac\u00e1 refleja un compromiso con el medio ambiente y la calidad de vida de los habitantes de la regi\u00f3n. La concreci\u00f3n de este proyecto no solo marcar\u00e1 un hito en el tratamiento de aguas residuales sino que tambi\u00e9n sentar\u00e1 un precedente para futuras colaboraciones en pro del desarrollo sostenible en Boyac\u00e1.<\/span><\/span><\/span><\/p>\t\t\t\t\t\t\t\t<\/div>\n\t\t\t\t<\/div>\n\t\t\t\t\t<\/div>\n\t\t<\/div>\n\t\t\t\t\t<\/div>\n\t\t<\/section>\n\t\t\t\t<\/div>\n\t\t","protected":false},"excerpt":{"rendered":"<p>Foto: Gobernaci\u00f3n de Boyac\u00e1 En un esfuerzo sin precedentes, el alcalde de Tunja y el gobernador de Boyac\u00e1<\/p>\n","protected":false},"author":1,"featured_media":16392,"comment_status":"open","ping_status":"open","sticky":false,"template":"","format":"image","meta":{"om_disable_all_campaigns":false,"_monsterinsights_skip_tracking":false,"_monsterinsights_sitenote_active":false,"_monsterinsights_sitenote_note":"","_monsterinsights_sitenote_category":0,"footnotes":""},"categories":[6],"tags":[10],"class_list":["post-16382","post","type-post","status-publish","format-image","has-post-thumbnail","hentry","category-tunja","tag-noticias","post_format-post-format-image"],"aioseo_notices":[],"_links":{"self":[{"href":"https:\/\/www.boyacaleinforma.com\/index.php?rest_route=\/wp\/v2\/posts\/16382","targetHints":{"allow":["GET"]}}],"collection":[{"href":"https:\/\/www.boyacaleinforma.com\/index.php?rest_route=\/wp\/v2\/posts"}],"about":[{"href":"https:\/\/www.boyacaleinforma.com\/index.php?rest_route=\/wp\/v2\/types\/post"}],"author":[{"embeddable":true,"href":"https:\/\/www.boyacaleinforma.com\/index.php?rest_route=\/wp\/v2\/users\/1"}],"replies":[{"embeddable":true,"href":"https:\/\/www.boyacaleinforma.com\/index.php?rest_route=%2Fwp%2Fv2%2Fcomments&post=16382"}],"version-history":[{"count":0,"href":"https:\/\/www.boyacaleinforma.com\/index.php?rest_route=\/wp\/v2\/posts\/16382\/revisions"}],"wp:featuredmedia":[{"embeddable":true,"href":"https:\/\/www.boyacaleinforma.com\/index.php?rest_route=\/wp\/v2\/media\/16392"}],"wp:attachment":[{"href":"https:\/\/www.boyacaleinforma.com\/index.php?rest_route=%2Fwp%2Fv2%2Fmedia&parent=16382"}],"wp:term":[{"taxonomy":"category","embeddable":true,"href":"https:\/\/www.boyacaleinforma.com\/index.php?rest_route=%2Fwp%2Fv2%2Fcategories&post=16382"},{"taxonomy":"post_tag","embeddable":true,"href":"https:\/\/www.boyacaleinforma.com\/index.php?rest_route=%2Fwp%2Fv2%2Ftags&post=16382"}],"curies":[{"name":"wp","href":"https:\/\/api.w.org\/{rel}","templated":true}]}}