{"id":16384,"date":"2024-02-23T08:11:58","date_gmt":"2024-02-23T13:11:58","guid":{"rendered":"https:\/\/www.boyacaleinforma.com\/?p=16384"},"modified":"2024-02-23T08:25:37","modified_gmt":"2024-02-23T13:25:37","slug":"millonarios-recupera-piezas-clave-para-enfrentar-a-patriotas-y-busca-redimirse-en-tunja-copy-copy-copy-copy-copy","status":"publish","type":"post","link":"https:\/\/www.boyacaleinforma.com\/?p=16384","title":{"rendered":"Van Aert y el Visma Lease a Bike conf\u00edan en arrasar en las Cl\u00e1sicas Belgas"},"content":{"rendered":"\t\t<div data-elementor-type=\"wp-post\" data-elementor-id=\"16384\" class=\"elementor elementor-16384\" data-elementor-post-type=\"post\">\n\t\t\t\t\t\t<section class=\"elementor-section elementor-top-section elementor-element elementor-element-62b311ee elementor-section-boxed elementor-section-height-default elementor-section-height-default\" data-id=\"62b311ee\" data-element_type=\"section\" data-e-type=\"section\">\n\t\t\t\t\t\t<div class=\"elementor-container elementor-column-gap-default\">\n\t\t\t\t\t<div class=\"elementor-column elementor-col-100 elementor-top-column elementor-element elementor-element-22e424c5\" data-id=\"22e424c5\" data-element_type=\"column\" data-e-type=\"column\">\n\t\t\t<div class=\"elementor-widget-wrap elementor-element-populated\">\n\t\t\t\t\t\t<div class=\"elementor-element elementor-element-7799c32 elementor-widget elementor-widget-image\" data-id=\"7799c32\" data-element_type=\"widget\" data-e-type=\"widget\" data-widget_type=\"image.default\">\n\t\t\t\t<div class=\"elementor-widget-container\">\n\t\t\t\t\t\t\t\t\t\t\t\t<figure class=\"wp-caption\">\n\t\t\t\t\t\t\t\t\t\t<img loading=\"lazy\" width=\"275\" height=\"183\" src=\"https:\/\/www.boyacaleinforma.com\/wp-content\/uploads\/2024\/02\/ci-2.jpg\" class=\"attachment-medium_large size-medium_large wp-image-16388\" alt=\"ci\" loading=\"lazy\" decoding=\"async\" \/>\t\t\t\t\t\t\t\t\t\t\t<figcaption class=\"widget-image-caption wp-caption-text\">Foto: Ciclismo Internacional<\/figcaption>\n\t\t\t\t\t\t\t\t\t\t<\/figure>\n\t\t\t\t\t\t\t\t\t<\/div>\n\t\t\t\t<\/div>\n\t\t\t\t<div class=\"elementor-element elementor-element-16316330 elementor-widget elementor-widget-text-editor\" data-id=\"16316330\" data-element_type=\"widget\" data-e-type=\"widget\" data-widget_type=\"text-editor.default\">\n\t\t\t\t<div class=\"elementor-widget-container\">\n\t\t\t\t\t\t\t\t\t<p class=\"western\" align=\"justify\"><span style=\"color: #000000;\"><span style=\"font-family: Arial, serif;\"><span style=\"font-size: medium;\">Se avecina un emocionante fin de semana en B\u00e9lgica con el inicio de la temporada de cl\u00e1sicas belgas, y Wout Van Aert, l\u00edder del equipo Visma Lease a Bike, expresa su confianza en que su equipo se destacar\u00e1 en las pruebas de este s\u00e1bado y domingo, la Omloop Het Nieuwsblad y la Kuurne \u2013 Bruxelles \u2013 Kuurne, respectivamente.<\/span><\/span><\/span><\/p><p class=\"western\" align=\"justify\"><span style=\"color: #000000;\"><span style=\"font-family: Arial, serif;\"><span style=\"font-size: medium;\">A pesar de se\u00f1alar que su mejor forma no se manifestar\u00e1 completamente hasta dentro de un mes y medio, Van Aert, ciclista belga destacado, tiene la mira puesta en levantar los brazos en dos monumentos importantes m\u00e1s adelante en el a\u00f1o: el Tour de Flandes y Paris \u2013 Roubaix.<\/span><\/span><\/span><\/p><p class=\"western\" align=\"justify\"><span style=\"color: #000000;\"><span style=\"font-family: Arial, serif;\"><span style=\"font-size: medium;\">La confianza de Van Aert para el fin de semana inaugural belga radica en el poderoso equipo que lo acompa\u00f1ar\u00e1. El Visma Lease a Bike se presenta con una alineaci\u00f3n estelar que incluye a Jan Tratnik, Tiesj Benoot, Dylan van Baarle, Christophe Laporte y Matteo Jorgenson. Van Aert destaca la fuerza de este conjunto de ciclistas y muestra optimismo al afirmar: \u00abEs un equipo tremendamente fuerte si todos est\u00e1n en su nivel normal\u00bb.<\/span><\/span><\/span><\/p><p class=\"western\" align=\"justify\"><span style=\"color: #000000;\"><span style=\"font-family: Arial, serif;\"><span style=\"font-size: medium;\">El ciclista belga, que se ha destacado en diversas disciplinas del ciclismo, desde carreras cl\u00e1sicas hasta contrarreloj, est\u00e1 decidido a iniciar la temporada con buen pie y establecer una base s\u00f3lida para los desaf\u00edos que se avecinan.<\/span><\/span><\/span><\/p><p class=\"western\" align=\"justify\"><span style=\"color: #000000;\"><span style=\"font-family: Arial, serif;\"><span style=\"font-size: medium;\">\u00abEste fin de semana es crucial para nosotros. Queremos demostrar que estamos en excelente forma y listos para competir al m\u00e1s alto nivel\u00bb, declar\u00f3 Van Aert en una rueda de prensa previa al evento. \u00abLas cl\u00e1sicas belgas son especiales para m\u00ed, y ganar en casa siempre tiene un sabor especial\u00bb.<\/span><\/span><\/span><\/p><p class=\"western\" align=\"justify\"><span style=\"color: #000000;\"><span style=\"font-family: Arial, serif;\"><span style=\"font-size: medium;\">La expectaci\u00f3n en torno al desempe\u00f1o del equipo Visma Lease a Bike ha ido en aumento, y los aficionados esperan con entusiasmo ver c\u00f3mo se desenvuelven Van Aert y sus compa\u00f1eros de equipo en estas prestigiosas competiciones. La Omloop Het Nieuwsblad y la Kuurne \u2013 Bruxelles \u2013 Kuurne prometen emociones intensas, y la confianza de Van Aert respalda la ambici\u00f3n del equipo de dejar su huella en el inicio de la temporada de cl\u00e1sicas belgas.<\/span><\/span><\/span><\/p>\t\t\t\t\t\t\t\t<\/div>\n\t\t\t\t<\/div>\n\t\t\t\t\t<\/div>\n\t\t<\/div>\n\t\t\t\t\t<\/div>\n\t\t<\/section>\n\t\t\t\t<\/div>\n\t\t","protected":false},"excerpt":{"rendered":"<p>Foto: Ciclismo Internacional Se avecina un emocionante fin de semana en B\u00e9lgica con el inicio de la temporada<\/p>\n","protected":false},"author":1,"featured_media":16388,"comment_status":"open","ping_status":"open","sticky":false,"template":"","format":"image","meta":{"om_disable_all_campaigns":false,"_monsterinsights_skip_tracking":false,"_monsterinsights_sitenote_active":false,"_monsterinsights_sitenote_note":"","_monsterinsights_sitenote_category":0,"footnotes":""},"categories":[7],"tags":[10],"class_list":["post-16384","post","type-post","status-publish","format-image","has-post-thumbnail","hentry","category-deportes","tag-noticias","post_format-post-format-image"],"aioseo_notices":[],"_links":{"self":[{"href":"https:\/\/www.boyacaleinforma.com\/index.php?rest_route=\/wp\/v2\/posts\/16384","targetHints":{"allow":["GET"]}}],"collection":[{"href":"https:\/\/www.boyacaleinforma.com\/index.php?rest_route=\/wp\/v2\/posts"}],"about":[{"href":"https:\/\/www.boyacaleinforma.com\/index.php?rest_route=\/wp\/v2\/types\/post"}],"author":[{"embeddable":true,"href":"https:\/\/www.boyacaleinforma.com\/index.php?rest_route=\/wp\/v2\/users\/1"}],"replies":[{"embeddable":true,"href":"https:\/\/www.boyacaleinforma.com\/index.php?rest_route=%2Fwp%2Fv2%2Fcomments&post=16384"}],"version-history":[{"count":0,"href":"https:\/\/www.boyacaleinforma.com\/index.php?rest_route=\/wp\/v2\/posts\/16384\/revisions"}],"wp:featuredmedia":[{"embeddable":true,"href":"https:\/\/www.boyacaleinforma.com\/index.php?rest_route=\/wp\/v2\/media\/16388"}],"wp:attachment":[{"href":"https:\/\/www.boyacaleinforma.com\/index.php?rest_route=%2Fwp%2Fv2%2Fmedia&parent=16384"}],"wp:term":[{"taxonomy":"category","embeddable":true,"href":"https:\/\/www.boyacaleinforma.com\/index.php?rest_route=%2Fwp%2Fv2%2Fcategories&post=16384"},{"taxonomy":"post_tag","embeddable":true,"href":"https:\/\/www.boyacaleinforma.com\/index.php?rest_route=%2Fwp%2Fv2%2Ftags&post=16384"}],"curies":[{"name":"wp","href":"https:\/\/api.w.org\/{rel}","templated":true}]}}