{"id":16385,"date":"2024-02-23T08:12:07","date_gmt":"2024-02-23T13:12:07","guid":{"rendered":"https:\/\/www.boyacaleinforma.com\/?p=16385"},"modified":"2024-02-23T08:23:56","modified_gmt":"2024-02-23T13:23:56","slug":"millonarios-recupera-piezas-clave-para-enfrentar-a-patriotas-y-busca-redimirse-en-tunja-copy-copy-copy-copy-copy-copy","status":"publish","type":"post","link":"https:\/\/www.boyacaleinforma.com\/?p=16385","title":{"rendered":"Fallo judicial ordena suspensi\u00f3n inmediata de explotaciones mineras ilegales en Socha"},"content":{"rendered":"\t\t<div data-elementor-type=\"wp-post\" data-elementor-id=\"16385\" class=\"elementor elementor-16385\" data-elementor-post-type=\"post\">\n\t\t\t\t\t\t<section class=\"elementor-section elementor-top-section elementor-element elementor-element-62b311ee elementor-section-boxed elementor-section-height-default elementor-section-height-default\" data-id=\"62b311ee\" data-element_type=\"section\" data-e-type=\"section\">\n\t\t\t\t\t\t<div class=\"elementor-container elementor-column-gap-default\">\n\t\t\t\t\t<div class=\"elementor-column elementor-col-100 elementor-top-column elementor-element elementor-element-22e424c5\" data-id=\"22e424c5\" data-element_type=\"column\" data-e-type=\"column\">\n\t\t\t<div class=\"elementor-widget-wrap elementor-element-populated\">\n\t\t\t\t\t\t<div class=\"elementor-element elementor-element-7799c32 elementor-widget elementor-widget-image\" data-id=\"7799c32\" data-element_type=\"widget\" data-e-type=\"widget\" data-widget_type=\"image.default\">\n\t\t\t\t<div class=\"elementor-widget-container\">\n\t\t\t\t\t\t\t\t\t\t\t\t<figure class=\"wp-caption\">\n\t\t\t\t\t\t\t\t\t\t<img loading=\"lazy\" width=\"225\" height=\"225\" src=\"https:\/\/www.boyacaleinforma.com\/wp-content\/uploads\/2024\/02\/rev-sem.jpg\" class=\"attachment-medium_large size-medium_large wp-image-16393\" alt=\"rev sem\" srcset=\"https:\/\/www.boyacaleinforma.com\/wp-content\/uploads\/2024\/02\/rev-sem.jpg 225w, https:\/\/www.boyacaleinforma.com\/wp-content\/uploads\/2024\/02\/rev-sem-150x150.jpg 150w\" sizes=\"auto, (max-width: 225px) 100vw, 225px\" loading=\"lazy\" decoding=\"async\" \/>\t\t\t\t\t\t\t\t\t\t\t<figcaption class=\"widget-image-caption wp-caption-text\">Foto: Revista Semana<\/figcaption>\n\t\t\t\t\t\t\t\t\t\t<\/figure>\n\t\t\t\t\t\t\t\t\t<\/div>\n\t\t\t\t<\/div>\n\t\t\t\t<div class=\"elementor-element elementor-element-16316330 elementor-widget elementor-widget-text-editor\" data-id=\"16316330\" data-element_type=\"widget\" data-e-type=\"widget\" data-widget_type=\"text-editor.default\">\n\t\t\t\t<div class=\"elementor-widget-container\">\n\t\t\t\t\t\t\t\t\t<p class=\"western\" align=\"justify\"><span style=\"color: #000000;\"><span style=\"font-family: Arial, serif;\"><span style=\"font-size: medium;\">En un contundente fallo judicial, se ha ordenado la suspensi\u00f3n inmediata de las explotaciones mineras ilegales que se llevan a cabo en la vereda Curital del municipio boyacense de Socha. La decisi\u00f3n, dirigida al alcalde del municipio, responde a una demanda presentada por un ciudadano preocupado por la actividad minera no autorizada que ha causado da\u00f1o ambiental irreversible en la regi\u00f3n.<\/span><\/span><\/span><\/p><p class=\"western\" align=\"justify\"><span style=\"color: #000000;\"><span style=\"font-family: Arial, serif;\"><span style=\"font-size: medium;\">El demandante, cuya identidad no ha sido revelada, alert\u00f3 sobre la ejecuci\u00f3n de trabajos de miner\u00eda ilegal en la vereda Curital durante m\u00e1s de dos a\u00f1os, subrayando la ausencia de un t\u00edtulo inscrito para la explotaci\u00f3n de carb\u00f3n en la zona. El fallo del juez destaca la necesidad de coordinar con otras entidades estatales para evitar posibles acciones de hecho durante el proceso de sellamiento de las operaciones mineras il\u00edcitas.<\/span><\/span><\/span><\/p><p class=\"western\" align=\"justify\"><span style=\"color: #000000;\"><span style=\"font-family: Arial, serif;\"><span style=\"font-size: medium;\">La sentencia aclara que no se ha demostrado negligencia u omisi\u00f3n por parte de la autoridad municipal, ya que el demandante reconoci\u00f3 la coordinaci\u00f3n con las autoridades ambientales y el municipio para suspender o cerrar la actividad minera. Sin embargo, el fallo destaca una err\u00f3nea interpretaci\u00f3n por parte del juez de primera instancia en cuanto a la imperatividad e inobjetabilidad del deber jur\u00eddico de la autoridad municipal.<\/span><\/span><\/span><\/p><p class=\"western\" align=\"justify\"><span style=\"color: #000000;\"><span style=\"font-family: Arial, serif;\"><span style=\"font-size: medium;\">La Sala de Decisi\u00f3n del Tribunal enfatiz\u00f3 que el procedimiento que rige el art\u00edculo 306 del C\u00f3digo de Minas, al cual hace referencia la demanda, es un proceso administrativo en el que la autoridad de polic\u00eda debe actuar de manera inmediata ante la notificaci\u00f3n de actividades il\u00edcitas. Contrariamente, el art\u00edculo 307 y siguientes se refieren a un mecanismo de amparo diferente y totalmente independiente.<\/span><\/span><\/span><\/p><p class=\"western\" align=\"justify\"><span style=\"color: #000000;\"><span style=\"font-family: Arial, serif;\"><span style=\"font-size: medium;\">El fallo resalta la necesidad de que el alcalde cumpla con el art\u00edculo 306 del C\u00f3digo de Minas, un mandato que impone una obligaci\u00f3n de cumplimiento permanente. Es decir, la suspensi\u00f3n de las explotaciones ilegales debe ejecutarse cada vez que se tenga conocimiento, ya sea directamente o por aviso de un tercero, de la pr\u00e1ctica il\u00edcita en los yacimientos estatales.<\/span><\/span><\/span><\/p><p class=\"western\" align=\"justify\"><span style=\"color: #000000;\"><span style=\"font-family: Arial, serif;\"><span style=\"font-size: medium;\">En este contexto, el Tribunal hace hincapi\u00e9 en que la orden judicial busca garantizar el respeto al dominio estatal sobre los yacimientos y proteger el inter\u00e9s general. La sentencia marca un precedente en la lucha contra la miner\u00eda ilegal y destaca la importancia de la pronta y efectiva intervenci\u00f3n de las autoridades para preservar el medio ambiente y los recursos naturales en la regi\u00f3n de Socha.<\/span><\/span><\/span><\/p>\t\t\t\t\t\t\t\t<\/div>\n\t\t\t\t<\/div>\n\t\t\t\t\t<\/div>\n\t\t<\/div>\n\t\t\t\t\t<\/div>\n\t\t<\/section>\n\t\t\t\t<\/div>\n\t\t","protected":false},"excerpt":{"rendered":"<p>Foto: Revista Semana En un contundente fallo judicial, se ha ordenado la suspensi\u00f3n inmediata de las explotaciones mineras<\/p>\n","protected":false},"author":1,"featured_media":16393,"comment_status":"open","ping_status":"open","sticky":false,"template":"","format":"image","meta":{"om_disable_all_campaigns":false,"_monsterinsights_skip_tracking":false,"_monsterinsights_sitenote_active":false,"_monsterinsights_sitenote_note":"","_monsterinsights_sitenote_category":0,"footnotes":""},"categories":[8],"tags":[10],"class_list":["post-16385","post","type-post","status-publish","format-image","has-post-thumbnail","hentry","category-judicial","tag-noticias","post_format-post-format-image"],"aioseo_notices":[],"_links":{"self":[{"href":"https:\/\/www.boyacaleinforma.com\/index.php?rest_route=\/wp\/v2\/posts\/16385","targetHints":{"allow":["GET"]}}],"collection":[{"href":"https:\/\/www.boyacaleinforma.com\/index.php?rest_route=\/wp\/v2\/posts"}],"about":[{"href":"https:\/\/www.boyacaleinforma.com\/index.php?rest_route=\/wp\/v2\/types\/post"}],"author":[{"embeddable":true,"href":"https:\/\/www.boyacaleinforma.com\/index.php?rest_route=\/wp\/v2\/users\/1"}],"replies":[{"embeddable":true,"href":"https:\/\/www.boyacaleinforma.com\/index.php?rest_route=%2Fwp%2Fv2%2Fcomments&post=16385"}],"version-history":[{"count":0,"href":"https:\/\/www.boyacaleinforma.com\/index.php?rest_route=\/wp\/v2\/posts\/16385\/revisions"}],"wp:featuredmedia":[{"embeddable":true,"href":"https:\/\/www.boyacaleinforma.com\/index.php?rest_route=\/wp\/v2\/media\/16393"}],"wp:attachment":[{"href":"https:\/\/www.boyacaleinforma.com\/index.php?rest_route=%2Fwp%2Fv2%2Fmedia&parent=16385"}],"wp:term":[{"taxonomy":"category","embeddable":true,"href":"https:\/\/www.boyacaleinforma.com\/index.php?rest_route=%2Fwp%2Fv2%2Fcategories&post=16385"},{"taxonomy":"post_tag","embeddable":true,"href":"https:\/\/www.boyacaleinforma.com\/index.php?rest_route=%2Fwp%2Fv2%2Ftags&post=16385"}],"curies":[{"name":"wp","href":"https:\/\/api.w.org\/{rel}","templated":true}]}}