{"id":16386,"date":"2024-02-23T08:12:31","date_gmt":"2024-02-23T13:12:31","guid":{"rendered":"https:\/\/www.boyacaleinforma.com\/?p=16386"},"modified":"2024-02-23T08:22:10","modified_gmt":"2024-02-23T13:22:10","slug":"millonarios-recupera-piezas-clave-para-enfrentar-a-patriotas-y-busca-redimirse-en-tunja-copy-copy-copy-copy-copy-copy-copy","status":"publish","type":"post","link":"https:\/\/www.boyacaleinforma.com\/?p=16386","title":{"rendered":"Abogado que retir\u00f3 demanda contra alcalde de Tunja es requerido por el Tribunal de Boyac\u00e1"},"content":{"rendered":"\t\t<div data-elementor-type=\"wp-post\" data-elementor-id=\"16386\" class=\"elementor elementor-16386\" data-elementor-post-type=\"post\">\n\t\t\t\t\t\t<section class=\"elementor-section elementor-top-section elementor-element elementor-element-62b311ee elementor-section-boxed elementor-section-height-default elementor-section-height-default\" data-id=\"62b311ee\" data-element_type=\"section\" data-e-type=\"section\">\n\t\t\t\t\t\t<div class=\"elementor-container elementor-column-gap-default\">\n\t\t\t\t\t<div class=\"elementor-column elementor-col-100 elementor-top-column elementor-element elementor-element-22e424c5\" data-id=\"22e424c5\" data-element_type=\"column\" data-e-type=\"column\">\n\t\t\t<div class=\"elementor-widget-wrap elementor-element-populated\">\n\t\t\t\t\t\t<div class=\"elementor-element elementor-element-7799c32 elementor-widget elementor-widget-image\" data-id=\"7799c32\" data-element_type=\"widget\" data-e-type=\"widget\" data-widget_type=\"image.default\">\n\t\t\t\t<div class=\"elementor-widget-container\">\n\t\t\t\t\t\t\t\t\t\t\t\t<figure class=\"wp-caption\">\n\t\t\t\t\t\t\t\t\t\t<img loading=\"lazy\" width=\"640\" height=\"360\" src=\"https:\/\/www.boyacaleinforma.com\/wp-content\/uploads\/2024\/02\/semana-3-768x432.jpg\" class=\"attachment-medium_large size-medium_large wp-image-16394\" alt=\"semana\" srcset=\"https:\/\/www.boyacaleinforma.com\/wp-content\/uploads\/2024\/02\/semana-3-768x432.jpg 768w, https:\/\/www.boyacaleinforma.com\/wp-content\/uploads\/2024\/02\/semana-3-300x169.jpg 300w, https:\/\/www.boyacaleinforma.com\/wp-content\/uploads\/2024\/02\/semana-3-1024x576.jpg 1024w, https:\/\/www.boyacaleinforma.com\/wp-content\/uploads\/2024\/02\/semana-3-1536x864.jpg 1536w, https:\/\/www.boyacaleinforma.com\/wp-content\/uploads\/2024\/02\/semana-3.jpg 1920w\" sizes=\"auto, (max-width: 640px) 100vw, 640px\" loading=\"lazy\" decoding=\"async\" \/>\t\t\t\t\t\t\t\t\t\t\t<figcaption class=\"widget-image-caption wp-caption-text\">Foto: Semana<\/figcaption>\n\t\t\t\t\t\t\t\t\t\t<\/figure>\n\t\t\t\t\t\t\t\t\t<\/div>\n\t\t\t\t<\/div>\n\t\t\t\t<div class=\"elementor-element elementor-element-16316330 elementor-widget elementor-widget-text-editor\" data-id=\"16316330\" data-element_type=\"widget\" data-e-type=\"widget\" data-widget_type=\"text-editor.default\">\n\t\t\t\t<div class=\"elementor-widget-container\">\n\t\t\t\t\t\t\t\t\t<p class=\"western\" align=\"justify\"><span style=\"color: #000000;\"><span style=\"font-family: Arial, serif;\"><span style=\"font-size: medium;\">En una sorprendente vuelta de acontecimientos, Juan Sebasti\u00e1n Ram\u00edrez Garc\u00eda, el abogado que previamente hab\u00eda interpuesto una demanda de nulidad electoral contra el alcalde de Tunja, Mikhail Krasnov, ha vuelto a captar la atenci\u00f3n p\u00fablica. Esta vez, el Tribunal de Boyac\u00e1 ha requerido su presencia para esclarecer los motivos detr\u00e1s de la repentina retirada de la demanda y la firma de un contrato con la empresa Ecovivienda apenas tres d\u00edas despu\u00e9s.<\/span><\/span><\/span><\/p><p class=\"western\" align=\"justify\"><span style=\"color: #000000;\"><span style=\"font-family: Arial, serif;\"><span style=\"font-size: medium;\">Ram\u00edrez Garc\u00eda retir\u00f3 la demanda el 2 de febrero, generando especulaciones y cuestionamientos sobre los motivos detr\u00e1s de esta decisi\u00f3n. No obstante, el 5 de febrero, sorprendentemente, el abogado formaliz\u00f3 un contrato con Ecovivienda para prestar servicios profesionales en relaci\u00f3n con los proyectos Estancia del Roble y Torres del Parque en Tunja.<\/span><\/span><\/span><\/p><p class=\"western\" align=\"justify\"><span style=\"color: #000000;\"><span style=\"font-family: Arial, serif;\"><span style=\"font-size: medium;\">El contrato, valuado en $54.285.000 y con una duraci\u00f3n de 10 meses y 11 d\u00edas, establece que Ram\u00edrez Garc\u00eda actuar\u00e1 como abogado para llevar a cabo la negociaci\u00f3n con los beneficiarios de los mencionados proyectos, brindar\u00e1 apoyo jur\u00eddico en la elaboraci\u00f3n de resoluciones t\u00e9cnicas y administrativas, emitir\u00e1 conceptos jur\u00eddicos sobre Peticiones, Quejas y Reclamos, y fungir\u00e1 como enlace con la Alcald\u00eda Mayor de Tunja.<\/span><\/span><\/span><\/p><p class=\"western\" align=\"justify\"><span style=\"color: #000000;\"><span style=\"font-family: Arial, serif;\"><span style=\"font-size: medium;\">Ante esta situaci\u00f3n, el Tribunal de Boyac\u00e1 ha decidido requerir la presencia de Juan Sebasti\u00e1n Ram\u00edrez Garc\u00eda para esclarecer posibles conflictos de inter\u00e9s y aclarar la conexi\u00f3n entre la retirada de la demanda contra el alcalde y la r\u00e1pida firma del contrato con Ecovivienda.<\/span><\/span><\/span><\/p><p class=\"western\" align=\"justify\"><span style=\"color: #000000;\"><span style=\"font-family: Arial, serif;\"><span style=\"font-size: medium;\">En declaraciones a nuestra redacci\u00f3n, Ram\u00edrez Garc\u00eda defendi\u00f3 su posici\u00f3n, alegando que la retirada de la demanda se bas\u00f3 en \u00abrazones personales y profesionales\u00bb que en ning\u00fan momento estuvieron vinculadas con el contrato posterior con Ecovivienda. \u00abSon dos asuntos completamente independientes\u00bb, afirm\u00f3 el abogado.<\/span><\/span><\/span><\/p><p class=\"western\" align=\"justify\"><span style=\"color: #000000;\"><span style=\"font-family: Arial, serif;\"><span style=\"font-size: medium;\">Por su parte, el alcalde Mikhail Krasnov expres\u00f3 su sorpresa ante estos acontecimientos y afirm\u00f3 que espera que se esclarezcan todas las dudas en torno a este caso. \u00abLa transparencia en la gesti\u00f3n p\u00fablica es esencial, y cualquier situaci\u00f3n que genere dudas debe ser debidamente investigada\u00bb, declar\u00f3 el alcalde.<\/span><\/span><\/span><\/p><p class=\"western\" align=\"justify\"><span style=\"color: #000000;\"><span style=\"font-family: Arial, serif;\"><span style=\"font-size: medium;\">El requerimiento del Tribunal de Boyac\u00e1 pone en el centro de la atenci\u00f3n p\u00fablica este intrigante caso, generando interrogantes sobre la \u00e9tica y la transparencia en las pr\u00e1cticas legales y comerciales que rodean a las figuras p\u00fablicas y sus relaciones con el sector privado.<\/span><\/span><\/span><\/p>\t\t\t\t\t\t\t\t<\/div>\n\t\t\t\t<\/div>\n\t\t\t\t\t<\/div>\n\t\t<\/div>\n\t\t\t\t\t<\/div>\n\t\t<\/section>\n\t\t\t\t<\/div>\n\t\t","protected":false},"excerpt":{"rendered":"<p>Foto: Semana En una sorprendente vuelta de acontecimientos, Juan Sebasti\u00e1n Ram\u00edrez Garc\u00eda, el abogado que previamente hab\u00eda interpuesto<\/p>\n","protected":false},"author":1,"featured_media":16394,"comment_status":"open","ping_status":"open","sticky":false,"template":"","format":"image","meta":{"om_disable_all_campaigns":false,"_monsterinsights_skip_tracking":false,"_monsterinsights_sitenote_active":false,"_monsterinsights_sitenote_note":"","_monsterinsights_sitenote_category":0,"footnotes":""},"categories":[8],"tags":[10],"class_list":["post-16386","post","type-post","status-publish","format-image","has-post-thumbnail","hentry","category-judicial","tag-noticias","post_format-post-format-image"],"aioseo_notices":[],"_links":{"self":[{"href":"https:\/\/www.boyacaleinforma.com\/index.php?rest_route=\/wp\/v2\/posts\/16386","targetHints":{"allow":["GET"]}}],"collection":[{"href":"https:\/\/www.boyacaleinforma.com\/index.php?rest_route=\/wp\/v2\/posts"}],"about":[{"href":"https:\/\/www.boyacaleinforma.com\/index.php?rest_route=\/wp\/v2\/types\/post"}],"author":[{"embeddable":true,"href":"https:\/\/www.boyacaleinforma.com\/index.php?rest_route=\/wp\/v2\/users\/1"}],"replies":[{"embeddable":true,"href":"https:\/\/www.boyacaleinforma.com\/index.php?rest_route=%2Fwp%2Fv2%2Fcomments&post=16386"}],"version-history":[{"count":0,"href":"https:\/\/www.boyacaleinforma.com\/index.php?rest_route=\/wp\/v2\/posts\/16386\/revisions"}],"wp:featuredmedia":[{"embeddable":true,"href":"https:\/\/www.boyacaleinforma.com\/index.php?rest_route=\/wp\/v2\/media\/16394"}],"wp:attachment":[{"href":"https:\/\/www.boyacaleinforma.com\/index.php?rest_route=%2Fwp%2Fv2%2Fmedia&parent=16386"}],"wp:term":[{"taxonomy":"category","embeddable":true,"href":"https:\/\/www.boyacaleinforma.com\/index.php?rest_route=%2Fwp%2Fv2%2Fcategories&post=16386"},{"taxonomy":"post_tag","embeddable":true,"href":"https:\/\/www.boyacaleinforma.com\/index.php?rest_route=%2Fwp%2Fv2%2Ftags&post=16386"}],"curies":[{"name":"wp","href":"https:\/\/api.w.org\/{rel}","templated":true}]}}