{"id":16450,"date":"2024-02-26T06:49:18","date_gmt":"2024-02-26T11:49:18","guid":{"rendered":"https:\/\/www.boyacaleinforma.com\/?p=16450"},"modified":"2024-02-26T07:03:29","modified_gmt":"2024-02-26T12:03:29","slug":"presidente-de-patriotas-denuncia-irregularidades-y-declara-el-campeonato-como-ilegal-copy-copy-copy","status":"publish","type":"post","link":"https:\/\/www.boyacaleinforma.com\/?p=16450","title":{"rendered":"Procuradur\u00eda profiere cargos contra exgerente de Hospital en La Dorada por presunto embargo indebido a EPS"},"content":{"rendered":"\t\t<div data-elementor-type=\"wp-post\" data-elementor-id=\"16450\" class=\"elementor elementor-16450\" data-elementor-post-type=\"post\">\n\t\t\t\t\t\t<section class=\"elementor-section elementor-top-section elementor-element elementor-element-62b311ee elementor-section-boxed elementor-section-height-default elementor-section-height-default\" data-id=\"62b311ee\" data-element_type=\"section\" data-e-type=\"section\">\n\t\t\t\t\t\t<div class=\"elementor-container elementor-column-gap-default\">\n\t\t\t\t\t<div class=\"elementor-column elementor-col-100 elementor-top-column elementor-element elementor-element-22e424c5\" data-id=\"22e424c5\" data-element_type=\"column\" data-e-type=\"column\">\n\t\t\t<div class=\"elementor-widget-wrap elementor-element-populated\">\n\t\t\t\t\t\t<div class=\"elementor-element elementor-element-7799c32 elementor-widget elementor-widget-image\" data-id=\"7799c32\" data-element_type=\"widget\" data-e-type=\"widget\" data-widget_type=\"image.default\">\n\t\t\t\t<div class=\"elementor-widget-container\">\n\t\t\t\t\t\t\t\t\t\t\t\t<figure class=\"wp-caption\">\n\t\t\t\t\t\t\t\t\t\t<img loading=\"lazy\" width=\"640\" height=\"434\" src=\"https:\/\/www.boyacaleinforma.com\/wp-content\/uploads\/2024\/02\/procuraduria-768x521.jpg\" class=\"attachment-medium_large size-medium_large wp-image-16461\" alt=\"procuraduria\" srcset=\"https:\/\/www.boyacaleinforma.com\/wp-content\/uploads\/2024\/02\/procuraduria-768x521.jpg 768w, https:\/\/www.boyacaleinforma.com\/wp-content\/uploads\/2024\/02\/procuraduria-300x204.jpg 300w, https:\/\/www.boyacaleinforma.com\/wp-content\/uploads\/2024\/02\/procuraduria-1024x695.jpg 1024w, https:\/\/www.boyacaleinforma.com\/wp-content\/uploads\/2024\/02\/procuraduria-1536x1042.jpg 1536w, https:\/\/www.boyacaleinforma.com\/wp-content\/uploads\/2024\/02\/procuraduria.jpg 1592w\" sizes=\"auto, (max-width: 640px) 100vw, 640px\" loading=\"lazy\" decoding=\"async\" \/>\t\t\t\t\t\t\t\t\t\t\t<figcaption class=\"widget-image-caption wp-caption-text\">Foto: Procuradur\u00eda<\/figcaption>\n\t\t\t\t\t\t\t\t\t\t<\/figure>\n\t\t\t\t\t\t\t\t\t<\/div>\n\t\t\t\t<\/div>\n\t\t\t\t<div class=\"elementor-element elementor-element-16316330 elementor-widget elementor-widget-text-editor\" data-id=\"16316330\" data-element_type=\"widget\" data-e-type=\"widget\" data-widget_type=\"text-editor.default\">\n\t\t\t\t<div class=\"elementor-widget-container\">\n\t\t\t\t\t\t\t\t\t<p class=\"western\" align=\"justify\"><span style=\"font-family: Arial, sans-serif;\"><span style=\"font-size: medium;\"><span style=\"color: #000000;\"><span style=\"font-family: Arial, serif;\">La Procuradur\u00eda General de la Naci\u00f3n ha formulado cargos contra el exgerente de la Empresa Social del Estado San F\u00e9lix de La Dorada, Caldas, Luis Eduardo C\u00e9spedes de los R\u00edos (2016 &#8211; 2019), por presuntamente decretar el embargo y cobro coactivo de aproximadamente $9 mil millones, sin tener competencia ni facultades para llevar a cabo dicha acci\u00f3n.<\/span><\/span><\/span><\/span><\/p><p class=\"western\" align=\"justify\"><span style=\"font-family: Arial, sans-serif;\"><span style=\"font-size: medium;\"><span style=\"color: #000000;\"><span style=\"font-family: Arial, serif;\">La Delegada para la Econom\u00eda y la Hacienda P\u00fablica destac\u00f3 que el servidor p\u00fablico podr\u00eda enfrentar cargos disciplinarios debido al mandamiento de pago y la resoluci\u00f3n emitidos en septiembre de 2018, en los que exig\u00eda a Asmet Salud EPS SAS cancelar facturas por la prestaci\u00f3n de servicios de salud a los usuarios.<\/span><\/span><\/span><\/span><\/p><p class=\"western\" align=\"justify\"><span style=\"font-family: Arial, sans-serif;\"><span style=\"font-size: medium;\"><span style=\"color: #000000;\"><span style=\"font-family: Arial, serif;\">La Procuradur\u00eda advirti\u00f3 que C\u00e9spedes de los R\u00edos aparentemente ignor\u00f3 que los recursos destinados al r\u00e9gimen de salud no pueden ser objeto de embargo, titularizaci\u00f3n u otras disposiciones financieras, lo que podr\u00eda constituir una falta disciplinaria.<\/span><\/span><\/span><\/span><\/p><p class=\"western\" align=\"justify\"><span style=\"font-family: Arial, sans-serif;\"><span style=\"font-size: medium;\"><span style=\"color: #000000;\"><span style=\"font-family: Arial, serif;\">\u00abLa actuaci\u00f3n del exgerente habr\u00eda materializado su vulneraci\u00f3n de los principios de moralidad, responsabilidad y transparencia, al disponer de dineros de su propia comunidad, por lo que calific\u00f3 su posible conducta como falta grave cometida a t\u00edtulo de culpa grav\u00edsima,\u00bb se\u00f1al\u00f3 el Ente de Control en un comunicado oficial.<\/span><\/span><\/span><\/span><\/p><p class=\"western\" align=\"justify\"><span style=\"font-family: Arial, sans-serif;\"><span style=\"font-size: medium;\"><span style=\"color: #000000;\"><span style=\"font-family: Arial, serif;\">La Procuradur\u00eda considera que estas acciones podr\u00edan haber comprometido la responsabilidad disciplinaria de C\u00e9spedes de los R\u00edos y apunta a una presunta falta grave, cometida a t\u00edtulo de culpa grav\u00edsima, al disponer de fondos destinados a la salud de la comunidad sin la debida competencia ni facultades para ello.<\/span><\/span><\/span><\/span><\/p><p class=\"western\" align=\"justify\"><span style=\"font-family: Arial, sans-serif;\"><span style=\"font-size: medium;\"><span style=\"color: #000000;\"><span style=\"font-family: Arial, serif;\">El proceso ahora seguir\u00e1 su curso, donde se espera que se realice una investigaci\u00f3n exhaustiva para determinar la responsabilidad del exgerente en estos hechos y se apliquen las sanciones correspondientes en caso de hallar culpabilidad.<\/span><\/span><\/span><\/span><\/p>\t\t\t\t\t\t\t\t<\/div>\n\t\t\t\t<\/div>\n\t\t\t\t\t<\/div>\n\t\t<\/div>\n\t\t\t\t\t<\/div>\n\t\t<\/section>\n\t\t\t\t<\/div>\n\t\t","protected":false},"excerpt":{"rendered":"<p>Foto: Procuradur\u00eda La Procuradur\u00eda General de la Naci\u00f3n ha formulado cargos contra el exgerente de la Empresa Social<\/p>\n","protected":false},"author":1,"featured_media":16461,"comment_status":"open","ping_status":"open","sticky":false,"template":"","format":"image","meta":{"om_disable_all_campaigns":false,"_monsterinsights_skip_tracking":false,"_monsterinsights_sitenote_active":false,"_monsterinsights_sitenote_note":"","_monsterinsights_sitenote_category":0,"footnotes":""},"categories":[8],"tags":[10],"class_list":["post-16450","post","type-post","status-publish","format-image","has-post-thumbnail","hentry","category-judicial","tag-noticias","post_format-post-format-image"],"aioseo_notices":[],"_links":{"self":[{"href":"https:\/\/www.boyacaleinforma.com\/index.php?rest_route=\/wp\/v2\/posts\/16450","targetHints":{"allow":["GET"]}}],"collection":[{"href":"https:\/\/www.boyacaleinforma.com\/index.php?rest_route=\/wp\/v2\/posts"}],"about":[{"href":"https:\/\/www.boyacaleinforma.com\/index.php?rest_route=\/wp\/v2\/types\/post"}],"author":[{"embeddable":true,"href":"https:\/\/www.boyacaleinforma.com\/index.php?rest_route=\/wp\/v2\/users\/1"}],"replies":[{"embeddable":true,"href":"https:\/\/www.boyacaleinforma.com\/index.php?rest_route=%2Fwp%2Fv2%2Fcomments&post=16450"}],"version-history":[{"count":0,"href":"https:\/\/www.boyacaleinforma.com\/index.php?rest_route=\/wp\/v2\/posts\/16450\/revisions"}],"wp:featuredmedia":[{"embeddable":true,"href":"https:\/\/www.boyacaleinforma.com\/index.php?rest_route=\/wp\/v2\/media\/16461"}],"wp:attachment":[{"href":"https:\/\/www.boyacaleinforma.com\/index.php?rest_route=%2Fwp%2Fv2%2Fmedia&parent=16450"}],"wp:term":[{"taxonomy":"category","embeddable":true,"href":"https:\/\/www.boyacaleinforma.com\/index.php?rest_route=%2Fwp%2Fv2%2Fcategories&post=16450"},{"taxonomy":"post_tag","embeddable":true,"href":"https:\/\/www.boyacaleinforma.com\/index.php?rest_route=%2Fwp%2Fv2%2Ftags&post=16450"}],"curies":[{"name":"wp","href":"https:\/\/api.w.org\/{rel}","templated":true}]}}