{"id":16453,"date":"2024-02-26T06:50:17","date_gmt":"2024-02-26T11:50:17","guid":{"rendered":"https:\/\/www.boyacaleinforma.com\/?p=16453"},"modified":"2024-02-26T06:57:11","modified_gmt":"2024-02-26T11:57:11","slug":"presidente-de-patriotas-denuncia-irregularidades-y-declara-el-campeonato-como-ilegal-copy-copy-copy-copy-copy-copy","status":"publish","type":"post","link":"https:\/\/www.boyacaleinforma.com\/?p=16453","title":{"rendered":"Prohibici\u00f3n de parrillero en moto en el centro de Sogamoso: Medida contundente para garantizar la seguridad"},"content":{"rendered":"\t\t<div data-elementor-type=\"wp-post\" data-elementor-id=\"16453\" class=\"elementor elementor-16453\" data-elementor-post-type=\"post\">\n\t\t\t\t\t\t<section class=\"elementor-section elementor-top-section elementor-element elementor-element-62b311ee elementor-section-boxed elementor-section-height-default elementor-section-height-default\" data-id=\"62b311ee\" data-element_type=\"section\" data-e-type=\"section\">\n\t\t\t\t\t\t<div class=\"elementor-container elementor-column-gap-default\">\n\t\t\t\t\t<div class=\"elementor-column elementor-col-100 elementor-top-column elementor-element elementor-element-22e424c5\" data-id=\"22e424c5\" data-element_type=\"column\" data-e-type=\"column\">\n\t\t\t<div class=\"elementor-widget-wrap elementor-element-populated\">\n\t\t\t\t\t\t<div class=\"elementor-element elementor-element-7799c32 elementor-widget elementor-widget-image\" data-id=\"7799c32\" data-element_type=\"widget\" data-e-type=\"widget\" data-widget_type=\"image.default\">\n\t\t\t\t<div class=\"elementor-widget-container\">\n\t\t\t\t\t\t\t\t\t\t\t\t<figure class=\"wp-caption\">\n\t\t\t\t\t\t\t\t\t\t<img loading=\"lazy\" width=\"640\" height=\"359\" src=\"https:\/\/www.boyacaleinforma.com\/wp-content\/uploads\/2024\/02\/b7d-ok-768x431.jpg\" class=\"attachment-medium_large size-medium_large wp-image-16456\" alt=\"b7d ok\" srcset=\"https:\/\/www.boyacaleinforma.com\/wp-content\/uploads\/2024\/02\/b7d-ok-768x431.jpg 768w, https:\/\/www.boyacaleinforma.com\/wp-content\/uploads\/2024\/02\/b7d-ok-300x168.jpg 300w, https:\/\/www.boyacaleinforma.com\/wp-content\/uploads\/2024\/02\/b7d-ok.jpg 1000w\" sizes=\"auto, (max-width: 640px) 100vw, 640px\" loading=\"lazy\" decoding=\"async\" \/>\t\t\t\t\t\t\t\t\t\t\t<figcaption class=\"widget-image-caption wp-caption-text\">Foto: Boyac\u00e1 Sie7e D\u00edas<\/figcaption>\n\t\t\t\t\t\t\t\t\t\t<\/figure>\n\t\t\t\t\t\t\t\t\t<\/div>\n\t\t\t\t<\/div>\n\t\t\t\t<div class=\"elementor-element elementor-element-16316330 elementor-widget elementor-widget-text-editor\" data-id=\"16316330\" data-element_type=\"widget\" data-e-type=\"widget\" data-widget_type=\"text-editor.default\">\n\t\t\t\t<div class=\"elementor-widget-container\">\n\t\t\t\t\t\t\t\t\t<p class=\"western\" align=\"justify\"><span style=\"font-family: Arial, sans-serif;\"><span style=\"font-size: medium;\"><span style=\"color: #000000;\"><span style=\"font-family: Arial, serif;\">Una nueva disposici\u00f3n ha sido implementada en la ciudad de Sogamoso para fortalecer la seguridad ciudadana. A trav\u00e9s del acto administrativo 089, el alcalde Mauricio Bar\u00f3n Granados ha firmado un decreto que proh\u00edbe la circulaci\u00f3n de motocicletas con acompa\u00f1ante en el centro del municipio, como parte de medidas preventivas y transitorias para la conservaci\u00f3n del orden p\u00fablico.<\/span><\/span><\/span><\/span><\/p><p class=\"western\" align=\"justify\"><span style=\"font-family: Arial, sans-serif;\"><span style=\"font-size: medium;\"><span style=\"color: #000000;\"><span style=\"font-family: Arial, serif;\">La medida, que estar\u00e1 en vigor de 8:00 a.m. a 6:00 p.m. todos los d\u00edas de la semana, abarca exclusivamente el per\u00edmetro del centro del municipio, delimitado por las calles 21 y 9, y las carreras 14 y 9.<\/span><\/span><\/span><\/span><\/p><p class=\"western\" align=\"justify\"><span style=\"font-family: Arial, sans-serif;\"><span style=\"font-size: medium;\"><span style=\"color: #000000;\"><span style=\"font-family: Arial, serif;\">El alcalde Bar\u00f3n Granados explic\u00f3 la raz\u00f3n detr\u00e1s de esta restricci\u00f3n: \u00abEsta medida se adopt\u00f3 con el objetivo de preservar el orden p\u00fablico y garantizar la seguridad ciudadana en nuestro centro urbano.\u00bb<\/span><\/span><\/span><\/span><\/p><p class=\"western\" align=\"justify\"><span style=\"font-family: Arial, sans-serif;\"><span style=\"font-size: medium;\"><span style=\"color: #000000;\"><span style=\"font-family: Arial, serif;\">El Consejo Municipal de Seguridad respald\u00f3 un\u00e1nimemente la implementaci\u00f3n de esta medida administrativa. La finalidad es mejorar la convivencia y salvaguardar la integridad de los ciudadanos en una de las zonas m\u00e1s transitadas de Sogamoso.<\/span><\/span><\/span><\/span><\/p><p class=\"western\" align=\"justify\"><span style=\"font-family: Arial, sans-serif;\"><span style=\"font-size: medium;\"><span style=\"color: #000000;\"><span style=\"font-family: Arial, serif;\">La Polic\u00eda Nacional y el Instituto de Tr\u00e1nsito de Sogamoso (INTRASOG) ser\u00e1n los responsables de asegurar el cumplimiento del Decreto 089. En caso de incumplimiento, se aplicar\u00e1 una sanci\u00f3n consistente en una Multa General tipo 4, equivalente a 16 salarios m\u00ednimos diarios legales vigentes.<\/span><\/span><\/span><\/span><\/p><p class=\"western\" align=\"justify\"><span style=\"font-family: Arial, sans-serif;\"><span style=\"font-size: medium;\"><span style=\"color: #000000;\"><span style=\"font-family: Arial, serif;\">La medida ha generado diversas reacciones en la comunidad, algunos ciudadanos respaldan la iniciativa como una acci\u00f3n necesaria para controlar la seguridad en la zona central, mientras que otros expresan preocupaci\u00f3n por las posibles complicaciones log\u00edsticas y su impacto en la movilidad.<\/span><\/span><\/span><\/span><\/p><p class=\"western\" align=\"justify\"><span style=\"font-family: Arial, sans-serif;\"><span style=\"font-size: medium;\"><span style=\"color: #000000;\"><span style=\"font-family: Arial, serif;\">Las autoridades municipales est\u00e1n comprometidas a evaluar peri\u00f3dicamente la efectividad de esta medida y considerar ajustes si es necesario. Mientras tanto, la comunidad deber\u00e1 acatar el decreto para contribuir al mantenimiento de la seguridad y el orden p\u00fablico en el coraz\u00f3n de Sogamoso.<\/span><\/span><\/span><\/span><\/p>\t\t\t\t\t\t\t\t<\/div>\n\t\t\t\t<\/div>\n\t\t\t\t\t<\/div>\n\t\t<\/div>\n\t\t\t\t\t<\/div>\n\t\t<\/section>\n\t\t\t\t<\/div>\n\t\t","protected":false},"excerpt":{"rendered":"<p>Foto: Boyac\u00e1 Sie7e D\u00edas Una nueva disposici\u00f3n ha sido implementada en la ciudad de Sogamoso para fortalecer la<\/p>\n","protected":false},"author":1,"featured_media":16456,"comment_status":"open","ping_status":"open","sticky":false,"template":"","format":"image","meta":{"om_disable_all_campaigns":false,"_monsterinsights_skip_tracking":false,"_monsterinsights_sitenote_active":false,"_monsterinsights_sitenote_note":"","_monsterinsights_sitenote_category":0,"footnotes":""},"categories":[5],"tags":[10],"class_list":["post-16453","post","type-post","status-publish","format-image","has-post-thumbnail","hentry","category-boyaca","tag-noticias","post_format-post-format-image"],"aioseo_notices":[],"_links":{"self":[{"href":"https:\/\/www.boyacaleinforma.com\/index.php?rest_route=\/wp\/v2\/posts\/16453","targetHints":{"allow":["GET"]}}],"collection":[{"href":"https:\/\/www.boyacaleinforma.com\/index.php?rest_route=\/wp\/v2\/posts"}],"about":[{"href":"https:\/\/www.boyacaleinforma.com\/index.php?rest_route=\/wp\/v2\/types\/post"}],"author":[{"embeddable":true,"href":"https:\/\/www.boyacaleinforma.com\/index.php?rest_route=\/wp\/v2\/users\/1"}],"replies":[{"embeddable":true,"href":"https:\/\/www.boyacaleinforma.com\/index.php?rest_route=%2Fwp%2Fv2%2Fcomments&post=16453"}],"version-history":[{"count":0,"href":"https:\/\/www.boyacaleinforma.com\/index.php?rest_route=\/wp\/v2\/posts\/16453\/revisions"}],"wp:featuredmedia":[{"embeddable":true,"href":"https:\/\/www.boyacaleinforma.com\/index.php?rest_route=\/wp\/v2\/media\/16456"}],"wp:attachment":[{"href":"https:\/\/www.boyacaleinforma.com\/index.php?rest_route=%2Fwp%2Fv2%2Fmedia&parent=16453"}],"wp:term":[{"taxonomy":"category","embeddable":true,"href":"https:\/\/www.boyacaleinforma.com\/index.php?rest_route=%2Fwp%2Fv2%2Fcategories&post=16453"},{"taxonomy":"post_tag","embeddable":true,"href":"https:\/\/www.boyacaleinforma.com\/index.php?rest_route=%2Fwp%2Fv2%2Ftags&post=16453"}],"curies":[{"name":"wp","href":"https:\/\/api.w.org\/{rel}","templated":true}]}}