{"id":16454,"date":"2024-02-26T06:50:29","date_gmt":"2024-02-26T11:50:29","guid":{"rendered":"https:\/\/www.boyacaleinforma.com\/?p=16454"},"modified":"2024-02-26T06:55:33","modified_gmt":"2024-02-26T11:55:33","slug":"presidente-de-patriotas-denuncia-irregularidades-y-declara-el-campeonato-como-ilegal-copy-copy-copy-copy-copy-copy-copy","status":"publish","type":"post","link":"https:\/\/www.boyacaleinforma.com\/?p=16454","title":{"rendered":"Protesta renovada en San Luis de Gaceno: Comunidad rechaza el cobro de peaje"},"content":{"rendered":"\t\t<div data-elementor-type=\"wp-post\" data-elementor-id=\"16454\" class=\"elementor elementor-16454\" data-elementor-post-type=\"post\">\n\t\t\t\t\t\t<section class=\"elementor-section elementor-top-section elementor-element elementor-element-62b311ee elementor-section-boxed elementor-section-height-default elementor-section-height-default\" data-id=\"62b311ee\" data-element_type=\"section\" data-e-type=\"section\">\n\t\t\t\t\t\t<div class=\"elementor-container elementor-column-gap-default\">\n\t\t\t\t\t<div class=\"elementor-column elementor-col-100 elementor-top-column elementor-element elementor-element-22e424c5\" data-id=\"22e424c5\" data-element_type=\"column\" data-e-type=\"column\">\n\t\t\t<div class=\"elementor-widget-wrap elementor-element-populated\">\n\t\t\t\t\t\t<div class=\"elementor-element elementor-element-7799c32 elementor-widget elementor-widget-image\" data-id=\"7799c32\" data-element_type=\"widget\" data-e-type=\"widget\" data-widget_type=\"image.default\">\n\t\t\t\t<div class=\"elementor-widget-container\">\n\t\t\t\t\t\t\t\t\t\t\t\t<figure class=\"wp-caption\">\n\t\t\t\t\t\t\t\t\t\t<img loading=\"lazy\" width=\"640\" height=\"360\" src=\"https:\/\/www.boyacaleinforma.com\/wp-content\/uploads\/2024\/02\/b7d-5-768x432.jpg\" class=\"attachment-medium_large size-medium_large wp-image-16457\" alt=\"b7d\" srcset=\"https:\/\/www.boyacaleinforma.com\/wp-content\/uploads\/2024\/02\/b7d-5-768x432.jpg 768w, https:\/\/www.boyacaleinforma.com\/wp-content\/uploads\/2024\/02\/b7d-5-300x169.jpg 300w, https:\/\/www.boyacaleinforma.com\/wp-content\/uploads\/2024\/02\/b7d-5-1024x576.jpg 1024w, https:\/\/www.boyacaleinforma.com\/wp-content\/uploads\/2024\/02\/b7d-5.jpg 1280w\" sizes=\"auto, (max-width: 640px) 100vw, 640px\" loading=\"lazy\" decoding=\"async\" \/>\t\t\t\t\t\t\t\t\t\t\t<figcaption class=\"widget-image-caption wp-caption-text\">Foto: Boyac\u00e1 Sie7e D\u00edas<\/figcaption>\n\t\t\t\t\t\t\t\t\t\t<\/figure>\n\t\t\t\t\t\t\t\t\t<\/div>\n\t\t\t\t<\/div>\n\t\t\t\t<div class=\"elementor-element elementor-element-16316330 elementor-widget elementor-widget-text-editor\" data-id=\"16316330\" data-element_type=\"widget\" data-e-type=\"widget\" data-widget_type=\"text-editor.default\">\n\t\t\t\t<div class=\"elementor-widget-container\">\n\t\t\t\t\t\t\t\t\t<p class=\"western\" align=\"justify\"><span style=\"color: #000000;\"><span style=\"font-family: Arial, serif;\"><span style=\"font-size: medium;\">La localidad de San Luis de Gaceno vive nuevamente momentos de tensi\u00f3n y movilizaci\u00f3n, ya que la comunidad ha retomado las protestas en contra del inicio del cobro de peaje, considerando esta medida como injusta y perjudicial.<\/span><\/span><\/span><\/p><p class=\"western\" align=\"justify\"><span style=\"color: #000000;\"><span style=\"font-family: Arial, serif;\"><span style=\"font-size: medium;\">Esta nueva manifestaci\u00f3n surge como respuesta a lo que la comunidad denuncia como un presunto incumplimiento de acuerdos por parte del Ministerio de Transporte y la Agencia Nacional de Infraestructura (ANI) en relaci\u00f3n con el desarrollo y ejecuci\u00f3n del contrato de concesi\u00f3n vial.<\/span><\/span><\/span><\/p><p class=\"western\" align=\"justify\"><span style=\"color: #000000;\"><span style=\"font-family: Arial, serif;\"><span style=\"font-size: medium;\">Despu\u00e9s de que las protestas cesaran en noviembre pasado, se acord\u00f3 llevar a cabo mesas de concertaci\u00f3n para abordar las inquietudes de la comunidad y avanzar en la consolidaci\u00f3n de informaci\u00f3n sobre el contrato de concesi\u00f3n. Sin embargo, la comunidad afirma que estos acuerdos no han sido cumplidos.<\/span><\/span><\/span><\/p><p class=\"western\" align=\"justify\"><span style=\"color: #000000;\"><span style=\"font-family: Arial, serif;\"><span style=\"font-size: medium;\">Milena Porras, Veedora de San Luis de Gaceno, explic\u00f3 a Boyac\u00e1 Sie7e D\u00edas: \u00abNosotros no estamos dispuestos a pagar ninguna tarifa, ni siquiera diferencial, hasta tanto las obras no est\u00e9n culminadas. No podemos entrar, como ya nos pas\u00f3 con el peaje de Macheta, fueron 14 a\u00f1os pagando por una carretera que no estaba disponible\u00bb.<\/span><\/span><\/span><\/p><p class=\"western\" align=\"justify\"><span style=\"color: #000000;\"><span style=\"font-family: Arial, serif;\"><span style=\"font-size: medium;\">La principal preocupaci\u00f3n de la comunidad radica en el estado actual de la v\u00eda, alegando que no se encuentra en condiciones adecuadas y que existen tramos con riesgo de colapso, representando un peligro para los habitantes y los viajeros.<\/span><\/span><\/span><\/p><p class=\"western\" align=\"justify\"><span style=\"color: #000000;\"><span style=\"font-family: Arial, serif;\"><span style=\"font-size: medium;\">La movilizaci\u00f3n pac\u00edfica en la zona del peaje tiene como objetivo evitar el cobro y mantener la presi\u00f3n sobre las autoridades. A pesar de las promesas del gobierno nacional y la ANI de extender las mesas de di\u00e1logo hasta aclarar las dudas de la comunidad, los manifestantes lamentan la falta de cumplimiento de estos compromisos y exigen soluciones concretas y justas.<\/span><\/span><\/span><\/p><p class=\"western\" align=\"justify\"><span style=\"color: #000000;\"><span style=\"font-family: Arial, serif;\"><span style=\"font-size: medium;\">Milena Porras a\u00f1adi\u00f3: \u00abSe supon\u00eda que nos iban a cobrar a las personas que est\u00e1bamos formando parte de unos censos vehiculares, pero nos encontramos con la sorpresa de que hasta a la ruta escolar le est\u00e1n cobrando\u00bb.<\/span><\/span><\/span><\/p><p class=\"western\" align=\"justify\"><span style=\"color: #000000;\"><span style=\"font-family: Arial, serif;\"><span style=\"font-size: medium;\">La comunidad, conformada por 39 veredas y cinco centros poblados, ha decidido organizarse para mantener una resistencia firme en su petici\u00f3n y reclamo de derechos fundamentales que consideran est\u00e1n siendo vulnerados. Su decisi\u00f3n es radical: no cancelar\u00e1n el peaje, ya que consideran que esta construcci\u00f3n no fue socializada y perjudica tanto a los habitantes locales como a quienes se desplazan desde la zona rural al casco urbano del municipio y a los municipios circunvecinos. La comunidad espera respuestas concretas y acciones inmediatas por parte de las autoridades para resolver este conflicto que amenaza la armon\u00eda y seguridad en la regi\u00f3n.<\/span><\/span><\/span><\/p>\t\t\t\t\t\t\t\t<\/div>\n\t\t\t\t<\/div>\n\t\t\t\t\t<\/div>\n\t\t<\/div>\n\t\t\t\t\t<\/div>\n\t\t<\/section>\n\t\t\t\t<\/div>\n\t\t","protected":false},"excerpt":{"rendered":"<p>Foto: Boyac\u00e1 Sie7e D\u00edas La localidad de San Luis de Gaceno vive nuevamente momentos de tensi\u00f3n y movilizaci\u00f3n,<\/p>\n","protected":false},"author":1,"featured_media":16457,"comment_status":"open","ping_status":"open","sticky":false,"template":"","format":"image","meta":{"om_disable_all_campaigns":false,"_monsterinsights_skip_tracking":false,"_monsterinsights_sitenote_active":false,"_monsterinsights_sitenote_note":"","_monsterinsights_sitenote_category":0,"footnotes":""},"categories":[5],"tags":[10],"class_list":["post-16454","post","type-post","status-publish","format-image","has-post-thumbnail","hentry","category-boyaca","tag-noticias","post_format-post-format-image"],"aioseo_notices":[],"_links":{"self":[{"href":"https:\/\/www.boyacaleinforma.com\/index.php?rest_route=\/wp\/v2\/posts\/16454","targetHints":{"allow":["GET"]}}],"collection":[{"href":"https:\/\/www.boyacaleinforma.com\/index.php?rest_route=\/wp\/v2\/posts"}],"about":[{"href":"https:\/\/www.boyacaleinforma.com\/index.php?rest_route=\/wp\/v2\/types\/post"}],"author":[{"embeddable":true,"href":"https:\/\/www.boyacaleinforma.com\/index.php?rest_route=\/wp\/v2\/users\/1"}],"replies":[{"embeddable":true,"href":"https:\/\/www.boyacaleinforma.com\/index.php?rest_route=%2Fwp%2Fv2%2Fcomments&post=16454"}],"version-history":[{"count":0,"href":"https:\/\/www.boyacaleinforma.com\/index.php?rest_route=\/wp\/v2\/posts\/16454\/revisions"}],"wp:featuredmedia":[{"embeddable":true,"href":"https:\/\/www.boyacaleinforma.com\/index.php?rest_route=\/wp\/v2\/media\/16457"}],"wp:attachment":[{"href":"https:\/\/www.boyacaleinforma.com\/index.php?rest_route=%2Fwp%2Fv2%2Fmedia&parent=16454"}],"wp:term":[{"taxonomy":"category","embeddable":true,"href":"https:\/\/www.boyacaleinforma.com\/index.php?rest_route=%2Fwp%2Fv2%2Fcategories&post=16454"},{"taxonomy":"post_tag","embeddable":true,"href":"https:\/\/www.boyacaleinforma.com\/index.php?rest_route=%2Fwp%2Fv2%2Ftags&post=16454"}],"curies":[{"name":"wp","href":"https:\/\/api.w.org\/{rel}","templated":true}]}}