{"id":16455,"date":"2024-02-26T06:50:52","date_gmt":"2024-02-26T11:50:52","guid":{"rendered":"https:\/\/www.boyacaleinforma.com\/?p=16455"},"modified":"2024-02-26T06:53:59","modified_gmt":"2024-02-26T11:53:59","slug":"presidente-de-patriotas-denuncia-irregularidades-y-declara-el-campeonato-como-ilegal-copy-copy-copy-copy-copy-copy-copy-copy","status":"publish","type":"post","link":"https:\/\/www.boyacaleinforma.com\/?p=16455","title":{"rendered":"Marion Rousse defiende su privacidad ante las acusaciones de Lefevere"},"content":{"rendered":"\t\t<div data-elementor-type=\"wp-post\" data-elementor-id=\"16455\" class=\"elementor elementor-16455\" data-elementor-post-type=\"post\">\n\t\t\t\t\t\t<section class=\"elementor-section elementor-top-section elementor-element elementor-element-62b311ee elementor-section-boxed elementor-section-height-default elementor-section-height-default\" data-id=\"62b311ee\" data-element_type=\"section\" data-e-type=\"section\">\n\t\t\t\t\t\t<div class=\"elementor-container elementor-column-gap-default\">\n\t\t\t\t\t<div class=\"elementor-column elementor-col-100 elementor-top-column elementor-element elementor-element-22e424c5\" data-id=\"22e424c5\" data-element_type=\"column\" data-e-type=\"column\">\n\t\t\t<div class=\"elementor-widget-wrap elementor-element-populated\">\n\t\t\t\t\t\t<div class=\"elementor-element elementor-element-7799c32 elementor-widget elementor-widget-image\" data-id=\"7799c32\" data-element_type=\"widget\" data-e-type=\"widget\" data-widget_type=\"image.default\">\n\t\t\t\t<div class=\"elementor-widget-container\">\n\t\t\t\t\t\t\t\t\t\t\t\t<figure class=\"wp-caption\">\n\t\t\t\t\t\t\t\t\t\t<img loading=\"lazy\" width=\"640\" height=\"334\" src=\"https:\/\/www.boyacaleinforma.com\/wp-content\/uploads\/2024\/02\/el-colomnbiano-768x401.jpg\" class=\"attachment-medium_large size-medium_large wp-image-16460\" alt=\"el colomnbiano\" srcset=\"https:\/\/www.boyacaleinforma.com\/wp-content\/uploads\/2024\/02\/el-colomnbiano-768x401.jpg 768w, https:\/\/www.boyacaleinforma.com\/wp-content\/uploads\/2024\/02\/el-colomnbiano-300x157.jpg 300w, https:\/\/www.boyacaleinforma.com\/wp-content\/uploads\/2024\/02\/el-colomnbiano-1024x535.jpg 1024w, https:\/\/www.boyacaleinforma.com\/wp-content\/uploads\/2024\/02\/el-colomnbiano.jpg 1200w\" sizes=\"auto, (max-width: 640px) 100vw, 640px\" loading=\"lazy\" decoding=\"async\" \/>\t\t\t\t\t\t\t\t\t\t\t<figcaption class=\"widget-image-caption wp-caption-text\">Foto: El Colombiano<\/figcaption>\n\t\t\t\t\t\t\t\t\t\t<\/figure>\n\t\t\t\t\t\t\t\t\t<\/div>\n\t\t\t\t<\/div>\n\t\t\t\t<div class=\"elementor-element elementor-element-16316330 elementor-widget elementor-widget-text-editor\" data-id=\"16316330\" data-element_type=\"widget\" data-e-type=\"widget\" data-widget_type=\"text-editor.default\">\n\t\t\t\t<div class=\"elementor-widget-container\">\n\t\t\t\t\t\t\t\t\t<p class=\"western\" align=\"justify\"><span style=\"color: #000000;\"><span style=\"font-family: Arial, serif;\"><span style=\"font-size: medium;\">El conflicto entre Patrick Lefevere, director del equipo ciclista Soudal \u2013 QuickStep, y Marion Rousse, compa\u00f1era sentimental del renombrado ciclista Julian Alaphilippe, contin\u00faa escalando en intensidad.<\/span><\/span><\/span><\/p><p class=\"western\" align=\"justify\"><span style=\"color: #000000;\"><span style=\"font-family: Arial, serif;\"><span style=\"font-size: medium;\">Las tensiones comenzaron a aflorar cuando Lefevere realiz\u00f3 fuertes declaraciones sobre Alaphilippe, cuestionando su estilo de vida y haciendo hincapi\u00e9 en su supuesto consumo de alcohol. Ante estas acusaciones, Marion Rousse no tard\u00f3 en responder con contundencia, defendiendo tanto su vida privada como la de su pareja.<\/span><\/span><\/span><\/p><p class=\"western\" align=\"justify\"><span style=\"color: #000000;\"><span style=\"font-family: Arial, serif;\"><span style=\"font-size: medium;\">\u00abNo importa lo que el Sr. Lefevere sienta por m\u00ed, es inaceptable atacar mi vida privada como lo hace \u00e9l. As\u00ed que no, no bebo alcohol, nunca lo he hecho\u00bb, expres\u00f3 la exmodelo y comentarista deportiva francesa a trav\u00e9s de su cuenta de Twitter.<\/span><\/span><\/span><\/p><p class=\"western\" align=\"justify\"><span style=\"color: #000000;\"><span style=\"font-family: Arial, serif;\"><span style=\"font-size: medium;\">Rousse, madre de un ni\u00f1o de 3 a\u00f1os junto a Alaphilippe, no solo desminti\u00f3 el consumo de alcohol sino que tambi\u00e9n desestim\u00f3 las afirmaciones sobre la participaci\u00f3n en fiestas nocturnas. \u00abCon un ni\u00f1o peque\u00f1o, preferimos estar en buena forma por la ma\u00f1ana. No conseguir\u00e1s, como ya has mencionado, impedirme trabajar para cuidar y quedarme con Juli\u00e1n durante su carrera\u00bb, a\u00f1adi\u00f3.<\/span><\/span><\/span><\/p><p class=\"western\" align=\"justify\"><span style=\"color: #000000;\"><span style=\"font-family: Arial, serif;\"><span style=\"font-size: medium;\">Adem\u00e1s de defender su estilo de vida, Rousse destac\u00f3 su dedicaci\u00f3n a diversas misiones y proyectos que constituyen su pasi\u00f3n. Sin embargo, hizo hincapi\u00e9 en que en ning\u00fan caso permitir\u00e1 que se hable de su vida privada de manera irrespetuosa. \u00abLas misiones que llevo a cabo son mi pasi\u00f3n y usted debe saber que tengo muchos proyectos. Pero d\u00e9jenme decirle que en ning\u00fan caso le permito hablar de mi vida privada. Gracias de ahora en adelante por dejar de hablar mal y por mostrar m\u00e1s respeto y\u2026 clase\u00bb, puntualiz\u00f3.<\/span><\/span><\/span><\/p><p class=\"western\" align=\"justify\"><span style=\"color: #000000;\"><span style=\"font-family: Arial, serif;\"><span style=\"font-size: medium;\">El \u2018rifirrafe\u2019 entre Lefevere y Rousse no solo ha quedado en el \u00e1mbito personal, sino que tambi\u00e9n ha suscitado el inter\u00e9s de la comunidad ciclista y de los seguidores de Alaphilippe. La pol\u00e9mica ha llevado a reflexiones sobre los l\u00edmites entre la vida privada y p\u00fablica de los deportistas, as\u00ed como sobre la responsabilidad de los directores de equipos al hacer declaraciones que afectan la reputaci\u00f3n de los ciclistas.<\/span><\/span><\/span><\/p><p class=\"western\" align=\"justify\"><span style=\"color: #000000;\"><span style=\"font-family: Arial, serif;\"><span style=\"font-size: medium;\">Este enfrentamiento, que comenz\u00f3 con declaraciones p\u00fablicas, podr\u00eda tener repercusiones en el equipo Soudal \u2013 QuickStep y en la carrera profesional de Julian Alaphilippe. Mientras tanto, Marion Rousse contin\u00faa defendiendo su privacidad con firmeza, llamando a la reflexi\u00f3n sobre el respeto y la clase en el tratamiento de estos asuntos.<\/span><\/span><\/span><\/p>\t\t\t\t\t\t\t\t<\/div>\n\t\t\t\t<\/div>\n\t\t\t\t\t<\/div>\n\t\t<\/div>\n\t\t\t\t\t<\/div>\n\t\t<\/section>\n\t\t\t\t<\/div>\n\t\t","protected":false},"excerpt":{"rendered":"<p>Foto: El Colombiano El conflicto entre Patrick Lefevere, director del equipo ciclista Soudal \u2013 QuickStep, y Marion Rousse,<\/p>\n","protected":false},"author":1,"featured_media":16460,"comment_status":"open","ping_status":"open","sticky":false,"template":"","format":"image","meta":{"om_disable_all_campaigns":false,"_monsterinsights_skip_tracking":false,"_monsterinsights_sitenote_active":false,"_monsterinsights_sitenote_note":"","_monsterinsights_sitenote_category":0,"footnotes":""},"categories":[7],"tags":[10],"class_list":["post-16455","post","type-post","status-publish","format-image","has-post-thumbnail","hentry","category-deportes","tag-noticias","post_format-post-format-image"],"aioseo_notices":[],"_links":{"self":[{"href":"https:\/\/www.boyacaleinforma.com\/index.php?rest_route=\/wp\/v2\/posts\/16455","targetHints":{"allow":["GET"]}}],"collection":[{"href":"https:\/\/www.boyacaleinforma.com\/index.php?rest_route=\/wp\/v2\/posts"}],"about":[{"href":"https:\/\/www.boyacaleinforma.com\/index.php?rest_route=\/wp\/v2\/types\/post"}],"author":[{"embeddable":true,"href":"https:\/\/www.boyacaleinforma.com\/index.php?rest_route=\/wp\/v2\/users\/1"}],"replies":[{"embeddable":true,"href":"https:\/\/www.boyacaleinforma.com\/index.php?rest_route=%2Fwp%2Fv2%2Fcomments&post=16455"}],"version-history":[{"count":0,"href":"https:\/\/www.boyacaleinforma.com\/index.php?rest_route=\/wp\/v2\/posts\/16455\/revisions"}],"wp:featuredmedia":[{"embeddable":true,"href":"https:\/\/www.boyacaleinforma.com\/index.php?rest_route=\/wp\/v2\/media\/16460"}],"wp:attachment":[{"href":"https:\/\/www.boyacaleinforma.com\/index.php?rest_route=%2Fwp%2Fv2%2Fmedia&parent=16455"}],"wp:term":[{"taxonomy":"category","embeddable":true,"href":"https:\/\/www.boyacaleinforma.com\/index.php?rest_route=%2Fwp%2Fv2%2Fcategories&post=16455"},{"taxonomy":"post_tag","embeddable":true,"href":"https:\/\/www.boyacaleinforma.com\/index.php?rest_route=%2Fwp%2Fv2%2Ftags&post=16455"}],"curies":[{"name":"wp","href":"https:\/\/api.w.org\/{rel}","templated":true}]}}