{"id":16570,"date":"2024-02-28T11:17:35","date_gmt":"2024-02-28T16:17:35","guid":{"rendered":"https:\/\/www.boyacaleinforma.com\/?p=16570"},"modified":"2024-02-28T11:43:29","modified_gmt":"2024-02-28T16:43:29","slug":"encuentro-de-fredy-holguin-ruiz-avances-y-desafios-en-indeportes-boyaca-copy","status":"publish","type":"post","link":"https:\/\/www.boyacaleinforma.com\/?p=16570","title":{"rendered":"Juntas de Acci\u00f3n Comunal en Tunja buscan di\u00e1logo con la Administraci\u00f3n sin obtener respuesta"},"content":{"rendered":"\t\t<div data-elementor-type=\"wp-post\" data-elementor-id=\"16570\" class=\"elementor elementor-16570\" data-elementor-post-type=\"post\">\n\t\t\t\t\t\t<section class=\"elementor-section elementor-top-section elementor-element elementor-element-62b311ee elementor-section-boxed elementor-section-height-default elementor-section-height-default\" data-id=\"62b311ee\" data-element_type=\"section\" data-e-type=\"section\">\n\t\t\t\t\t\t<div class=\"elementor-container elementor-column-gap-default\">\n\t\t\t\t\t<div class=\"elementor-column elementor-col-100 elementor-top-column elementor-element elementor-element-22e424c5\" data-id=\"22e424c5\" data-element_type=\"column\" data-e-type=\"column\">\n\t\t\t<div class=\"elementor-widget-wrap elementor-element-populated\">\n\t\t\t\t\t\t<div class=\"elementor-element elementor-element-7799c32 elementor-widget elementor-widget-image\" data-id=\"7799c32\" data-element_type=\"widget\" data-e-type=\"widget\" data-widget_type=\"image.default\">\n\t\t\t\t<div class=\"elementor-widget-container\">\n\t\t\t\t\t\t\t\t\t\t\t\t<figure class=\"wp-caption\">\n\t\t\t\t\t\t\t\t\t\t<img loading=\"lazy\" width=\"640\" height=\"334\" src=\"https:\/\/www.boyacaleinforma.com\/wp-content\/uploads\/2024\/02\/el-diario-1-768x401.png\" class=\"attachment-medium_large size-medium_large wp-image-16580\" alt=\"el diario\" srcset=\"https:\/\/www.boyacaleinforma.com\/wp-content\/uploads\/2024\/02\/el-diario-1-768x401.png 768w, https:\/\/www.boyacaleinforma.com\/wp-content\/uploads\/2024\/02\/el-diario-1-300x157.png 300w, https:\/\/www.boyacaleinforma.com\/wp-content\/uploads\/2024\/02\/el-diario-1.png 800w\" sizes=\"auto, (max-width: 640px) 100vw, 640px\" loading=\"lazy\" decoding=\"async\" \/>\t\t\t\t\t\t\t\t\t\t\t<figcaption class=\"widget-image-caption wp-caption-text\">Foto: El Diario<\/figcaption>\n\t\t\t\t\t\t\t\t\t\t<\/figure>\n\t\t\t\t\t\t\t\t\t<\/div>\n\t\t\t\t<\/div>\n\t\t\t\t<div class=\"elementor-element elementor-element-16316330 elementor-widget elementor-widget-text-editor\" data-id=\"16316330\" data-element_type=\"widget\" data-e-type=\"widget\" data-widget_type=\"text-editor.default\">\n\t\t\t\t<div class=\"elementor-widget-container\">\n\t\t\t\t\t\t\t\t\t<p class=\"western\" align=\"justify\"><span style=\"font-family: Arial, sans-serif;\"><span style=\"font-size: medium;\"><span style=\"color: #000000;\"><span style=\"font-family: Arial, serif;\">La relaci\u00f3n entre las Juntas de Acci\u00f3n Comunal de Tunja y la administraci\u00f3n municipal ha experimentado un estancamiento, seg\u00fan lo expresado por Edwar Parra, presidente de la Asociaci\u00f3n de Juntas de Acci\u00f3n Comunal de Tunja. Parra se\u00f1al\u00f3 que, a pesar de los esfuerzos de las juntas por establecer un di\u00e1logo constructivo, la administraci\u00f3n a\u00fan no ha respondido a una solicitud presentada hace quince d\u00edas h\u00e1biles.<\/span><\/span><\/span><\/span><\/p><p class=\"western\" align=\"justify\"><span style=\"font-family: Arial, sans-serif;\"><span style=\"font-size: medium;\"><span style=\"color: #000000;\"><span style=\"font-family: Arial, serif;\">El presidente de la Asociaci\u00f3n de Juntas de Acci\u00f3n Comunal de Tunja destac\u00f3 que el 10 de enero radicaron un oficio solicitando un Consejo de Gobierno Ampliado. El prop\u00f3sito era que la administraci\u00f3n realizara una presentaci\u00f3n formal de sus secretarios y compartiera los puntos de trabajo planificados con las juntas. Sin embargo, hasta la fecha, no han obtenido respuesta por parte de la administraci\u00f3n.<\/span><\/span><\/span><\/span><\/p><p class=\"western\" align=\"justify\"><span style=\"font-family: Arial, sans-serif;\"><span style=\"font-size: medium;\"><span style=\"color: #000000;\"><span style=\"font-family: Arial, serif;\">\u00abNosotros queremos trabajar de la mano con la administraci\u00f3n, pero hasta el momento no hemos tenido ning\u00fan acercamiento con el actual alcalde de la ciudad de Tunja\u00bb, expres\u00f3 Edwar Parra. A pesar de la voluntad manifestada por ambas partes de colaborar, la falta de respuesta est\u00e1 generando inquietud entre las Juntas de Acci\u00f3n Comunal, quienes consideran que su participaci\u00f3n es fundamental para el desarrollo de la ciudad.<\/span><\/span><\/span><\/span><\/p><p class=\"western\" align=\"justify\"><span style=\"font-family: Arial, sans-serif;\"><span style=\"font-size: medium;\"><span style=\"color: #000000;\"><span style=\"font-family: Arial, serif;\">Las Juntas de Acci\u00f3n Comunal buscan no solo establecer un canal de di\u00e1logo con la administraci\u00f3n, sino tambi\u00e9n ejercer su papel como organismos comunales para expresar sus posturas y contribuir al trabajo colectivo en beneficio de la ciudad. Adem\u00e1s, desean abordar asuntos pendientes desde la vigencia 2023 que, seg\u00fan contratos previos, deben ser atendidos de manera prioritaria.<\/span><\/span><\/span><\/span><\/p><p class=\"western\" align=\"justify\"><span style=\"font-family: Arial, sans-serif;\"><span style=\"font-size: medium;\"><span style=\"color: #000000;\"><span style=\"font-family: Arial, serif;\">La falta de respuesta por parte de la administraci\u00f3n ha llevado a la Asociaci\u00f3n de Juntas de Acci\u00f3n Comunal a expresar p\u00fablicamente su preocupaci\u00f3n y a solicitar nuevamente un espacio para el di\u00e1logo. La comunidad espera que esta situaci\u00f3n se resuelva pronto, permitiendo una colaboraci\u00f3n efectiva entre las juntas y la administraci\u00f3n para el beneficio de Tunja.<\/span><\/span><\/span><\/span><\/p>\t\t\t\t\t\t\t\t<\/div>\n\t\t\t\t<\/div>\n\t\t\t\t\t<\/div>\n\t\t<\/div>\n\t\t\t\t\t<\/div>\n\t\t<\/section>\n\t\t\t\t<\/div>\n\t\t","protected":false},"excerpt":{"rendered":"<p>Foto: El Diario La relaci\u00f3n entre las Juntas de Acci\u00f3n Comunal de Tunja y la administraci\u00f3n municipal ha<\/p>\n","protected":false},"author":1,"featured_media":16580,"comment_status":"open","ping_status":"open","sticky":false,"template":"","format":"image","meta":{"om_disable_all_campaigns":false,"_monsterinsights_skip_tracking":false,"_monsterinsights_sitenote_active":false,"_monsterinsights_sitenote_note":"","_monsterinsights_sitenote_category":0,"footnotes":""},"categories":[6],"tags":[10],"class_list":["post-16570","post","type-post","status-publish","format-image","has-post-thumbnail","hentry","category-tunja","tag-noticias","post_format-post-format-image"],"aioseo_notices":[],"_links":{"self":[{"href":"https:\/\/www.boyacaleinforma.com\/index.php?rest_route=\/wp\/v2\/posts\/16570","targetHints":{"allow":["GET"]}}],"collection":[{"href":"https:\/\/www.boyacaleinforma.com\/index.php?rest_route=\/wp\/v2\/posts"}],"about":[{"href":"https:\/\/www.boyacaleinforma.com\/index.php?rest_route=\/wp\/v2\/types\/post"}],"author":[{"embeddable":true,"href":"https:\/\/www.boyacaleinforma.com\/index.php?rest_route=\/wp\/v2\/users\/1"}],"replies":[{"embeddable":true,"href":"https:\/\/www.boyacaleinforma.com\/index.php?rest_route=%2Fwp%2Fv2%2Fcomments&post=16570"}],"version-history":[{"count":0,"href":"https:\/\/www.boyacaleinforma.com\/index.php?rest_route=\/wp\/v2\/posts\/16570\/revisions"}],"wp:featuredmedia":[{"embeddable":true,"href":"https:\/\/www.boyacaleinforma.com\/index.php?rest_route=\/wp\/v2\/media\/16580"}],"wp:attachment":[{"href":"https:\/\/www.boyacaleinforma.com\/index.php?rest_route=%2Fwp%2Fv2%2Fmedia&parent=16570"}],"wp:term":[{"taxonomy":"category","embeddable":true,"href":"https:\/\/www.boyacaleinforma.com\/index.php?rest_route=%2Fwp%2Fv2%2Fcategories&post=16570"},{"taxonomy":"post_tag","embeddable":true,"href":"https:\/\/www.boyacaleinforma.com\/index.php?rest_route=%2Fwp%2Fv2%2Ftags&post=16570"}],"curies":[{"name":"wp","href":"https:\/\/api.w.org\/{rel}","templated":true}]}}