{"id":16771,"date":"2024-03-05T13:25:56","date_gmt":"2024-03-05T18:25:56","guid":{"rendered":"https:\/\/www.boyacaleinforma.com\/?p=16771"},"modified":"2024-03-05T13:30:54","modified_gmt":"2024-03-05T18:30:54","slug":"ineos-grenadiers-anuncia-duo-explosivo-para-la-paris-niza-rodriguez-y-bernal-al-frente-copy-copy-copy-copy-copy-copy-copy-copy","status":"publish","type":"post","link":"https:\/\/www.boyacaleinforma.com\/?p=16771","title":{"rendered":"Funcionarios del ICBF de Tunja y Chiquinquir\u00e1 alzan la voz por mejoras laborales y de infraestructura"},"content":{"rendered":"\t\t<div data-elementor-type=\"wp-post\" data-elementor-id=\"16771\" class=\"elementor elementor-16771\" data-elementor-post-type=\"post\">\n\t\t\t\t\t\t<section class=\"elementor-section elementor-top-section elementor-element elementor-element-62b311ee elementor-section-boxed elementor-section-height-default elementor-section-height-default\" data-id=\"62b311ee\" data-element_type=\"section\" data-e-type=\"section\">\n\t\t\t\t\t\t<div class=\"elementor-container elementor-column-gap-default\">\n\t\t\t\t\t<div class=\"elementor-column elementor-col-100 elementor-top-column elementor-element elementor-element-22e424c5\" data-id=\"22e424c5\" data-element_type=\"column\" data-e-type=\"column\">\n\t\t\t<div class=\"elementor-widget-wrap elementor-element-populated\">\n\t\t\t\t\t\t<div class=\"elementor-element elementor-element-7799c32 elementor-widget elementor-widget-image\" data-id=\"7799c32\" data-element_type=\"widget\" data-e-type=\"widget\" data-widget_type=\"image.default\">\n\t\t\t\t<div class=\"elementor-widget-container\">\n\t\t\t\t\t\t\t\t\t\t\t\t<figure class=\"wp-caption\">\n\t\t\t\t\t\t\t\t\t\t<img loading=\"lazy\" width=\"259\" height=\"194\" src=\"https:\/\/www.boyacaleinforma.com\/wp-content\/uploads\/2024\/03\/caracol.jpg\" class=\"attachment-medium_large size-medium_large wp-image-16775\" alt=\"caracol\" loading=\"lazy\" decoding=\"async\" \/>\t\t\t\t\t\t\t\t\t\t\t<figcaption class=\"widget-image-caption wp-caption-text\">Foto: Caracol Radio<\/figcaption>\n\t\t\t\t\t\t\t\t\t\t<\/figure>\n\t\t\t\t\t\t\t\t\t<\/div>\n\t\t\t\t<\/div>\n\t\t\t\t<div class=\"elementor-element elementor-element-16316330 elementor-widget elementor-widget-text-editor\" data-id=\"16316330\" data-element_type=\"widget\" data-e-type=\"widget\" data-widget_type=\"text-editor.default\">\n\t\t\t\t<div class=\"elementor-widget-container\">\n\t\t\t\t\t\t\t\t\t<p class=\"western\" align=\"justify\"><span style=\"color: #000000;\"><span style=\"font-family: Arial, serif;\"><span style=\"font-size: medium;\">En una manifestaci\u00f3n unificada, empleados del Centro Zonal Tunja 2 del Instituto Colombiano de Bienestar Familiar (ICBF) expresaron su descontento, exigiendo condiciones laborales y de infraestructura mejoradas. La protesta tuvo lugar frente a la sede de la entidad, donde los trabajadores buscaron llamar la atenci\u00f3n de los directivos para garantizar un entorno m\u00e1s propicio para llevar a cabo sus responsabilidades diarias.<\/span><\/span><\/span><\/p><p class=\"western\" align=\"justify\"><span style=\"color: #000000;\"><span style=\"font-family: Arial, serif;\"><span style=\"font-size: medium;\">No es solo el personal del Centro Zonal Tunja 2 el que demanda mejoras; tambi\u00e9n los funcionarios de Chiquinquir\u00e1 han alzado su voz, solicitando instalaciones adecuadas para realizar eficientemente su labor diaria. Pilar Forero, l\u00edder en Boyac\u00e1, subray\u00f3 la importancia de atender las necesidades de los trabajadores del ICBF en ambos lugares.<\/span><\/span><\/span><\/p><p class=\"western\" align=\"justify\"><span style=\"color: #000000;\"><span style=\"font-family: Arial, serif;\"><span style=\"font-size: medium;\">\u00abForero destac\u00f3 el papel fundamental que desempe\u00f1a el ICBF en la protecci\u00f3n de los menores de edad en el departamento de Boyac\u00e1. Adem\u00e1s, se\u00f1al\u00f3 las dificultades que enfrentan los trabajadores, quienes carecen de recursos, equipos inform\u00e1ticos y sistemas necesarios para desempe\u00f1ar sus funciones. Tanto el Instituto Zonal de Tunja n\u00famero 2 como el instituto de Chiquinquir\u00e1 operan con instalaciones que datan de m\u00e1s de dos d\u00e9cadas y se encuentran en un estado deficiente\u00bb, afirm\u00f3.<\/span><\/span><\/span><\/p><p class=\"western\" align=\"justify\"><span style=\"color: #000000;\"><span style=\"font-family: Arial, serif;\"><span style=\"font-size: medium;\">La lideresa enfatiz\u00f3 que las condiciones actuales no solo afectan a los trabajadores sino que tambi\u00e9n impactan directamente en la calidad del servicio ofrecido a los ni\u00f1os, no solo en Boyac\u00e1 sino en todo el pa\u00eds. Forero destac\u00f3 que la directora nacional del ICBF a\u00fan no ha emitido ning\u00fan pronunciamiento ante las crecientes preocupaciones planteadas.<\/span><\/span><\/span><\/p><p class=\"western\" align=\"justify\"><span style=\"color: #000000;\"><span style=\"font-family: Arial, serif;\"><span style=\"font-size: medium;\">\u00abEs imperativo hacer ver que el trabajo de estos empleados es crucial para la protecci\u00f3n de nuestros ni\u00f1os. No solo en Boyac\u00e1, sino en gran parte del pa\u00eds, donde se han registrado molestias en hogares sustitutos y centros zonales debido a esta problem\u00e1tica\u00bb, enfatiz\u00f3 Forero.<\/span><\/span><\/span><\/p><p class=\"western\" align=\"justify\"><span style=\"color: #000000;\"><span style=\"font-family: Arial, serif;\"><span style=\"font-size: medium;\">Si las condiciones laborales y de infraestructura no experimentan mejoras significativas para los trabajadores en las sedes de Tunja y Chiquinquir\u00e1, advierten que podr\u00edan retomar las protestas como medida de presi\u00f3n para obtener respuestas y soluciones concretas. La atenci\u00f3n a estas demandas se convierte en una prioridad para garantizar el bienestar tanto de los trabajadores como de los ni\u00f1os bajo el cuidado del ICBF.<\/span><\/span><\/span><\/p>\t\t\t\t\t\t\t\t<\/div>\n\t\t\t\t<\/div>\n\t\t\t\t\t<\/div>\n\t\t<\/div>\n\t\t\t\t\t<\/div>\n\t\t<\/section>\n\t\t\t\t<\/div>\n\t\t","protected":false},"excerpt":{"rendered":"<p>Foto: Caracol Radio En una manifestaci\u00f3n unificada, empleados del Centro Zonal Tunja 2 del Instituto Colombiano de Bienestar<\/p>\n","protected":false},"author":1,"featured_media":16775,"comment_status":"open","ping_status":"open","sticky":false,"template":"","format":"image","meta":{"om_disable_all_campaigns":false,"_monsterinsights_skip_tracking":false,"_monsterinsights_sitenote_active":false,"_monsterinsights_sitenote_note":"","_monsterinsights_sitenote_category":0,"footnotes":""},"categories":[5],"tags":[10],"class_list":["post-16771","post","type-post","status-publish","format-image","has-post-thumbnail","hentry","category-boyaca","tag-noticias","post_format-post-format-image"],"aioseo_notices":[],"_links":{"self":[{"href":"https:\/\/www.boyacaleinforma.com\/index.php?rest_route=\/wp\/v2\/posts\/16771","targetHints":{"allow":["GET"]}}],"collection":[{"href":"https:\/\/www.boyacaleinforma.com\/index.php?rest_route=\/wp\/v2\/posts"}],"about":[{"href":"https:\/\/www.boyacaleinforma.com\/index.php?rest_route=\/wp\/v2\/types\/post"}],"author":[{"embeddable":true,"href":"https:\/\/www.boyacaleinforma.com\/index.php?rest_route=\/wp\/v2\/users\/1"}],"replies":[{"embeddable":true,"href":"https:\/\/www.boyacaleinforma.com\/index.php?rest_route=%2Fwp%2Fv2%2Fcomments&post=16771"}],"version-history":[{"count":0,"href":"https:\/\/www.boyacaleinforma.com\/index.php?rest_route=\/wp\/v2\/posts\/16771\/revisions"}],"wp:featuredmedia":[{"embeddable":true,"href":"https:\/\/www.boyacaleinforma.com\/index.php?rest_route=\/wp\/v2\/media\/16775"}],"wp:attachment":[{"href":"https:\/\/www.boyacaleinforma.com\/index.php?rest_route=%2Fwp%2Fv2%2Fmedia&parent=16771"}],"wp:term":[{"taxonomy":"category","embeddable":true,"href":"https:\/\/www.boyacaleinforma.com\/index.php?rest_route=%2Fwp%2Fv2%2Fcategories&post=16771"},{"taxonomy":"post_tag","embeddable":true,"href":"https:\/\/www.boyacaleinforma.com\/index.php?rest_route=%2Fwp%2Fv2%2Ftags&post=16771"}],"curies":[{"name":"wp","href":"https:\/\/api.w.org\/{rel}","templated":true}]}}