{"id":16846,"date":"2024-03-06T18:40:33","date_gmt":"2024-03-06T23:40:33","guid":{"rendered":"https:\/\/www.boyacaleinforma.com\/?p=16846"},"modified":"2024-03-06T18:58:45","modified_gmt":"2024-03-06T23:58:45","slug":"funcionarios-del-icbf-de-tunja-y-chiquinquira-alzan-la-voz-por-mejoras-laborales-y-de-infraestructura-copy","status":"publish","type":"post","link":"https:\/\/www.boyacaleinforma.com\/?p=16846","title":{"rendered":"Alcalde de Tunja, Mikhail Krasnov, encabeza soluciones conjuntas para la vereda de Pirgua"},"content":{"rendered":"\t\t<div data-elementor-type=\"wp-post\" data-elementor-id=\"16846\" class=\"elementor elementor-16846\" data-elementor-post-type=\"post\">\n\t\t\t\t\t\t<section class=\"elementor-section elementor-top-section elementor-element elementor-element-62b311ee elementor-section-boxed elementor-section-height-default elementor-section-height-default\" data-id=\"62b311ee\" data-element_type=\"section\" data-e-type=\"section\">\n\t\t\t\t\t\t<div class=\"elementor-container elementor-column-gap-default\">\n\t\t\t\t\t<div class=\"elementor-column elementor-col-100 elementor-top-column elementor-element elementor-element-22e424c5\" data-id=\"22e424c5\" data-element_type=\"column\" data-e-type=\"column\">\n\t\t\t<div class=\"elementor-widget-wrap elementor-element-populated\">\n\t\t\t\t\t\t<div class=\"elementor-element elementor-element-7799c32 elementor-widget elementor-widget-image\" data-id=\"7799c32\" data-element_type=\"widget\" data-e-type=\"widget\" data-widget_type=\"image.default\">\n\t\t\t\t<div class=\"elementor-widget-container\">\n\t\t\t\t\t\t\t\t\t\t\t\t<figure class=\"wp-caption\">\n\t\t\t\t\t\t\t\t\t\t<img loading=\"lazy\" width=\"640\" height=\"480\" src=\"https:\/\/www.boyacaleinforma.com\/wp-content\/uploads\/2024\/03\/el-diairo-768x576.jpeg\" class=\"attachment-medium_large size-medium_large wp-image-16858\" alt=\"el diairo\" srcset=\"https:\/\/www.boyacaleinforma.com\/wp-content\/uploads\/2024\/03\/el-diairo-768x576.jpeg 768w, https:\/\/www.boyacaleinforma.com\/wp-content\/uploads\/2024\/03\/el-diairo-300x225.jpeg 300w, https:\/\/www.boyacaleinforma.com\/wp-content\/uploads\/2024\/03\/el-diairo-1024x768.jpeg 1024w, https:\/\/www.boyacaleinforma.com\/wp-content\/uploads\/2024\/03\/el-diairo.jpeg 1310w\" sizes=\"auto, (max-width: 640px) 100vw, 640px\" loading=\"lazy\" decoding=\"async\" \/>\t\t\t\t\t\t\t\t\t\t\t<figcaption class=\"widget-image-caption wp-caption-text\">Foto: El Diario<\/figcaption>\n\t\t\t\t\t\t\t\t\t\t<\/figure>\n\t\t\t\t\t\t\t\t\t<\/div>\n\t\t\t\t<\/div>\n\t\t\t\t<div class=\"elementor-element elementor-element-16316330 elementor-widget elementor-widget-text-editor\" data-id=\"16316330\" data-element_type=\"widget\" data-e-type=\"widget\" data-widget_type=\"text-editor.default\">\n\t\t\t\t<div class=\"elementor-widget-container\">\n\t\t\t\t\t\t\t\t\t<p class=\"western\" align=\"justify\"><span style=\"font-family: Arial, sans-serif;\"><span style=\"font-size: medium;\"><span style=\"color: #000000;\"><span style=\"font-family: Arial, serif;\">El Alcalde Mayor de Tunja, Mikhail Krasnov, lider\u00f3 una mesa de trabajo intersectorial el domingo 3 de marzo, en la que participaron la Gobernaci\u00f3n de Boyac\u00e1, Corpoboyac\u00e1, empresas de servicios p\u00fablicos, l\u00edderes comunitarios y representantes de la sociedad en general. El objetivo de la reuni\u00f3n fue abordar de manera integral los desaf\u00edos ambientales, sociales, viales y econ\u00f3micos que enfrenta la vereda de Pirgua. Como resultado de esta colaboraci\u00f3n, se anunciaron acciones concretas para atender las necesidades de la comunidad.<\/span><\/span><\/span><\/span><\/p><p class=\"western\" align=\"justify\"><span style=\"font-family: Arial, sans-serif;\"><span style=\"font-size: medium;\"><span style=\"color: #000000;\"><span style=\"font-family: Arial, serif;\">La mesa t\u00e9cnica interinstitucional, liderada por el Alcalde Krasnov, abord\u00f3 diversos temas relacionados con el relleno sanitario y la disposici\u00f3n final de residuos s\u00f3lidos, as\u00ed como aspectos cruciales de movilidad, seguridad, turismo, emprendimiento y el an\u00e1lisis del cumplimiento de acuerdos por parte de las empresas prestadoras de servicios p\u00fablicos.<\/span><\/span><\/span><\/span><\/p><p class=\"western\" align=\"justify\"><span style=\"font-family: Arial, sans-serif;\"><span style=\"font-size: medium;\"><span style=\"color: #000000;\"><span style=\"font-family: Arial, serif;\">En la mesa de trabajo participaron representantes de las secretar\u00edas de Ambiente, Interior, Salud, Planeaci\u00f3n, Fomento Econ\u00f3mico y Servicios P\u00fablicos, con la presencia destacada de la Gobernadora de Boyac\u00e1 (E), Mar\u00eda Alejandra Pico Gama. Adem\u00e1s, estuvieron presentes representantes de Veolia, Urbaser y Corpoboyac\u00e1, la Polic\u00eda Ambiental, l\u00edderes comunitarios de la vereda Pirgua y presidentes de las juntas de acci\u00f3n comunal de los barrios circundantes.<\/span><\/span><\/span><\/span><\/p><p class=\"western\" align=\"justify\"><span style=\"font-family: Arial, sans-serif;\"><span style=\"font-size: medium;\"><span style=\"color: #000000;\"><span style=\"font-family: Arial, serif;\">La Alcald\u00eda Mayor de Tunja reafirm\u00f3 su compromiso con acciones estrat\u00e9gicas destinadas a abordar las demandas planteadas por la comunidad. La reuni\u00f3n tambi\u00e9n busc\u00f3 establecer nuevas visiones sociales, promover la sostenibilidad ambiental desde el \u00e1mbito educativo y asignar recursos econ\u00f3micos para atender las necesidades m\u00e1s apremiantes de este sector de la ciudad.<\/span><\/span><\/span><\/span><\/p><p class=\"western\" align=\"justify\"><span style=\"font-family: Arial, sans-serif;\"><span style=\"font-size: medium;\"><span style=\"color: #000000;\"><span style=\"font-family: Arial, serif;\">Este enfoque integral demuestra la voluntad y determinaci\u00f3n de las autoridades locales para abordar de manera efectiva los retos y promover el bienestar de la comunidad de Pirgua. La colaboraci\u00f3n interinstitucional refuerza el compromiso de la Alcald\u00eda Mayor de Tunja en la b\u00fasqueda de soluciones que mejoren la calidad de vida de sus habitantes y promuevan un desarrollo sostenible en la regi\u00f3n. <\/span><\/span><\/span><\/span><\/p>\t\t\t\t\t\t\t\t<\/div>\n\t\t\t\t<\/div>\n\t\t\t\t\t<\/div>\n\t\t<\/div>\n\t\t\t\t\t<\/div>\n\t\t<\/section>\n\t\t\t\t<\/div>\n\t\t","protected":false},"excerpt":{"rendered":"<p>Foto: El Diario El Alcalde Mayor de Tunja, Mikhail Krasnov, lider\u00f3 una mesa de trabajo intersectorial el domingo<\/p>\n","protected":false},"author":1,"featured_media":16858,"comment_status":"open","ping_status":"open","sticky":false,"template":"","format":"image","meta":{"om_disable_all_campaigns":false,"_monsterinsights_skip_tracking":false,"_monsterinsights_sitenote_active":false,"_monsterinsights_sitenote_note":"","_monsterinsights_sitenote_category":0,"footnotes":""},"categories":[6],"tags":[10],"class_list":["post-16846","post","type-post","status-publish","format-image","has-post-thumbnail","hentry","category-tunja","tag-noticias","post_format-post-format-image"],"aioseo_notices":[],"_links":{"self":[{"href":"https:\/\/www.boyacaleinforma.com\/index.php?rest_route=\/wp\/v2\/posts\/16846","targetHints":{"allow":["GET"]}}],"collection":[{"href":"https:\/\/www.boyacaleinforma.com\/index.php?rest_route=\/wp\/v2\/posts"}],"about":[{"href":"https:\/\/www.boyacaleinforma.com\/index.php?rest_route=\/wp\/v2\/types\/post"}],"author":[{"embeddable":true,"href":"https:\/\/www.boyacaleinforma.com\/index.php?rest_route=\/wp\/v2\/users\/1"}],"replies":[{"embeddable":true,"href":"https:\/\/www.boyacaleinforma.com\/index.php?rest_route=%2Fwp%2Fv2%2Fcomments&post=16846"}],"version-history":[{"count":0,"href":"https:\/\/www.boyacaleinforma.com\/index.php?rest_route=\/wp\/v2\/posts\/16846\/revisions"}],"wp:featuredmedia":[{"embeddable":true,"href":"https:\/\/www.boyacaleinforma.com\/index.php?rest_route=\/wp\/v2\/media\/16858"}],"wp:attachment":[{"href":"https:\/\/www.boyacaleinforma.com\/index.php?rest_route=%2Fwp%2Fv2%2Fmedia&parent=16846"}],"wp:term":[{"taxonomy":"category","embeddable":true,"href":"https:\/\/www.boyacaleinforma.com\/index.php?rest_route=%2Fwp%2Fv2%2Fcategories&post=16846"},{"taxonomy":"post_tag","embeddable":true,"href":"https:\/\/www.boyacaleinforma.com\/index.php?rest_route=%2Fwp%2Fv2%2Ftags&post=16846"}],"curies":[{"name":"wp","href":"https:\/\/api.w.org\/{rel}","templated":true}]}}