{"id":16848,"date":"2024-03-06T18:41:00","date_gmt":"2024-03-06T23:41:00","guid":{"rendered":"https:\/\/www.boyacaleinforma.com\/?p=16848"},"modified":"2024-03-06T18:55:09","modified_gmt":"2024-03-06T23:55:09","slug":"funcionarios-del-icbf-de-tunja-y-chiquinquira-alzan-la-voz-por-mejoras-laborales-y-de-infraestructura-copy-copy-copy","status":"publish","type":"post","link":"https:\/\/www.boyacaleinforma.com\/?p=16848","title":{"rendered":"Ajuste al alza en el precio base de la leche cruda: Incremento del 3,56% a partir de marzo"},"content":{"rendered":"\t\t<div data-elementor-type=\"wp-post\" data-elementor-id=\"16848\" class=\"elementor elementor-16848\" data-elementor-post-type=\"post\">\n\t\t\t\t\t\t<section class=\"elementor-section elementor-top-section elementor-element elementor-element-62b311ee elementor-section-boxed elementor-section-height-default elementor-section-height-default\" data-id=\"62b311ee\" data-element_type=\"section\" data-e-type=\"section\">\n\t\t\t\t\t\t<div class=\"elementor-container elementor-column-gap-default\">\n\t\t\t\t\t<div class=\"elementor-column elementor-col-100 elementor-top-column elementor-element elementor-element-22e424c5\" data-id=\"22e424c5\" data-element_type=\"column\" data-e-type=\"column\">\n\t\t\t<div class=\"elementor-widget-wrap elementor-element-populated\">\n\t\t\t\t\t\t<div class=\"elementor-element elementor-element-7799c32 elementor-widget elementor-widget-image\" data-id=\"7799c32\" data-element_type=\"widget\" data-e-type=\"widget\" data-widget_type=\"image.default\">\n\t\t\t\t<div class=\"elementor-widget-container\">\n\t\t\t\t\t\t\t\t\t\t\t\t<figure class=\"wp-caption\">\n\t\t\t\t\t\t\t\t\t\t<img loading=\"lazy\" width=\"640\" height=\"430\" src=\"https:\/\/www.boyacaleinforma.com\/wp-content\/uploads\/2024\/03\/SEMANA-OK-768x516.jpg\" class=\"attachment-medium_large size-medium_large wp-image-16860\" alt=\"Cows eating in a milking station at a dairy farm\" srcset=\"https:\/\/www.boyacaleinforma.com\/wp-content\/uploads\/2024\/03\/SEMANA-OK-768x516.jpg 768w, https:\/\/www.boyacaleinforma.com\/wp-content\/uploads\/2024\/03\/SEMANA-OK-300x202.jpg 300w, https:\/\/www.boyacaleinforma.com\/wp-content\/uploads\/2024\/03\/SEMANA-OK-1024x688.jpg 1024w, https:\/\/www.boyacaleinforma.com\/wp-content\/uploads\/2024\/03\/SEMANA-OK-1536x1033.jpg 1536w, https:\/\/www.boyacaleinforma.com\/wp-content\/uploads\/2024\/03\/SEMANA-OK-2048x1377.jpg 2048w\" sizes=\"auto, (max-width: 640px) 100vw, 640px\" loading=\"lazy\" decoding=\"async\" \/>\t\t\t\t\t\t\t\t\t\t\t<figcaption class=\"widget-image-caption wp-caption-text\">Foto: Semana<\/figcaption>\n\t\t\t\t\t\t\t\t\t\t<\/figure>\n\t\t\t\t\t\t\t\t\t<\/div>\n\t\t\t\t<\/div>\n\t\t\t\t<div class=\"elementor-element elementor-element-16316330 elementor-widget elementor-widget-text-editor\" data-id=\"16316330\" data-element_type=\"widget\" data-e-type=\"widget\" data-widget_type=\"text-editor.default\">\n\t\t\t\t<div class=\"elementor-widget-container\">\n\t\t\t\t\t\t\t\t\t<p class=\"western\" align=\"justify\"><span style=\"font-family: Arial, sans-serif;\"><span style=\"font-size: medium;\"><span style=\"color: #000000;\"><span style=\"font-family: Arial, serif;\">En un comunicado emitido por el Ministerio de Agricultura y Desarrollo Rural, se informa que a partir del primero de marzo del presente a\u00f1o se llevar\u00e1 a cabo un ajuste al alza en el precio base de la leche cruda, con un incremento del 3,56%. Esta medida, enmarcada en la Resoluci\u00f3n 017 de 2012, responde a la aplicaci\u00f3n del \u00cdndice Compuesto del Sector L\u00e1cteo.<\/span><\/span><\/span><\/span><\/p><p class=\"western\" align=\"justify\"><span style=\"font-family: Arial, sans-serif;\"><span style=\"font-size: medium;\"><span style=\"color: #000000;\"><span style=\"font-family: Arial, serif;\">La decisi\u00f3n fue respaldada y ratificada durante la Sesi\u00f3n Ordinaria del Consejo Nacional L\u00e1cteo, en la cual la Unidad de Seguimiento de Precios del Ministerio present\u00f3 las cifras pertinentes. Este incremento busca equilibrar y ajustar de manera justa el valor de la leche cruda en consonancia con las condiciones del mercado y los costos de producci\u00f3n.<\/span><\/span><\/span><\/span><\/p><p class=\"western\" align=\"justify\"><span style=\"font-family: Arial, sans-serif;\"><span style=\"font-size: medium;\"><span style=\"color: #000000;\"><span style=\"font-family: Arial, serif;\">El Consejo Nacional L\u00e1cteo, en su papel de entidad encargada de analizar y proponer medidas para fortalecer el sector l\u00e1cteo del pa\u00eds, respalda este ajuste como una medida necesaria para garantizar la sostenibilidad y rentabilidad de los productores de leche cruda.<\/span><\/span><\/span><\/span><\/p><p class=\"western\" align=\"justify\"><span style=\"font-family: Arial, sans-serif;\"><span style=\"font-size: medium;\"><span style=\"color: #000000;\"><span style=\"font-family: Arial, serif;\">Cabe destacar que este reajuste no solo tiene implicaciones econ\u00f3micas para los productores, sino que tambi\u00e9n refleja el compromiso del Ministerio de Agricultura y Desarrollo Rural en velar por la estabilidad y desarrollo de la cadena productiva l\u00e1ctea en Colombia. Se espera que este incremento contribuya al bienestar de los productores y promueva la calidad y sostenibilidad en la producci\u00f3n de leche cruda en el pa\u00eds.<\/span><\/span><\/span><\/span><\/p>\t\t\t\t\t\t\t\t<\/div>\n\t\t\t\t<\/div>\n\t\t\t\t\t<\/div>\n\t\t<\/div>\n\t\t\t\t\t<\/div>\n\t\t<\/section>\n\t\t\t\t<\/div>\n\t\t","protected":false},"excerpt":{"rendered":"<p>Foto: Semana En un comunicado emitido por el Ministerio de Agricultura y Desarrollo Rural, se informa que a<\/p>\n","protected":false},"author":1,"featured_media":16860,"comment_status":"open","ping_status":"open","sticky":false,"template":"","format":"image","meta":{"om_disable_all_campaigns":false,"_monsterinsights_skip_tracking":false,"_monsterinsights_sitenote_active":false,"_monsterinsights_sitenote_note":"","_monsterinsights_sitenote_category":0,"footnotes":""},"categories":[9],"tags":[10],"class_list":["post-16848","post","type-post","status-publish","format-image","has-post-thumbnail","hentry","category-colombia","tag-noticias","post_format-post-format-image"],"aioseo_notices":[],"_links":{"self":[{"href":"https:\/\/www.boyacaleinforma.com\/index.php?rest_route=\/wp\/v2\/posts\/16848","targetHints":{"allow":["GET"]}}],"collection":[{"href":"https:\/\/www.boyacaleinforma.com\/index.php?rest_route=\/wp\/v2\/posts"}],"about":[{"href":"https:\/\/www.boyacaleinforma.com\/index.php?rest_route=\/wp\/v2\/types\/post"}],"author":[{"embeddable":true,"href":"https:\/\/www.boyacaleinforma.com\/index.php?rest_route=\/wp\/v2\/users\/1"}],"replies":[{"embeddable":true,"href":"https:\/\/www.boyacaleinforma.com\/index.php?rest_route=%2Fwp%2Fv2%2Fcomments&post=16848"}],"version-history":[{"count":0,"href":"https:\/\/www.boyacaleinforma.com\/index.php?rest_route=\/wp\/v2\/posts\/16848\/revisions"}],"wp:featuredmedia":[{"embeddable":true,"href":"https:\/\/www.boyacaleinforma.com\/index.php?rest_route=\/wp\/v2\/media\/16860"}],"wp:attachment":[{"href":"https:\/\/www.boyacaleinforma.com\/index.php?rest_route=%2Fwp%2Fv2%2Fmedia&parent=16848"}],"wp:term":[{"taxonomy":"category","embeddable":true,"href":"https:\/\/www.boyacaleinforma.com\/index.php?rest_route=%2Fwp%2Fv2%2Fcategories&post=16848"},{"taxonomy":"post_tag","embeddable":true,"href":"https:\/\/www.boyacaleinforma.com\/index.php?rest_route=%2Fwp%2Fv2%2Ftags&post=16848"}],"curies":[{"name":"wp","href":"https:\/\/api.w.org\/{rel}","templated":true}]}}