{"id":17988,"date":"2024-04-08T08:10:21","date_gmt":"2024-04-08T13:10:21","guid":{"rendered":"https:\/\/www.boyacaleinforma.com\/?p=17988"},"modified":"2024-04-08T08:26:04","modified_gmt":"2024-04-08T13:26:04","slug":"reforma-pensional-sigue-en-debate-en-el-congreso-ministra-del-trabajo-celebra-avances-copy-copy","status":"publish","type":"post","link":"https:\/\/www.boyacaleinforma.com\/?p=17988","title":{"rendered":"Costo de la canasta familiar sigue a la baja en marzo, Gobierno insiste en reducci\u00f3n de tasas de inter\u00e9s"},"content":{"rendered":"\t\t<div data-elementor-type=\"wp-post\" data-elementor-id=\"17988\" class=\"elementor elementor-17988\" data-elementor-post-type=\"post\">\n\t\t\t\t\t\t<section class=\"elementor-section elementor-top-section elementor-element elementor-element-62b311ee elementor-section-boxed elementor-section-height-default elementor-section-height-default\" data-id=\"62b311ee\" data-element_type=\"section\" data-e-type=\"section\">\n\t\t\t\t\t\t<div class=\"elementor-container elementor-column-gap-default\">\n\t\t\t\t\t<div class=\"elementor-column elementor-col-100 elementor-top-column elementor-element elementor-element-22e424c5\" data-id=\"22e424c5\" data-element_type=\"column\" data-e-type=\"column\">\n\t\t\t<div class=\"elementor-widget-wrap elementor-element-populated\">\n\t\t\t\t\t\t<div class=\"elementor-element elementor-element-7799c32 elementor-widget elementor-widget-image\" data-id=\"7799c32\" data-element_type=\"widget\" data-e-type=\"widget\" data-widget_type=\"image.default\">\n\t\t\t\t<div class=\"elementor-widget-container\">\n\t\t\t\t\t\t\t\t\t\t\t\t<figure class=\"wp-caption\">\n\t\t\t\t\t\t\t\t\t\t<img loading=\"lazy\" width=\"640\" height=\"360\" src=\"https:\/\/www.boyacaleinforma.com\/wp-content\/uploads\/2024\/04\/corrillos-768x432.jpg\" class=\"attachment-medium_large size-medium_large wp-image-17977\" alt=\"corrillos\" srcset=\"https:\/\/www.boyacaleinforma.com\/wp-content\/uploads\/2024\/04\/corrillos-768x432.jpg 768w, https:\/\/www.boyacaleinforma.com\/wp-content\/uploads\/2024\/04\/corrillos-300x169.jpg 300w, https:\/\/www.boyacaleinforma.com\/wp-content\/uploads\/2024\/04\/corrillos.jpg 860w\" sizes=\"auto, (max-width: 640px) 100vw, 640px\" loading=\"lazy\" decoding=\"async\" \/>\t\t\t\t\t\t\t\t\t\t\t<figcaption class=\"widget-image-caption wp-caption-text\">Foto: Corrillos<\/figcaption>\n\t\t\t\t\t\t\t\t\t\t<\/figure>\n\t\t\t\t\t\t\t\t\t<\/div>\n\t\t\t\t<\/div>\n\t\t\t\t<div class=\"elementor-element elementor-element-16316330 elementor-widget elementor-widget-text-editor\" data-id=\"16316330\" data-element_type=\"widget\" data-e-type=\"widget\" data-widget_type=\"text-editor.default\">\n\t\t\t\t<div class=\"elementor-widget-container\">\n\t\t\t\t\t\t\t\t\t<p class=\"western\" align=\"justify\"><span style=\"color: #000000;\"><span style=\"font-family: Arial, serif;\"><span style=\"font-size: medium;\">El Departamento Administrativo Nacional de Estad\u00edstica (DANE) inform\u00f3 que el costo de la canasta familiar continu\u00f3 descendiendo durante el mes de marzo, reflejando una variaci\u00f3n anual del \u00cdndice de Precios al Consumidor (IPC) del 7,36 %, en comparaci\u00f3n con el 13,34 % registrado en 2023. Esta tendencia a la baja se ha mantenido durante el primer trimestre de 2024, con una variaci\u00f3n del IPC del 2,73 % entre enero y marzo, lo que representa una disminuci\u00f3n de 1,83 puntos porcentuales en comparaci\u00f3n con el mismo per\u00edodo del a\u00f1o anterior, cuando se situ\u00f3 en 4,56 %.<\/span><\/span><\/span><\/p><p class=\"western\" align=\"justify\"><span style=\"color: #000000;\"><span style=\"font-family: Arial, serif;\"><span style=\"font-size: medium;\">El Gobierno ha destacado estos resultados como un indicador positivo de la efectividad de las pol\u00edticas implementadas para controlar los precios de bienes y servicios.<\/span><\/span><\/span><\/p><p class=\"western\" align=\"justify\"><span style=\"color: #000000;\"><span style=\"font-family: Arial, serif;\"><span style=\"font-size: medium;\">Seg\u00fan el informe del DANE, las ciudades con los registros m\u00e1s altos de IPC anual son Valledupar (9,49 %), Riohacha (8,94 %) y Monter\u00eda (8,62 %), mientras que los m\u00e1s bajos se encuentran en Ibagu\u00e9 (6,13 %), Popay\u00e1n (5,6 %) y Villavicencio (5,17 %).<\/span><\/span><\/span><\/p><p class=\"western\" align=\"justify\"><span style=\"color: #000000;\"><span style=\"font-family: Arial, serif;\"><span style=\"font-size: medium;\">El Ministro de Hacienda y Cr\u00e9dito P\u00fablico, Ricardo Bonilla Gonz\u00e1lez, ha destacado que estos datos refuerzan la posibilidad de que el Banco de la Rep\u00fablica acelere la reducci\u00f3n de las tasas de inter\u00e9s, lo que podr\u00eda estimular a\u00fan m\u00e1s la econom\u00eda y contrarrestar la inflaci\u00f3n.<\/span><\/span><\/span><\/p><p class=\"western\" align=\"justify\"><span style=\"color: #000000;\"><span style=\"font-family: Arial, serif;\"><span style=\"font-size: medium;\">Bonilla Gonz\u00e1lez tambi\u00e9n resalt\u00f3 la tendencia a la baja en los precios de los alimentos, se\u00f1alando que esto es otro indicio importante del \u00e9xito de las pol\u00edticas antiinflacionarias del Gobierno.<\/span><\/span><\/span><\/p><p class=\"western\" align=\"justify\"><span style=\"color: #000000;\"><span style=\"font-family: Arial, serif;\"><span style=\"font-size: medium;\">Estas cifras refuerzan la confianza en la estabilidad econ\u00f3mica del pa\u00eds y la efectividad de las medidas adoptadas para mantener el costo de vida bajo control.<\/span><\/span><\/span><\/p>\t\t\t\t\t\t\t\t<\/div>\n\t\t\t\t<\/div>\n\t\t\t\t\t<\/div>\n\t\t<\/div>\n\t\t\t\t\t<\/div>\n\t\t<\/section>\n\t\t\t\t<\/div>\n\t\t","protected":false},"excerpt":{"rendered":"<p>Foto: Corrillos El Departamento Administrativo Nacional de Estad\u00edstica (DANE) inform\u00f3 que el costo de la canasta familiar continu\u00f3<\/p>\n","protected":false},"author":1,"featured_media":17977,"comment_status":"open","ping_status":"open","sticky":false,"template":"","format":"image","meta":{"om_disable_all_campaigns":false,"_monsterinsights_skip_tracking":false,"_monsterinsights_sitenote_active":false,"_monsterinsights_sitenote_note":"","_monsterinsights_sitenote_category":0,"footnotes":""},"categories":[9],"tags":[10],"class_list":["post-17988","post","type-post","status-publish","format-image","has-post-thumbnail","hentry","category-colombia","tag-noticias","post_format-post-format-image"],"aioseo_notices":[],"_links":{"self":[{"href":"https:\/\/www.boyacaleinforma.com\/index.php?rest_route=\/wp\/v2\/posts\/17988","targetHints":{"allow":["GET"]}}],"collection":[{"href":"https:\/\/www.boyacaleinforma.com\/index.php?rest_route=\/wp\/v2\/posts"}],"about":[{"href":"https:\/\/www.boyacaleinforma.com\/index.php?rest_route=\/wp\/v2\/types\/post"}],"author":[{"embeddable":true,"href":"https:\/\/www.boyacaleinforma.com\/index.php?rest_route=\/wp\/v2\/users\/1"}],"replies":[{"embeddable":true,"href":"https:\/\/www.boyacaleinforma.com\/index.php?rest_route=%2Fwp%2Fv2%2Fcomments&post=17988"}],"version-history":[{"count":0,"href":"https:\/\/www.boyacaleinforma.com\/index.php?rest_route=\/wp\/v2\/posts\/17988\/revisions"}],"wp:featuredmedia":[{"embeddable":true,"href":"https:\/\/www.boyacaleinforma.com\/index.php?rest_route=\/wp\/v2\/media\/17977"}],"wp:attachment":[{"href":"https:\/\/www.boyacaleinforma.com\/index.php?rest_route=%2Fwp%2Fv2%2Fmedia&parent=17988"}],"wp:term":[{"taxonomy":"category","embeddable":true,"href":"https:\/\/www.boyacaleinforma.com\/index.php?rest_route=%2Fwp%2Fv2%2Fcategories&post=17988"},{"taxonomy":"post_tag","embeddable":true,"href":"https:\/\/www.boyacaleinforma.com\/index.php?rest_route=%2Fwp%2Fv2%2Ftags&post=17988"}],"curies":[{"name":"wp","href":"https:\/\/api.w.org\/{rel}","templated":true}]}}