{"id":17990,"date":"2024-04-08T08:10:43","date_gmt":"2024-04-08T13:10:43","guid":{"rendered":"https:\/\/www.boyacaleinforma.com\/?p=17990"},"modified":"2024-04-08T08:20:51","modified_gmt":"2024-04-08T13:20:51","slug":"reforma-pensional-sigue-en-debate-en-el-congreso-ministra-del-trabajo-celebra-avances-copy-copy-copy-copy","status":"publish","type":"post","link":"https:\/\/www.boyacaleinforma.com\/?p=17990","title":{"rendered":"Deficiencias de higiene en cocina del PAE de Jenesano, Boyac\u00e1, preocupan a la Procuradur\u00eda"},"content":{"rendered":"\t\t<div data-elementor-type=\"wp-post\" data-elementor-id=\"17990\" class=\"elementor elementor-17990\" data-elementor-post-type=\"post\">\n\t\t\t\t\t\t<section class=\"elementor-section elementor-top-section elementor-element elementor-element-62b311ee elementor-section-boxed elementor-section-height-default elementor-section-height-default\" data-id=\"62b311ee\" data-element_type=\"section\" data-e-type=\"section\">\n\t\t\t\t\t\t<div class=\"elementor-container elementor-column-gap-default\">\n\t\t\t\t\t<div class=\"elementor-column elementor-col-100 elementor-top-column elementor-element elementor-element-22e424c5\" data-id=\"22e424c5\" data-element_type=\"column\" data-e-type=\"column\">\n\t\t\t<div class=\"elementor-widget-wrap elementor-element-populated\">\n\t\t\t\t\t\t<div class=\"elementor-element elementor-element-7799c32 elementor-widget elementor-widget-image\" data-id=\"7799c32\" data-element_type=\"widget\" data-e-type=\"widget\" data-widget_type=\"image.default\">\n\t\t\t\t<div class=\"elementor-widget-container\">\n\t\t\t\t\t\t\t\t\t\t\t\t<figure class=\"wp-caption\">\n\t\t\t\t\t\t\t\t\t\t<img decoding=\"async\" src=\"https:\/\/www.boyacaleinforma.com\/wp-content\/uploads\/2024\/04\/procuraduria-jenesano.jpg\" title=\"\" alt=\"\" loading=\"lazy\" \/>\t\t\t\t\t\t\t\t\t\t\t<figcaption class=\"widget-image-caption wp-caption-text\">Foto: Procuradur\u00eda<\/figcaption>\n\t\t\t\t\t\t\t\t\t\t<\/figure>\n\t\t\t\t\t\t\t\t\t<\/div>\n\t\t\t\t<\/div>\n\t\t\t\t<div class=\"elementor-element elementor-element-16316330 elementor-widget elementor-widget-text-editor\" data-id=\"16316330\" data-element_type=\"widget\" data-e-type=\"widget\" data-widget_type=\"text-editor.default\">\n\t\t\t\t<div class=\"elementor-widget-container\">\n\t\t\t\t\t\t\t\t\t<p class=\"western\" align=\"justify\"><span style=\"color: #000000;\"><span style=\"font-family: Arial, serif;\"><span style=\"font-size: medium;\">La Procuradur\u00eda General de la Naci\u00f3n ha emitido una advertencia sobre las deficiencias de higiene encontradas en la cocina del colegio Instituci\u00f3n Educativa T\u00e9cnica Comercial del municipio de Jenesano, Boyac\u00e1, donde se preparan alimentos que son distribuidos a 554 estudiantes a trav\u00e9s del Programa de Alimentaci\u00f3n Escolar (PAE).<\/span><\/span><\/span><\/p><p class=\"western\" align=\"justify\"><span style=\"color: #000000;\"><span style=\"font-family: Arial, serif;\"><span style=\"font-size: medium;\">Durante una visita realizada el pasado 22 de marzo de 2024, el equipo del Ministerio P\u00fablico constat\u00f3 que, si bien los alimentos utilizados estaban en buen estado y aptos para el consumo humano, la inadecuada disposici\u00f3n de los residuos en el lugar estaba generando riesgos de contaminaci\u00f3n cruzada de dichos alimentos. Adem\u00e1s, se identific\u00f3 que las instalaciones no contaban con espacio suficiente para separar adecuadamente las \u00e1reas de preparaci\u00f3n de alimentos y lavado de utensilios.<\/span><\/span><\/span><\/p><p class=\"western\" align=\"justify\"><span style=\"color: #000000;\"><span style=\"font-family: Arial, serif;\"><span style=\"font-size: medium;\">\u00abEs preocupante observar deficiencias de higiene en un espacio donde se preparan alimentos destinados a los estudiantes. Aunque los alimentos est\u00e9n en buen estado, es fundamental garantizar condiciones adecuadas de limpieza y manejo para prevenir riesgos para la salud de los beneficiarios del programa\u00bb, se\u00f1al\u00f3 el procurador encargado durante una declaraci\u00f3n oficial.<\/span><\/span><\/span><\/p><p class=\"western\" align=\"justify\"><span style=\"color: #000000;\"><span style=\"font-family: Arial, serif;\"><span style=\"font-size: medium;\">Ante esta situaci\u00f3n, el Ministerio P\u00fablico est\u00e1 evaluando las acciones preventivas que adelantar\u00e1 para garantizar los derechos de los beneficiarios del programa. Se espera que estas acciones incluyan recomendaciones espec\u00edficas para mejorar las condiciones de higiene en la cocina del colegio, as\u00ed como la supervisi\u00f3n continua por parte de las autoridades competentes para asegurar el cumplimiento de las normas sanitarias y de calidad en la preparaci\u00f3n y distribuci\u00f3n de alimentos.<\/span><\/span><\/span><\/p><p class=\"western\" align=\"justify\"><span style=\"color: #000000;\"><span style=\"font-family: Arial, serif;\"><span style=\"font-size: medium;\">Es importante destacar que el PAE es un programa fundamental para garantizar la alimentaci\u00f3n adecuada de los estudiantes, por lo que es crucial que se implementen medidas efectivas para asegurar la calidad e inocuidad de los alimentos servidos en las instituciones educativas de todo el pa\u00eds.<\/span><\/span><\/span><\/p>\t\t\t\t\t\t\t\t<\/div>\n\t\t\t\t<\/div>\n\t\t\t\t\t<\/div>\n\t\t<\/div>\n\t\t\t\t\t<\/div>\n\t\t<\/section>\n\t\t\t\t<\/div>\n\t\t","protected":false},"excerpt":{"rendered":"<p>Foto: Procuradur\u00eda La Procuradur\u00eda General de la Naci\u00f3n ha emitido una advertencia sobre las deficiencias de higiene encontradas<\/p>\n","protected":false},"author":1,"featured_media":0,"comment_status":"open","ping_status":"open","sticky":false,"template":"","format":"image","meta":{"om_disable_all_campaigns":false,"_monsterinsights_skip_tracking":false,"_monsterinsights_sitenote_active":false,"_monsterinsights_sitenote_note":"","_monsterinsights_sitenote_category":0,"footnotes":""},"categories":[8],"tags":[10],"class_list":["post-17990","post","type-post","status-publish","format-image","hentry","category-judicial","tag-noticias","post_format-post-format-image"],"aioseo_notices":[],"_links":{"self":[{"href":"https:\/\/www.boyacaleinforma.com\/index.php?rest_route=\/wp\/v2\/posts\/17990","targetHints":{"allow":["GET"]}}],"collection":[{"href":"https:\/\/www.boyacaleinforma.com\/index.php?rest_route=\/wp\/v2\/posts"}],"about":[{"href":"https:\/\/www.boyacaleinforma.com\/index.php?rest_route=\/wp\/v2\/types\/post"}],"author":[{"embeddable":true,"href":"https:\/\/www.boyacaleinforma.com\/index.php?rest_route=\/wp\/v2\/users\/1"}],"replies":[{"embeddable":true,"href":"https:\/\/www.boyacaleinforma.com\/index.php?rest_route=%2Fwp%2Fv2%2Fcomments&post=17990"}],"version-history":[{"count":0,"href":"https:\/\/www.boyacaleinforma.com\/index.php?rest_route=\/wp\/v2\/posts\/17990\/revisions"}],"wp:attachment":[{"href":"https:\/\/www.boyacaleinforma.com\/index.php?rest_route=%2Fwp%2Fv2%2Fmedia&parent=17990"}],"wp:term":[{"taxonomy":"category","embeddable":true,"href":"https:\/\/www.boyacaleinforma.com\/index.php?rest_route=%2Fwp%2Fv2%2Fcategories&post=17990"},{"taxonomy":"post_tag","embeddable":true,"href":"https:\/\/www.boyacaleinforma.com\/index.php?rest_route=%2Fwp%2Fv2%2Ftags&post=17990"}],"curies":[{"name":"wp","href":"https:\/\/api.w.org\/{rel}","templated":true}]}}