{"id":17991,"date":"2024-04-08T08:10:51","date_gmt":"2024-04-08T13:10:51","guid":{"rendered":"https:\/\/www.boyacaleinforma.com\/?p=17991"},"modified":"2024-04-08T08:19:43","modified_gmt":"2024-04-08T13:19:43","slug":"reforma-pensional-sigue-en-debate-en-el-congreso-ministra-del-trabajo-celebra-avances-copy-copy-copy-copy-copy","status":"publish","type":"post","link":"https:\/\/www.boyacaleinforma.com\/?p=17991","title":{"rendered":"Procuradur\u00eda cuestiona falta de expediente que respalde intervenci\u00f3n de EPS por parte de Supersalud"},"content":{"rendered":"\t\t<div data-elementor-type=\"wp-post\" data-elementor-id=\"17991\" class=\"elementor elementor-17991\" data-elementor-post-type=\"post\">\n\t\t\t\t\t\t<section class=\"elementor-section elementor-top-section elementor-element elementor-element-62b311ee elementor-section-boxed elementor-section-height-default elementor-section-height-default\" data-id=\"62b311ee\" data-element_type=\"section\" data-e-type=\"section\">\n\t\t\t\t\t\t<div class=\"elementor-container elementor-column-gap-default\">\n\t\t\t\t\t<div class=\"elementor-column elementor-col-100 elementor-top-column elementor-element elementor-element-22e424c5\" data-id=\"22e424c5\" data-element_type=\"column\" data-e-type=\"column\">\n\t\t\t<div class=\"elementor-widget-wrap elementor-element-populated\">\n\t\t\t\t\t\t<div class=\"elementor-element elementor-element-7799c32 elementor-widget elementor-widget-image\" data-id=\"7799c32\" data-element_type=\"widget\" data-e-type=\"widget\" data-widget_type=\"image.default\">\n\t\t\t\t<div class=\"elementor-widget-container\">\n\t\t\t\t\t\t\t\t\t\t\t\t<figure class=\"wp-caption\">\n\t\t\t\t\t\t\t\t\t\t<img loading=\"lazy\" width=\"640\" height=\"334\" src=\"https:\/\/www.boyacaleinforma.com\/wp-content\/uploads\/2024\/04\/el-colombiano-1-768x401.jpg\" class=\"attachment-medium_large size-medium_large wp-image-17978\" alt=\"el colombiano\" srcset=\"https:\/\/www.boyacaleinforma.com\/wp-content\/uploads\/2024\/04\/el-colombiano-1-768x401.jpg 768w, https:\/\/www.boyacaleinforma.com\/wp-content\/uploads\/2024\/04\/el-colombiano-1-300x157.jpg 300w, https:\/\/www.boyacaleinforma.com\/wp-content\/uploads\/2024\/04\/el-colombiano-1-1024x535.jpg 1024w, https:\/\/www.boyacaleinforma.com\/wp-content\/uploads\/2024\/04\/el-colombiano-1.jpg 1200w\" sizes=\"auto, (max-width: 640px) 100vw, 640px\" loading=\"lazy\" decoding=\"async\" \/>\t\t\t\t\t\t\t\t\t\t\t<figcaption class=\"widget-image-caption wp-caption-text\">Foto: El Colombiano<\/figcaption>\n\t\t\t\t\t\t\t\t\t\t<\/figure>\n\t\t\t\t\t\t\t\t\t<\/div>\n\t\t\t\t<\/div>\n\t\t\t\t<div class=\"elementor-element elementor-element-16316330 elementor-widget elementor-widget-text-editor\" data-id=\"16316330\" data-element_type=\"widget\" data-e-type=\"widget\" data-widget_type=\"text-editor.default\">\n\t\t\t\t<div class=\"elementor-widget-container\">\n\t\t\t\t\t\t\t\t\t<p class=\"western\" align=\"justify\"><span style=\"color: #000000;\"><span style=\"font-family: Arial, serif;\"><span style=\"font-size: medium;\">El Procurador, Luis Ramiro Escandon, ha expresado su rechazo hacia las declaraciones del Superintendente de Salud, Luis Carlos Leal, quien durante la visita de un equipo del Ministerio P\u00fablico, manifest\u00f3 en un video difundido en redes sociales que no hab\u00eda sido notificado de la actuaci\u00f3n del ente de control.<\/span><\/span><\/span><\/p><p class=\"western\" align=\"justify\"><span style=\"color: #000000;\"><span style=\"font-family: Arial, serif;\"><span style=\"font-size: medium;\">\u00abExpresamente se le dio copia de acto administrativo y con firma de los 4 delegados\u00bb, afirm\u00f3 el procurador Escand\u00f3n, quien adem\u00e1s inform\u00f3 que, seg\u00fan la informaci\u00f3n recopilada, \u00abno existe un expediente administrativo que contenga toda la informaci\u00f3n que sustent\u00f3 las resoluciones de la toma de intervenci\u00f3n de las EPS S\u00e1nitas y Nueva EPS, lo que genera una posible vulneraci\u00f3n a los principios de transparencia, publicidad y debido proceso, propios de toda actuaci\u00f3n administrativa\u00bb.<\/span><\/span><\/span><\/p><p class=\"western\" align=\"justify\"><span style=\"color: #000000;\"><span style=\"font-family: Arial, serif;\"><span style=\"font-size: medium;\">Escand\u00f3n recalc\u00f3 que \u00abhasta el momento no se ha podido verificar que en efecto exista la informaci\u00f3n que respalde la toma de la decisi\u00f3n\u00bb. Esta falta de expediente resulta sorprendente para el procurador, especialmente porque, seg\u00fan sus palabras, \u00abhace 2 d\u00edas se tomaron decisiones en Comit\u00e9 basado en dicho expediente\u00bb.<\/span><\/span><\/span><\/p><p class=\"western\" align=\"justify\"><span style=\"color: #000000;\"><span style=\"font-family: Arial, serif;\"><span style=\"font-size: medium;\">La ausencia de este expediente administrativo que sustente las acciones de la Supersalud para intervenir las EPS S\u00e1nitas y Nueva EPS genera interrogantes sobre la transparencia y el debido proceso en el ejercicio de la funci\u00f3n administrativa. La Procuradur\u00eda est\u00e1 evaluando esta situaci\u00f3n para determinar los pasos a seguir en el marco de sus competencias.<\/span><\/span><\/span><\/p><p class=\"western\" align=\"justify\"><span style=\"color: #000000;\"><span style=\"font-family: Arial, serif;\"><span style=\"font-size: medium;\">Por su parte, se espera que la Supersalud brinde explicaciones claras y transparentes sobre este asunto, garantizando as\u00ed la confianza de la ciudadan\u00eda en las actuaciones de las entidades encargadas de velar por la prestaci\u00f3n de servicios de salud en el pa\u00eds.<\/span><\/span><\/span><\/p><p class=\"western\" align=\"justify\"><span style=\"color: #000000;\"><span style=\"font-family: Arial, serif;\"><span style=\"font-size: medium;\">Mientras tanto, el Ministerio P\u00fablico continuar\u00e1 vigilante para asegurar que se respeten los principios legales y constitucionales en todos los procesos administrativos relacionados con el sistema de salud colombiano.<\/span><\/span><\/span><\/p>\t\t\t\t\t\t\t\t<\/div>\n\t\t\t\t<\/div>\n\t\t\t\t\t<\/div>\n\t\t<\/div>\n\t\t\t\t\t<\/div>\n\t\t<\/section>\n\t\t\t\t<\/div>\n\t\t","protected":false},"excerpt":{"rendered":"<p>Foto: El Colombiano El Procurador, Luis Ramiro Escandon, ha expresado su rechazo hacia las declaraciones del Superintendente de<\/p>\n","protected":false},"author":1,"featured_media":17978,"comment_status":"open","ping_status":"open","sticky":false,"template":"","format":"image","meta":{"om_disable_all_campaigns":false,"_monsterinsights_skip_tracking":false,"_monsterinsights_sitenote_active":false,"_monsterinsights_sitenote_note":"","_monsterinsights_sitenote_category":0,"footnotes":""},"categories":[8],"tags":[10],"class_list":["post-17991","post","type-post","status-publish","format-image","has-post-thumbnail","hentry","category-judicial","tag-noticias","post_format-post-format-image"],"aioseo_notices":[],"_links":{"self":[{"href":"https:\/\/www.boyacaleinforma.com\/index.php?rest_route=\/wp\/v2\/posts\/17991","targetHints":{"allow":["GET"]}}],"collection":[{"href":"https:\/\/www.boyacaleinforma.com\/index.php?rest_route=\/wp\/v2\/posts"}],"about":[{"href":"https:\/\/www.boyacaleinforma.com\/index.php?rest_route=\/wp\/v2\/types\/post"}],"author":[{"embeddable":true,"href":"https:\/\/www.boyacaleinforma.com\/index.php?rest_route=\/wp\/v2\/users\/1"}],"replies":[{"embeddable":true,"href":"https:\/\/www.boyacaleinforma.com\/index.php?rest_route=%2Fwp%2Fv2%2Fcomments&post=17991"}],"version-history":[{"count":0,"href":"https:\/\/www.boyacaleinforma.com\/index.php?rest_route=\/wp\/v2\/posts\/17991\/revisions"}],"wp:featuredmedia":[{"embeddable":true,"href":"https:\/\/www.boyacaleinforma.com\/index.php?rest_route=\/wp\/v2\/media\/17978"}],"wp:attachment":[{"href":"https:\/\/www.boyacaleinforma.com\/index.php?rest_route=%2Fwp%2Fv2%2Fmedia&parent=17991"}],"wp:term":[{"taxonomy":"category","embeddable":true,"href":"https:\/\/www.boyacaleinforma.com\/index.php?rest_route=%2Fwp%2Fv2%2Fcategories&post=17991"},{"taxonomy":"post_tag","embeddable":true,"href":"https:\/\/www.boyacaleinforma.com\/index.php?rest_route=%2Fwp%2Fv2%2Ftags&post=17991"}],"curies":[{"name":"wp","href":"https:\/\/api.w.org\/{rel}","templated":true}]}}