{"id":17992,"date":"2024-04-08T08:11:01","date_gmt":"2024-04-08T13:11:01","guid":{"rendered":"https:\/\/www.boyacaleinforma.com\/?p=17992"},"modified":"2024-04-08T08:17:43","modified_gmt":"2024-04-08T13:17:43","slug":"reforma-pensional-sigue-en-debate-en-el-congreso-ministra-del-trabajo-celebra-avances-copy-copy-copy-copy-copy-copy","status":"publish","type":"post","link":"https:\/\/www.boyacaleinforma.com\/?p=17992","title":{"rendered":"Capturado Jersson Velandia, el representante legal de la inmobiliaria \u00c1vitar, por estafa masiva"},"content":{"rendered":"\t\t<div data-elementor-type=\"wp-post\" data-elementor-id=\"17992\" class=\"elementor elementor-17992\" data-elementor-post-type=\"post\">\n\t\t\t\t\t\t<section class=\"elementor-section elementor-top-section elementor-element elementor-element-62b311ee elementor-section-boxed elementor-section-height-default elementor-section-height-default\" data-id=\"62b311ee\" data-element_type=\"section\" data-e-type=\"section\">\n\t\t\t\t\t\t<div class=\"elementor-container elementor-column-gap-default\">\n\t\t\t\t\t<div class=\"elementor-column elementor-col-100 elementor-top-column elementor-element elementor-element-22e424c5\" data-id=\"22e424c5\" data-element_type=\"column\" data-e-type=\"column\">\n\t\t\t<div class=\"elementor-widget-wrap elementor-element-populated\">\n\t\t\t\t\t\t<div class=\"elementor-element elementor-element-7799c32 elementor-widget elementor-widget-image\" data-id=\"7799c32\" data-element_type=\"widget\" data-e-type=\"widget\" data-widget_type=\"image.default\">\n\t\t\t\t<div class=\"elementor-widget-container\">\n\t\t\t\t\t\t\t\t\t\t\t\t<figure class=\"wp-caption\">\n\t\t\t\t\t\t\t\t\t\t<img loading=\"lazy\" width=\"640\" height=\"363\" src=\"https:\/\/www.boyacaleinforma.com\/wp-content\/uploads\/2024\/04\/boyaca-visible-768x436.jpeg\" class=\"attachment-medium_large size-medium_large wp-image-17976\" alt=\"boyaca visible\" srcset=\"https:\/\/www.boyacaleinforma.com\/wp-content\/uploads\/2024\/04\/boyaca-visible-768x436.jpeg 768w, https:\/\/www.boyacaleinforma.com\/wp-content\/uploads\/2024\/04\/boyaca-visible-300x170.jpeg 300w, https:\/\/www.boyacaleinforma.com\/wp-content\/uploads\/2024\/04\/boyaca-visible.jpeg 903w\" sizes=\"auto, (max-width: 640px) 100vw, 640px\" loading=\"lazy\" decoding=\"async\" \/>\t\t\t\t\t\t\t\t\t\t\t<figcaption class=\"widget-image-caption wp-caption-text\">Foto: Boyac\u00e1 Visible<\/figcaption>\n\t\t\t\t\t\t\t\t\t\t<\/figure>\n\t\t\t\t\t\t\t\t\t<\/div>\n\t\t\t\t<\/div>\n\t\t\t\t<div class=\"elementor-element elementor-element-16316330 elementor-widget elementor-widget-text-editor\" data-id=\"16316330\" data-element_type=\"widget\" data-e-type=\"widget\" data-widget_type=\"text-editor.default\">\n\t\t\t\t<div class=\"elementor-widget-container\">\n\t\t\t\t\t\t\t\t\t<p class=\"western\" align=\"justify\"><span style=\"color: #000000;\"><span style=\"font-family: Arial, serif;\"><span style=\"font-size: medium;\">El pasado viernes 5 de abril, las autoridades lograron la captura de Jersson Velandia, el representante legal de \u00c1vitar Constructora e Inmobiliaria, empresa que se vio envuelta en un esc\u00e1ndalo por estafa masiva que afect\u00f3 a m\u00e1s de 500 personas en las ciudades de Duitama, Tunja y Sogamoso. Velandia se encontraba pr\u00f3fugo de la justicia desde hace varios meses, luego de ser se\u00f1alado por el delito de captaci\u00f3n ilegal de dinero.<\/span><\/span><\/span><\/p><p class=\"western\" align=\"justify\"><span style=\"color: #000000;\"><span style=\"font-family: Arial, serif;\"><span style=\"font-size: medium;\">Las investigaciones revelan que \u00c1vitar Constructora e Inmobiliaria logr\u00f3 captar m\u00e1s de $43 mil millones a trav\u00e9s de pr\u00e1cticas financieras fraudulentas. Seg\u00fan el fiscal a cargo del caso, desde septiembre de 2023 se imputaron a Velandia los delitos de concierto para delinquir, captaci\u00f3n masiva y habitual de dinero, no reintegro de las sumas captadas y estafa agravada.<\/span><\/span><\/span><\/p><p class=\"western\" align=\"justify\"><span style=\"color: #000000;\"><span style=\"font-family: Arial, serif;\"><span style=\"font-size: medium;\">La empresa utiliz\u00f3 supuestos \u00abcontratos de inversi\u00f3n\u00bb y \u00abcontratos de anticresis\u00bb para adquirir compromisos financieros con terceros, prometiendo reembolsar el dinero al vencimiento del plazo, adem\u00e1s de ofrecer un inter\u00e9s mensual fijo del 3 al 5 %. Sin embargo, estas promesas resultaron ser falsas, dejando a cientos de personas en una situaci\u00f3n de grave perjuicio econ\u00f3mico.<\/span><\/span><\/span><\/p><p class=\"western\" align=\"justify\"><span style=\"color: #000000;\"><span style=\"font-family: Arial, serif;\"><span style=\"font-size: medium;\">La captura de Jersson Velandia representa un paso importante en el proceso de justicia para las v\u00edctimas de esta estafa masiva. Las autoridades contin\u00faan trabajando en la investigaci\u00f3n del caso para identificar a otros posibles implicados y asegurar que se haga justicia.<\/span><\/span><\/span><\/p><p class=\"western\" align=\"justify\"><span style=\"color: #000000;\"><span style=\"font-family: Arial, serif;\"><span style=\"font-size: medium;\">Por su parte, representantes de las v\u00edctimas han expresado su alivio ante la captura de Velandia, aunque insisten en que se debe seguir trabajando para recuperar el dinero perdido y garantizar que hechos como estos no vuelvan a repetirse en el futuro.<\/span><\/span><\/span><\/p><p class=\"western\" align=\"justify\"><span style=\"color: #000000;\"><span style=\"font-family: Arial, serif;\"><span style=\"font-size: medium;\">Se espera que en los pr\u00f3ximos d\u00edas se lleve a cabo la audiencia de imputaci\u00f3n de cargos contra Jersson Velandia, donde se definir\u00e1n los siguientes pasos en el proceso judicial. Mientras tanto, las autoridades hacen un llamado a la ciudadan\u00eda a estar alerta ante posibles esquemas de estafa y a denunciar cualquier irregularidad financiera que puedan identificar.<\/span><\/span><\/span><\/p>\t\t\t\t\t\t\t\t<\/div>\n\t\t\t\t<\/div>\n\t\t\t\t\t<\/div>\n\t\t<\/div>\n\t\t\t\t\t<\/div>\n\t\t<\/section>\n\t\t\t\t<\/div>\n\t\t","protected":false},"excerpt":{"rendered":"<p>Foto: Boyac\u00e1 Visible El pasado viernes 5 de abril, las autoridades lograron la captura de Jersson Velandia, el<\/p>\n","protected":false},"author":1,"featured_media":17976,"comment_status":"open","ping_status":"open","sticky":false,"template":"","format":"image","meta":{"om_disable_all_campaigns":false,"_monsterinsights_skip_tracking":false,"_monsterinsights_sitenote_active":false,"_monsterinsights_sitenote_note":"","_monsterinsights_sitenote_category":0,"footnotes":""},"categories":[8],"tags":[10],"class_list":["post-17992","post","type-post","status-publish","format-image","has-post-thumbnail","hentry","category-judicial","tag-noticias","post_format-post-format-image"],"aioseo_notices":[],"_links":{"self":[{"href":"https:\/\/www.boyacaleinforma.com\/index.php?rest_route=\/wp\/v2\/posts\/17992","targetHints":{"allow":["GET"]}}],"collection":[{"href":"https:\/\/www.boyacaleinforma.com\/index.php?rest_route=\/wp\/v2\/posts"}],"about":[{"href":"https:\/\/www.boyacaleinforma.com\/index.php?rest_route=\/wp\/v2\/types\/post"}],"author":[{"embeddable":true,"href":"https:\/\/www.boyacaleinforma.com\/index.php?rest_route=\/wp\/v2\/users\/1"}],"replies":[{"embeddable":true,"href":"https:\/\/www.boyacaleinforma.com\/index.php?rest_route=%2Fwp%2Fv2%2Fcomments&post=17992"}],"version-history":[{"count":0,"href":"https:\/\/www.boyacaleinforma.com\/index.php?rest_route=\/wp\/v2\/posts\/17992\/revisions"}],"wp:featuredmedia":[{"embeddable":true,"href":"https:\/\/www.boyacaleinforma.com\/index.php?rest_route=\/wp\/v2\/media\/17976"}],"wp:attachment":[{"href":"https:\/\/www.boyacaleinforma.com\/index.php?rest_route=%2Fwp%2Fv2%2Fmedia&parent=17992"}],"wp:term":[{"taxonomy":"category","embeddable":true,"href":"https:\/\/www.boyacaleinforma.com\/index.php?rest_route=%2Fwp%2Fv2%2Fcategories&post=17992"},{"taxonomy":"post_tag","embeddable":true,"href":"https:\/\/www.boyacaleinforma.com\/index.php?rest_route=%2Fwp%2Fv2%2Ftags&post=17992"}],"curies":[{"name":"wp","href":"https:\/\/api.w.org\/{rel}","templated":true}]}}