{"id":17994,"date":"2024-04-08T08:11:21","date_gmt":"2024-04-08T13:11:21","guid":{"rendered":"https:\/\/www.boyacaleinforma.com\/?p=17994"},"modified":"2024-04-08T08:13:17","modified_gmt":"2024-04-08T13:13:17","slug":"reforma-pensional-sigue-en-debate-en-el-congreso-ministra-del-trabajo-celebra-avances-copy-copy-copy-copy-copy-copy-copy-copy","status":"publish","type":"post","link":"https:\/\/www.boyacaleinforma.com\/?p=17994","title":{"rendered":"Ni\u00f1os y ni\u00f1as colombianos en riesgo constante por la violencia y el maltrato infantil, advierte la Procuradur\u00eda"},"content":{"rendered":"\t\t<div data-elementor-type=\"wp-post\" data-elementor-id=\"17994\" class=\"elementor elementor-17994\" data-elementor-post-type=\"post\">\n\t\t\t\t\t\t<section class=\"elementor-section elementor-top-section elementor-element elementor-element-62b311ee elementor-section-boxed elementor-section-height-default elementor-section-height-default\" data-id=\"62b311ee\" data-element_type=\"section\" data-e-type=\"section\">\n\t\t\t\t\t\t<div class=\"elementor-container elementor-column-gap-default\">\n\t\t\t\t\t<div class=\"elementor-column elementor-col-100 elementor-top-column elementor-element elementor-element-22e424c5\" data-id=\"22e424c5\" data-element_type=\"column\" data-e-type=\"column\">\n\t\t\t<div class=\"elementor-widget-wrap elementor-element-populated\">\n\t\t\t\t\t\t<div class=\"elementor-element elementor-element-7799c32 elementor-widget elementor-widget-image\" data-id=\"7799c32\" data-element_type=\"widget\" data-e-type=\"widget\" data-widget_type=\"image.default\">\n\t\t\t\t<div class=\"elementor-widget-container\">\n\t\t\t\t\t\t\t\t\t\t\t\t<figure class=\"wp-caption\">\n\t\t\t\t\t\t\t\t\t\t<img loading=\"lazy\" width=\"640\" height=\"434\" src=\"https:\/\/www.boyacaleinforma.com\/wp-content\/uploads\/2024\/04\/procuraduria-768x521.jpeg\" class=\"attachment-medium_large size-medium_large wp-image-17983\" alt=\"procuraduria\" srcset=\"https:\/\/www.boyacaleinforma.com\/wp-content\/uploads\/2024\/04\/procuraduria-768x521.jpeg 768w, https:\/\/www.boyacaleinforma.com\/wp-content\/uploads\/2024\/04\/procuraduria-300x204.jpeg 300w, https:\/\/www.boyacaleinforma.com\/wp-content\/uploads\/2024\/04\/procuraduria-1024x695.jpeg 1024w, https:\/\/www.boyacaleinforma.com\/wp-content\/uploads\/2024\/04\/procuraduria-1536x1042.jpeg 1536w, https:\/\/www.boyacaleinforma.com\/wp-content\/uploads\/2024\/04\/procuraduria.jpeg 1592w\" sizes=\"auto, (max-width: 640px) 100vw, 640px\" loading=\"lazy\" decoding=\"async\" \/>\t\t\t\t\t\t\t\t\t\t\t<figcaption class=\"widget-image-caption wp-caption-text\">Foto: Procuradur\u00eda<\/figcaption>\n\t\t\t\t\t\t\t\t\t\t<\/figure>\n\t\t\t\t\t\t\t\t\t<\/div>\n\t\t\t\t<\/div>\n\t\t\t\t<div class=\"elementor-element elementor-element-16316330 elementor-widget elementor-widget-text-editor\" data-id=\"16316330\" data-element_type=\"widget\" data-e-type=\"widget\" data-widget_type=\"text-editor.default\">\n\t\t\t\t<div class=\"elementor-widget-container\">\n\t\t\t\t\t\t\t\t\t<p class=\"western\" align=\"justify\"><span style=\"color: #000000;\"><span style=\"font-family: Arial, serif;\"><span style=\"font-size: medium;\">La Procuradur\u00eda General de la Naci\u00f3n ha emitido una alerta contundente sobre la situaci\u00f3n alarmante de violencia y maltrato infantil que prevalece en Colombia, se\u00f1alando que los menores de edad contin\u00faan enfrentando peligros significativos a pesar de las disposiciones constitucionales y legales destinadas a protegerlos.<\/span><\/span><\/span><\/p><p class=\"western\" align=\"justify\"><span style=\"color: #000000;\"><span style=\"font-family: Arial, serif;\"><span style=\"font-size: medium;\">\u00abEs inconcebible y totalmente reprochable el panorama actual de violencia infantil en nuestro pa\u00eds\u00bb, declar\u00f3 la Procuradur\u00eda en un comunicado difundido hoy. \u00abLos ni\u00f1os, ni\u00f1as y adolescentes est\u00e1n expuestos a un peligro y riesgo permanente, a pesar de los deberes que incumben a la familia, la sociedad y el Estado para garantizar su protecci\u00f3n y sus derechos, que deben ser prioritarios\u00bb.<\/span><\/span><\/span><\/p><p class=\"western\" align=\"justify\"><span style=\"color: #000000;\"><span style=\"font-family: Arial, serif;\"><span style=\"font-size: medium;\">La entidad de control expres\u00f3 su preocupaci\u00f3n por la continua vulneraci\u00f3n de los derechos de los menores, a menudo perpetrada por sus propios padres y cuidadores, quienes, en lugar de proporcionar un entorno seguro, los someten a violencia f\u00edsica, sexual y psicol\u00f3gica, as\u00ed como a situaciones de acoso escolar, negligencia y abandono.<\/span><\/span><\/span><\/p><p class=\"western\" align=\"justify\"><span style=\"color: #000000;\"><span style=\"font-family: Arial, serif;\"><span style=\"font-size: medium;\">Adem\u00e1s, la Procuradur\u00eda destac\u00f3 que otras circunstancias como las uniones tempranas, los matrimonios forzados, la alta permanencia en la calle, el trabajo infantil y el reclutamiento forzado tambi\u00e9n representan riesgos significativos que requieren una atenci\u00f3n urgente por parte de las autoridades.<\/span><\/span><\/span><\/p><p class=\"western\" align=\"justify\"><span style=\"color: #000000;\"><span style=\"font-family: Arial, serif;\"><span style=\"font-size: medium;\">En cuanto a las estad\u00edsticas alarmantes, la Procuradur\u00eda cit\u00f3 datos del Bolet\u00edn Estad\u00edstico del Instituto de Medicina Legal de diciembre de 2023, que indican que 607 menores de edad fueron v\u00edctimas de muerte violenta ese a\u00f1o, con la mayor\u00eda de los casos (531) involucrando a adolescentes. Adem\u00e1s, en enero de 2024, se reportaron 44 casos de lesiones fatales, 40 de los cuales afectaron a adolescentes.<\/span><\/span><\/span><\/p><p class=\"western\" align=\"justify\"><span style=\"color: #000000;\"><span style=\"font-family: Arial, serif;\"><span style=\"font-size: medium;\">La violencia intrafamiliar tambi\u00e9n ha sido un problema preocupante, seg\u00fan los registros de la Polic\u00eda Nacional. En 2023, de los 12,532 casos registrados, 7,663 afectaron a ni\u00f1os y ni\u00f1as, seguidos por 4,869 casos que involucraron a adolescentes. En los primeros dos meses de 2024, se reportaron 1,244 casos, con 654 casos que afectaron a ni\u00f1os y ni\u00f1as y 590 a adolescentes.<\/span><\/span><\/span><\/p><p class=\"western\" align=\"justify\"><span style=\"color: #000000;\"><span style=\"font-family: Arial, serif;\"><span style=\"font-size: medium;\">El Instituto Colombiano de Bienestar Familiar tambi\u00e9n ha documentado la preocupante realidad, con 69,660 ni\u00f1os, ni\u00f1as y adolescentes involucrados en Procesos de Restablecimiento de Derechos (PARD). Estos procesos mayormente se originaron por casos de omisi\u00f3n o negligencia (18,523), violencia sexual (18,420), permanencia en la calle (4,299), abandono (3,478), violencia f\u00edsica (2,020) y violencia psicol\u00f3gica (1,173). Entre enero y febrero de 2024, 7,433 menores de edad fueron ingresados a estos procesos.<\/span><\/span><\/span><\/p><p class=\"western\" align=\"justify\"><span style=\"color: #000000;\"><span style=\"font-family: Arial, serif;\"><span style=\"font-size: medium;\">Ante esta situaci\u00f3n, la Procuradur\u00eda ha instado al Departamento Administrativo de la Presidencia de la Rep\u00fablica (DAPRE), al Ministerio de Justicia y del Derecho, a la Polic\u00eda Nacional, al Instituto Colombiano de Bienestar Familiar y otras autoridades pertinentes a tomar medidas inmediatas para abordar los factores de riesgo y prevenir las consecuencias lamentables que afectan la vida de los ni\u00f1os y ni\u00f1as.<\/span><\/span><\/span><\/p><p class=\"western\" align=\"justify\"><span style=\"color: #000000;\"><span style=\"font-family: Arial, serif;\"><span style=\"font-size: medium;\">\u00abEl derecho a la integridad personal de esta poblaci\u00f3n es un imperativo que no puede ser ignorado\u00bb, enfatiz\u00f3 la Delegada para la Defensa de los Derechos de la Infancia, la Adolescencia, la Familia y la Mujer. \u00abEs fundamental redoblar los esfuerzos para protegerlos de cualquier amenaza o vulneraci\u00f3n a sus derechos\u00bb.<\/span><\/span><\/span><\/p>\t\t\t\t\t\t\t\t<\/div>\n\t\t\t\t<\/div>\n\t\t\t\t\t<\/div>\n\t\t<\/div>\n\t\t\t\t\t<\/div>\n\t\t<\/section>\n\t\t\t\t<\/div>\n\t\t","protected":false},"excerpt":{"rendered":"<p>Foto: Procuradur\u00eda La Procuradur\u00eda General de la Naci\u00f3n ha emitido una alerta contundente sobre la situaci\u00f3n alarmante de<\/p>\n","protected":false},"author":1,"featured_media":17983,"comment_status":"open","ping_status":"open","sticky":false,"template":"","format":"image","meta":{"om_disable_all_campaigns":false,"_monsterinsights_skip_tracking":false,"_monsterinsights_sitenote_active":false,"_monsterinsights_sitenote_note":"","_monsterinsights_sitenote_category":0,"footnotes":""},"categories":[8],"tags":[10],"class_list":["post-17994","post","type-post","status-publish","format-image","has-post-thumbnail","hentry","category-judicial","tag-noticias","post_format-post-format-image"],"aioseo_notices":[],"_links":{"self":[{"href":"https:\/\/www.boyacaleinforma.com\/index.php?rest_route=\/wp\/v2\/posts\/17994","targetHints":{"allow":["GET"]}}],"collection":[{"href":"https:\/\/www.boyacaleinforma.com\/index.php?rest_route=\/wp\/v2\/posts"}],"about":[{"href":"https:\/\/www.boyacaleinforma.com\/index.php?rest_route=\/wp\/v2\/types\/post"}],"author":[{"embeddable":true,"href":"https:\/\/www.boyacaleinforma.com\/index.php?rest_route=\/wp\/v2\/users\/1"}],"replies":[{"embeddable":true,"href":"https:\/\/www.boyacaleinforma.com\/index.php?rest_route=%2Fwp%2Fv2%2Fcomments&post=17994"}],"version-history":[{"count":0,"href":"https:\/\/www.boyacaleinforma.com\/index.php?rest_route=\/wp\/v2\/posts\/17994\/revisions"}],"wp:featuredmedia":[{"embeddable":true,"href":"https:\/\/www.boyacaleinforma.com\/index.php?rest_route=\/wp\/v2\/media\/17983"}],"wp:attachment":[{"href":"https:\/\/www.boyacaleinforma.com\/index.php?rest_route=%2Fwp%2Fv2%2Fmedia&parent=17994"}],"wp:term":[{"taxonomy":"category","embeddable":true,"href":"https:\/\/www.boyacaleinforma.com\/index.php?rest_route=%2Fwp%2Fv2%2Fcategories&post=17994"},{"taxonomy":"post_tag","embeddable":true,"href":"https:\/\/www.boyacaleinforma.com\/index.php?rest_route=%2Fwp%2Fv2%2Ftags&post=17994"}],"curies":[{"name":"wp","href":"https:\/\/api.w.org\/{rel}","templated":true}]}}