{"id":18033,"date":"2024-04-08T21:17:05","date_gmt":"2024-04-09T02:17:05","guid":{"rendered":"https:\/\/www.boyacaleinforma.com\/?p=18033"},"modified":"2024-04-08T21:24:57","modified_gmt":"2024-04-09T02:24:57","slug":"ninos-y-ninas-colombianos-en-riesgo-constante-por-la-violencia-y-el-maltrato-infantil-advierte-la-procuraduria-copy","status":"publish","type":"post","link":"https:\/\/www.boyacaleinforma.com\/?p=18033","title":{"rendered":"Colombianos podr\u00e1n inscribirse para evitar llamadas y mensajes comerciales a partir del 10 de abril"},"content":{"rendered":"\t\t<div data-elementor-type=\"wp-post\" data-elementor-id=\"18033\" class=\"elementor elementor-18033\" data-elementor-post-type=\"post\">\n\t\t\t\t\t\t<section class=\"elementor-section elementor-top-section elementor-element elementor-element-62b311ee elementor-section-boxed elementor-section-height-default elementor-section-height-default\" data-id=\"62b311ee\" data-element_type=\"section\" data-e-type=\"section\">\n\t\t\t\t\t\t<div class=\"elementor-container elementor-column-gap-default\">\n\t\t\t\t\t<div class=\"elementor-column elementor-col-100 elementor-top-column elementor-element elementor-element-22e424c5\" data-id=\"22e424c5\" data-element_type=\"column\" data-e-type=\"column\">\n\t\t\t<div class=\"elementor-widget-wrap elementor-element-populated\">\n\t\t\t\t\t\t<div class=\"elementor-element elementor-element-7799c32 elementor-widget elementor-widget-image\" data-id=\"7799c32\" data-element_type=\"widget\" data-e-type=\"widget\" data-widget_type=\"image.default\">\n\t\t\t\t<div class=\"elementor-widget-container\">\n\t\t\t\t\t\t\t\t\t\t\t\t<figure class=\"wp-caption\">\n\t\t\t\t\t\t\t\t\t\t<img loading=\"lazy\" width=\"640\" height=\"267\" src=\"https:\/\/www.boyacaleinforma.com\/wp-content\/uploads\/2024\/04\/mintic-768x320.jpg\" class=\"attachment-medium_large size-medium_large wp-image-18046\" alt=\"mintic\" srcset=\"https:\/\/www.boyacaleinforma.com\/wp-content\/uploads\/2024\/04\/mintic-768x320.jpg 768w, https:\/\/www.boyacaleinforma.com\/wp-content\/uploads\/2024\/04\/mintic-300x125.jpg 300w, https:\/\/www.boyacaleinforma.com\/wp-content\/uploads\/2024\/04\/mintic.jpg 960w\" sizes=\"auto, (max-width: 640px) 100vw, 640px\" loading=\"lazy\" decoding=\"async\" \/>\t\t\t\t\t\t\t\t\t\t\t<figcaption class=\"widget-image-caption wp-caption-text\">Foto: MinTic<\/figcaption>\n\t\t\t\t\t\t\t\t\t\t<\/figure>\n\t\t\t\t\t\t\t\t\t<\/div>\n\t\t\t\t<\/div>\n\t\t\t\t<div class=\"elementor-element elementor-element-16316330 elementor-widget elementor-widget-text-editor\" data-id=\"16316330\" data-element_type=\"widget\" data-e-type=\"widget\" data-widget_type=\"text-editor.default\">\n\t\t\t\t<div class=\"elementor-widget-container\">\n\t\t\t\t\t\t\t\t\t<p class=\"western\" align=\"justify\"><span style=\"font-family: Arial, sans-serif;\"><span style=\"font-size: medium;\"><span style=\"color: #000000;\"><span style=\"font-family: Arial, serif;\">A partir del pr\u00f3ximo 10 de abril, los colombianos tendr\u00e1n la oportunidad de inscribirse en una nueva plataforma que les permitir\u00e1 evitar la recepci\u00f3n de llamadas y mensajes comerciales o publicitarios. La Comisi\u00f3n de Regulaci\u00f3n de Comunicaciones (CRC) ha anunciado el lanzamiento de esta plataforma, en cumplimiento de lo establecido por la Ley \u00abDejen de Fregar\u00bb.<\/span><\/span><\/span><\/span><\/p><p class=\"western\" align=\"justify\"><span style=\"font-family: Arial, sans-serif;\"><span style=\"font-size: medium;\"><span style=\"color: #000000;\"><span style=\"font-family: Arial, serif;\">Conocida como el Registro de N\u00fameros Excluidos (RNE), esta plataforma administrada por la CRC ya permite a los usuarios inscribir sus n\u00fameros de tel\u00e9fono m\u00f3vil para evitar la recepci\u00f3n de mensajes cortos de texto (SMS) con fines publicitarios o comerciales. Sin embargo, a partir del 10 de abril, el RNE ampliar\u00e1 su alcance y permitir\u00e1 a los consumidores elegir si desean excluirse no solo de los mensajes de texto, sino tambi\u00e9n de otros medios de contacto, como mensajes por aplicaciones o web, correos electr\u00f3nicos y llamadas telef\u00f3nicas con fines comerciales o publicitarios.<\/span><\/span><\/span><\/span><\/p><p class=\"western\" align=\"justify\"><span style=\"font-family: Arial, sans-serif;\"><span style=\"font-size: medium;\"><span style=\"color: #000000;\"><span style=\"font-family: Arial, serif;\">Seg\u00fan lo establecido en la Ley 2300 de 2023, m\u00e1s conocida como la ley \u00abDejen de Fregar\u00bb, los ciudadanos podr\u00e1n registrar sus preferencias indicando los canales que desean autorizar y aquellos de los que prefieren ser excluidos para recibir comunicaciones de empresas. Esta medida busca brindar a los ciudadanos un mayor control sobre las comunicaciones comerciales que reciben, ofreci\u00e9ndoles la posibilidad de limitar el bombardeo de mensajes no deseados en sus dispositivos m\u00f3viles y otros medios de comunicaci\u00f3n.<\/span><\/span><\/span><\/span><\/p><p class=\"western\" align=\"justify\"><span style=\"font-family: Arial, sans-serif;\"><span style=\"font-size: medium;\"><span style=\"color: #000000;\"><span style=\"font-family: Arial, serif;\">La implementaci\u00f3n de esta plataforma refleja el compromiso del gobierno colombiano y de la CRC en proteger los derechos de los consumidores y promover pr\u00e1cticas comerciales responsables por parte de las empresas. Los ciudadanos que deseen inscribirse en el Registro de N\u00fameros Excluidos podr\u00e1n hacerlo de manera sencilla y r\u00e1pida a partir del 10 de abril, contribuyendo as\u00ed a mejorar su experiencia como usuarios y reducir la saturaci\u00f3n de mensajes no solicitados en sus dispositivos de comunicaci\u00f3n.<\/span><\/span><\/span><\/span><\/p>\t\t\t\t\t\t\t\t<\/div>\n\t\t\t\t<\/div>\n\t\t\t\t\t<\/div>\n\t\t<\/div>\n\t\t\t\t\t<\/div>\n\t\t<\/section>\n\t\t\t\t<\/div>\n\t\t","protected":false},"excerpt":{"rendered":"<p>Foto: MinTic A partir del pr\u00f3ximo 10 de abril, los colombianos tendr\u00e1n la oportunidad de inscribirse en una<\/p>\n","protected":false},"author":1,"featured_media":18046,"comment_status":"open","ping_status":"open","sticky":false,"template":"","format":"image","meta":{"om_disable_all_campaigns":false,"_monsterinsights_skip_tracking":false,"_monsterinsights_sitenote_active":false,"_monsterinsights_sitenote_note":"","_monsterinsights_sitenote_category":0,"footnotes":""},"categories":[9],"tags":[10],"class_list":["post-18033","post","type-post","status-publish","format-image","has-post-thumbnail","hentry","category-colombia","tag-noticias","post_format-post-format-image"],"aioseo_notices":[],"_links":{"self":[{"href":"https:\/\/www.boyacaleinforma.com\/index.php?rest_route=\/wp\/v2\/posts\/18033","targetHints":{"allow":["GET"]}}],"collection":[{"href":"https:\/\/www.boyacaleinforma.com\/index.php?rest_route=\/wp\/v2\/posts"}],"about":[{"href":"https:\/\/www.boyacaleinforma.com\/index.php?rest_route=\/wp\/v2\/types\/post"}],"author":[{"embeddable":true,"href":"https:\/\/www.boyacaleinforma.com\/index.php?rest_route=\/wp\/v2\/users\/1"}],"replies":[{"embeddable":true,"href":"https:\/\/www.boyacaleinforma.com\/index.php?rest_route=%2Fwp%2Fv2%2Fcomments&post=18033"}],"version-history":[{"count":0,"href":"https:\/\/www.boyacaleinforma.com\/index.php?rest_route=\/wp\/v2\/posts\/18033\/revisions"}],"wp:featuredmedia":[{"embeddable":true,"href":"https:\/\/www.boyacaleinforma.com\/index.php?rest_route=\/wp\/v2\/media\/18046"}],"wp:attachment":[{"href":"https:\/\/www.boyacaleinforma.com\/index.php?rest_route=%2Fwp%2Fv2%2Fmedia&parent=18033"}],"wp:term":[{"taxonomy":"category","embeddable":true,"href":"https:\/\/www.boyacaleinforma.com\/index.php?rest_route=%2Fwp%2Fv2%2Fcategories&post=18033"},{"taxonomy":"post_tag","embeddable":true,"href":"https:\/\/www.boyacaleinforma.com\/index.php?rest_route=%2Fwp%2Fv2%2Ftags&post=18033"}],"curies":[{"name":"wp","href":"https:\/\/api.w.org\/{rel}","templated":true}]}}