{"id":18034,"date":"2024-04-08T21:17:16","date_gmt":"2024-04-09T02:17:16","guid":{"rendered":"https:\/\/www.boyacaleinforma.com\/?p=18034"},"modified":"2024-04-08T21:29:13","modified_gmt":"2024-04-09T02:29:13","slug":"ninos-y-ninas-colombianos-en-riesgo-constante-por-la-violencia-y-el-maltrato-infantil-advierte-la-procuraduria-copy-copy","status":"publish","type":"post","link":"https:\/\/www.boyacaleinforma.com\/?p=18034","title":{"rendered":"Superintendencia del Subsidio Familiar responde a solicitud de liquidaci\u00f3n voluntaria del programa EPS de Compensar"},"content":{"rendered":"\t\t<div data-elementor-type=\"wp-post\" data-elementor-id=\"18034\" class=\"elementor elementor-18034\" data-elementor-post-type=\"post\">\n\t\t\t\t\t\t<section class=\"elementor-section elementor-top-section elementor-element elementor-element-62b311ee elementor-section-boxed elementor-section-height-default elementor-section-height-default\" data-id=\"62b311ee\" data-element_type=\"section\" data-e-type=\"section\">\n\t\t\t\t\t\t<div class=\"elementor-container elementor-column-gap-default\">\n\t\t\t\t\t<div class=\"elementor-column elementor-col-100 elementor-top-column elementor-element elementor-element-22e424c5\" data-id=\"22e424c5\" data-element_type=\"column\" data-e-type=\"column\">\n\t\t\t<div class=\"elementor-widget-wrap elementor-element-populated\">\n\t\t\t\t\t\t<div class=\"elementor-element elementor-element-7799c32 elementor-widget elementor-widget-image\" data-id=\"7799c32\" data-element_type=\"widget\" data-e-type=\"widget\" data-widget_type=\"image.default\">\n\t\t\t\t<div class=\"elementor-widget-container\">\n\t\t\t\t\t\t\t\t\t\t\t\t<figure class=\"wp-caption\">\n\t\t\t\t\t\t\t\t\t\t<img loading=\"lazy\" width=\"640\" height=\"408\" src=\"https:\/\/www.boyacaleinforma.com\/wp-content\/uploads\/2024\/04\/msn-ok.jpg\" class=\"attachment-medium_large size-medium_large wp-image-18047\" alt=\"msn ok\" srcset=\"https:\/\/www.boyacaleinforma.com\/wp-content\/uploads\/2024\/04\/msn-ok.jpg 768w, https:\/\/www.boyacaleinforma.com\/wp-content\/uploads\/2024\/04\/msn-ok-300x191.jpg 300w\" sizes=\"auto, (max-width: 640px) 100vw, 640px\" loading=\"lazy\" decoding=\"async\" \/>\t\t\t\t\t\t\t\t\t\t\t<figcaption class=\"widget-image-caption wp-caption-text\">Foto: MSN<\/figcaption>\n\t\t\t\t\t\t\t\t\t\t<\/figure>\n\t\t\t\t\t\t\t\t\t<\/div>\n\t\t\t\t<\/div>\n\t\t\t\t<div class=\"elementor-element elementor-element-16316330 elementor-widget elementor-widget-text-editor\" data-id=\"16316330\" data-element_type=\"widget\" data-e-type=\"widget\" data-widget_type=\"text-editor.default\">\n\t\t\t\t<div class=\"elementor-widget-container\">\n\t\t\t\t\t\t\t\t\t<p class=\"western\" align=\"justify\"><span style=\"font-family: Arial, sans-serif;\"><span style=\"font-size: medium;\"><span style=\"color: #000000;\"><span style=\"font-family: Arial, serif;\">La Superintendencia del Subsidio Familiar ha emitido un comunicado en respuesta a la solicitud de liquidaci\u00f3n voluntaria del programa EPS de la Caja de Compensaci\u00f3n Familiar COMPENSAR. En este comunicado, la entidad aclara algunos puntos importantes:<\/span><\/span><\/span><\/span><\/p><p class=\"western\" align=\"justify\"><span style=\"font-family: Arial, sans-serif;\"><span style=\"font-size: medium;\"><span style=\"color: #000000;\"><span style=\"font-family: Arial, serif;\">La Superintendencia del Subsidio Familiar tiene competencia sobre la vigilancia de los recursos parafiscales del 4% administrados por Compensar como Caja de Compensaci\u00f3n, mientras que los recursos parafiscales de salud administrados por la EPS de Compensar son competencia de la Superintendencia Nacional de Salud.<\/span><\/span><\/span><\/span><\/p><p class=\"western\" align=\"justify\"><span style=\"font-family: Arial, sans-serif;\"><span style=\"font-size: medium;\"><span style=\"color: #000000;\"><span style=\"font-family: Arial, serif;\">Seg\u00fan los Estados Financieros con corte al 31 de diciembre de 2023, los recaudos por aportes parafiscales del 4% de Compensar ascendieron a m\u00e1s de 1,8 billones de pesos.<\/span><\/span><\/span><\/span><\/p><p class=\"western\" align=\"justify\"><span style=\"font-family: Arial, sans-serif;\"><span style=\"font-size: medium;\"><span style=\"color: #000000;\"><span style=\"font-family: Arial, serif;\">Compensar report\u00f3 ingresos totales de 2,5 billones de pesos al cierre de la vigencia 2023, con excedentes de alrededor de 200.000 millones de pesos, espec\u00edficamente correspondientes a la Caja de Compensaci\u00f3n Familiar, sin incluir el programa de EPS.<\/span><\/span><\/span><\/span><\/p><p class=\"western\" align=\"justify\"><span style=\"font-family: Arial, sans-serif;\"><span style=\"font-size: medium;\"><span style=\"color: #000000;\"><span style=\"font-family: Arial, serif;\">Ante la solicitud de liquidaci\u00f3n voluntaria del programa de salud de Compensar, la Superintendencia del Subsidio Familiar llevar\u00e1 a cabo una revisi\u00f3n rigurosa de los posibles riesgos para los recursos de la parafiscalidad del 4%, destinados a los trabajadores afiliados y sus familias.<\/span><\/span><\/span><\/span><\/p><p class=\"western\" align=\"justify\"><span style=\"font-family: Arial, sans-serif;\"><span style=\"font-size: medium;\"><span style=\"color: #000000;\"><span style=\"font-family: Arial, serif;\">La Superintendencia del Subsidio Familiar asegura a todos los afiliados de Compensar que la prestaci\u00f3n del servicio continuar\u00e1 con total normalidad en todos los programas que ejecuta al interior del Sistema del Subsidio Familiar.<\/span><\/span><\/span><\/span><\/p><p class=\"western\" align=\"justify\"><span style=\"font-family: Arial, sans-serif;\"><span style=\"font-size: medium;\"><span style=\"color: #000000;\"><span style=\"font-family: Arial, serif;\">En este contexto, la Superintendencia del Subsidio Familiar se compromete a velar por la seguridad y el buen uso de los recursos parafiscales destinados al bienestar de los trabajadores y sus familias, garantizando la continuidad de los servicios brindados por Compensar en el marco del Sistema del Subsidio Familiar.<\/span><\/span><\/span><\/span><\/p>\t\t\t\t\t\t\t\t<\/div>\n\t\t\t\t<\/div>\n\t\t\t\t\t<\/div>\n\t\t<\/div>\n\t\t\t\t\t<\/div>\n\t\t<\/section>\n\t\t\t\t<\/div>\n\t\t","protected":false},"excerpt":{"rendered":"<p>Foto: MSN La Superintendencia del Subsidio Familiar ha emitido un comunicado en respuesta a la solicitud de liquidaci\u00f3n<\/p>\n","protected":false},"author":1,"featured_media":18047,"comment_status":"open","ping_status":"open","sticky":false,"template":"","format":"image","meta":{"om_disable_all_campaigns":false,"_monsterinsights_skip_tracking":false,"_monsterinsights_sitenote_active":false,"_monsterinsights_sitenote_note":"","_monsterinsights_sitenote_category":0,"footnotes":""},"categories":[9],"tags":[10],"class_list":["post-18034","post","type-post","status-publish","format-image","has-post-thumbnail","hentry","category-colombia","tag-noticias","post_format-post-format-image"],"aioseo_notices":[],"_links":{"self":[{"href":"https:\/\/www.boyacaleinforma.com\/index.php?rest_route=\/wp\/v2\/posts\/18034","targetHints":{"allow":["GET"]}}],"collection":[{"href":"https:\/\/www.boyacaleinforma.com\/index.php?rest_route=\/wp\/v2\/posts"}],"about":[{"href":"https:\/\/www.boyacaleinforma.com\/index.php?rest_route=\/wp\/v2\/types\/post"}],"author":[{"embeddable":true,"href":"https:\/\/www.boyacaleinforma.com\/index.php?rest_route=\/wp\/v2\/users\/1"}],"replies":[{"embeddable":true,"href":"https:\/\/www.boyacaleinforma.com\/index.php?rest_route=%2Fwp%2Fv2%2Fcomments&post=18034"}],"version-history":[{"count":0,"href":"https:\/\/www.boyacaleinforma.com\/index.php?rest_route=\/wp\/v2\/posts\/18034\/revisions"}],"wp:featuredmedia":[{"embeddable":true,"href":"https:\/\/www.boyacaleinforma.com\/index.php?rest_route=\/wp\/v2\/media\/18047"}],"wp:attachment":[{"href":"https:\/\/www.boyacaleinforma.com\/index.php?rest_route=%2Fwp%2Fv2%2Fmedia&parent=18034"}],"wp:term":[{"taxonomy":"category","embeddable":true,"href":"https:\/\/www.boyacaleinforma.com\/index.php?rest_route=%2Fwp%2Fv2%2Fcategories&post=18034"},{"taxonomy":"post_tag","embeddable":true,"href":"https:\/\/www.boyacaleinforma.com\/index.php?rest_route=%2Fwp%2Fv2%2Ftags&post=18034"}],"curies":[{"name":"wp","href":"https:\/\/api.w.org\/{rel}","templated":true}]}}