{"id":18035,"date":"2024-04-08T21:17:22","date_gmt":"2024-04-09T02:17:22","guid":{"rendered":"https:\/\/www.boyacaleinforma.com\/?p=18035"},"modified":"2024-04-08T21:27:34","modified_gmt":"2024-04-09T02:27:34","slug":"ninos-y-ninas-colombianos-en-riesgo-constante-por-la-violencia-y-el-maltrato-infantil-advierte-la-procuraduria-copy-copy-copy","status":"publish","type":"post","link":"https:\/\/www.boyacaleinforma.com\/?p=18035","title":{"rendered":"Gobierno nacional cede terreno en La Picota para construcci\u00f3n de segunda c\u00e1rcel distrital en Bogot\u00e1"},"content":{"rendered":"\t\t<div data-elementor-type=\"wp-post\" data-elementor-id=\"18035\" class=\"elementor elementor-18035\" data-elementor-post-type=\"post\">\n\t\t\t\t\t\t<section class=\"elementor-section elementor-top-section elementor-element elementor-element-62b311ee elementor-section-boxed elementor-section-height-default elementor-section-height-default\" data-id=\"62b311ee\" data-element_type=\"section\" data-e-type=\"section\">\n\t\t\t\t\t\t<div class=\"elementor-container elementor-column-gap-default\">\n\t\t\t\t\t<div class=\"elementor-column elementor-col-100 elementor-top-column elementor-element elementor-element-22e424c5\" data-id=\"22e424c5\" data-element_type=\"column\" data-e-type=\"column\">\n\t\t\t<div class=\"elementor-widget-wrap elementor-element-populated\">\n\t\t\t\t\t\t<div class=\"elementor-element elementor-element-7799c32 elementor-widget elementor-widget-image\" data-id=\"7799c32\" data-element_type=\"widget\" data-e-type=\"widget\" data-widget_type=\"image.default\">\n\t\t\t\t<div class=\"elementor-widget-container\">\n\t\t\t\t\t\t\t\t\t\t\t\t<figure class=\"wp-caption\">\n\t\t\t\t\t\t\t\t\t\t<img loading=\"lazy\" width=\"640\" height=\"360\" src=\"https:\/\/www.boyacaleinforma.com\/wp-content\/uploads\/2024\/04\/blu-768x432.jpg\" class=\"attachment-medium_large size-medium_large wp-image-18041\" alt=\"blu\" srcset=\"https:\/\/www.boyacaleinforma.com\/wp-content\/uploads\/2024\/04\/blu-768x432.jpg 768w, https:\/\/www.boyacaleinforma.com\/wp-content\/uploads\/2024\/04\/blu-300x169.jpg 300w, https:\/\/www.boyacaleinforma.com\/wp-content\/uploads\/2024\/04\/blu-1024x576.jpg 1024w, https:\/\/www.boyacaleinforma.com\/wp-content\/uploads\/2024\/04\/blu.jpg 1200w\" sizes=\"auto, (max-width: 640px) 100vw, 640px\" loading=\"lazy\" decoding=\"async\" \/>\t\t\t\t\t\t\t\t\t\t\t<figcaption class=\"widget-image-caption wp-caption-text\">Foto: Blu Radio<\/figcaption>\n\t\t\t\t\t\t\t\t\t\t<\/figure>\n\t\t\t\t\t\t\t\t\t<\/div>\n\t\t\t\t<\/div>\n\t\t\t\t<div class=\"elementor-element elementor-element-16316330 elementor-widget elementor-widget-text-editor\" data-id=\"16316330\" data-element_type=\"widget\" data-e-type=\"widget\" data-widget_type=\"text-editor.default\">\n\t\t\t\t<div class=\"elementor-widget-container\">\n\t\t\t\t\t\t\t\t\t<p class=\"western\" align=\"justify\"><span style=\"font-family: Arial, sans-serif;\"><span style=\"font-size: medium;\"><span style=\"color: #000000;\"><span style=\"font-family: Arial, serif;\">El Gobierno nacional ha cedido un predio de 2,9 hect\u00e1reas en La Picota a la Alcald\u00eda Mayor de Bogot\u00e1 para la construcci\u00f3n de una segunda c\u00e1rcel distrital. Esta acci\u00f3n es parte de un esfuerzo conjunto entre el Estado y la alcald\u00eda para fortalecer la estructura penitenciaria y carcelaria de la capital colombiana, seg\u00fan inform\u00f3 el Distrito.<\/span><\/span><\/span><\/span><\/p><p class=\"western\" align=\"justify\"><span style=\"font-family: Arial, sans-serif;\"><span style=\"font-size: medium;\"><span style=\"color: #000000;\"><span style=\"font-family: Arial, serif;\">El nuevo centro de reclusi\u00f3n, que se espera pueda albergar a cerca de 2.000 personas, surge como resultado de un convenio firmado entre el Ministerio de Justicia y del Derecho, la Alcald\u00eda Mayor de Bogot\u00e1, el Instituto Nacional Penitenciario y Carcelario (Inpec) y la Unidad de Servicios Penitenciarios y Carcelarios (Uspec).<\/span><\/span><\/span><\/span><\/p><p class=\"western\" align=\"justify\"><span style=\"font-family: Arial, sans-serif;\"><span style=\"font-size: medium;\"><span style=\"color: #000000;\"><span style=\"font-family: Arial, serif;\">N\u00e9stor Osuna, ministro de Justicia y del Derecho, destac\u00f3 la importancia de esta iniciativa, se\u00f1alando: \u00abLa suma de las cuatro c\u00e1rceles que hay en Bogot\u00e1 es insuficiente. Hace tiempo atr\u00e1s, el Distrito y el Gobierno nacional han venido manifestando su intenci\u00f3n de construir una segunda c\u00e1rcel distrital. Este proceso culmina hoy con la firma de la resoluci\u00f3n 002775 del 3 de abril de 2024. M\u00e1s all\u00e1 de la cesi\u00f3n del lote, es importante mencionar el compromiso conjunto de luchar por la seguridad y la resocializaci\u00f3n. Este es un buen ejemplo de armon\u00eda entre autoridades nacionales y distritales, as\u00ed como de nuestra intenci\u00f3n de establecer ese mismo tipo de relaciones con el resto de alcaldes y gobernadores de todo el pa\u00eds\u00bb.<\/span><\/span><\/span><\/span><\/p><p class=\"western\" align=\"justify\"><span style=\"font-family: Arial, sans-serif;\"><span style=\"font-size: medium;\"><span style=\"color: #000000;\"><span style=\"font-family: Arial, serif;\">La entrega del terreno tambi\u00e9n responde a las recomendaciones de la Corte Constitucional para mitigar el hacinamiento en el sistema penitenciario y carcelario. Actualmente, de los cerca de 45.000 detenidos de manera preventiva en el pa\u00eds, solo 2.760 se encuentran en c\u00e1rceles territoriales, de los cuales el Distrito contribuye con el 37% de los cupos.<\/span><\/span><\/span><\/span><\/p><p class=\"western\" align=\"justify\"><span style=\"font-family: Arial, sans-serif;\"><span style=\"font-size: medium;\"><span style=\"color: #000000;\"><span style=\"font-family: Arial, serif;\">Adem\u00e1s, esta iniciativa representa una forma de cofinanciaci\u00f3n de la Naci\u00f3n a las entidades territoriales para el desarrollo de infraestructura carcelaria, lo que sienta las bases para la construcci\u00f3n de un nuevo centro penitenciario del orden distrital. Se espera que esta medida contribuya a mejorar las condiciones de los privados de la libertad en la ciudad y promueva la resocializaci\u00f3n de los internos.<\/span><\/span><\/span><\/span><\/p>\t\t\t\t\t\t\t\t<\/div>\n\t\t\t\t<\/div>\n\t\t\t\t\t<\/div>\n\t\t<\/div>\n\t\t\t\t\t<\/div>\n\t\t<\/section>\n\t\t\t\t<\/div>\n\t\t","protected":false},"excerpt":{"rendered":"<p>Foto: Blu Radio El Gobierno nacional ha cedido un predio de 2,9 hect\u00e1reas en La Picota a la<\/p>\n","protected":false},"author":1,"featured_media":18041,"comment_status":"open","ping_status":"open","sticky":false,"template":"","format":"image","meta":{"om_disable_all_campaigns":false,"_monsterinsights_skip_tracking":false,"_monsterinsights_sitenote_active":false,"_monsterinsights_sitenote_note":"","_monsterinsights_sitenote_category":0,"footnotes":""},"categories":[9],"tags":[10],"class_list":["post-18035","post","type-post","status-publish","format-image","has-post-thumbnail","hentry","category-colombia","tag-noticias","post_format-post-format-image"],"aioseo_notices":[],"_links":{"self":[{"href":"https:\/\/www.boyacaleinforma.com\/index.php?rest_route=\/wp\/v2\/posts\/18035","targetHints":{"allow":["GET"]}}],"collection":[{"href":"https:\/\/www.boyacaleinforma.com\/index.php?rest_route=\/wp\/v2\/posts"}],"about":[{"href":"https:\/\/www.boyacaleinforma.com\/index.php?rest_route=\/wp\/v2\/types\/post"}],"author":[{"embeddable":true,"href":"https:\/\/www.boyacaleinforma.com\/index.php?rest_route=\/wp\/v2\/users\/1"}],"replies":[{"embeddable":true,"href":"https:\/\/www.boyacaleinforma.com\/index.php?rest_route=%2Fwp%2Fv2%2Fcomments&post=18035"}],"version-history":[{"count":0,"href":"https:\/\/www.boyacaleinforma.com\/index.php?rest_route=\/wp\/v2\/posts\/18035\/revisions"}],"wp:featuredmedia":[{"embeddable":true,"href":"https:\/\/www.boyacaleinforma.com\/index.php?rest_route=\/wp\/v2\/media\/18041"}],"wp:attachment":[{"href":"https:\/\/www.boyacaleinforma.com\/index.php?rest_route=%2Fwp%2Fv2%2Fmedia&parent=18035"}],"wp:term":[{"taxonomy":"category","embeddable":true,"href":"https:\/\/www.boyacaleinforma.com\/index.php?rest_route=%2Fwp%2Fv2%2Fcategories&post=18035"},{"taxonomy":"post_tag","embeddable":true,"href":"https:\/\/www.boyacaleinforma.com\/index.php?rest_route=%2Fwp%2Fv2%2Ftags&post=18035"}],"curies":[{"name":"wp","href":"https:\/\/api.w.org\/{rel}","templated":true}]}}