{"id":18037,"date":"2024-04-08T21:17:40","date_gmt":"2024-04-09T02:17:40","guid":{"rendered":"https:\/\/www.boyacaleinforma.com\/?p=18037"},"modified":"2024-04-08T21:23:59","modified_gmt":"2024-04-09T02:23:59","slug":"ninos-y-ninas-colombianos-en-riesgo-constante-por-la-violencia-y-el-maltrato-infantil-advierte-la-procuraduria-copy-copy-copy-copy-copy","status":"publish","type":"post","link":"https:\/\/www.boyacaleinforma.com\/?p=18037","title":{"rendered":"Corpoboyac\u00e1 ordenado a pagar prestaciones sociales a contratista que fungi\u00f3 como operario de vivero y vigilante"},"content":{"rendered":"\t\t<div data-elementor-type=\"wp-post\" data-elementor-id=\"18037\" class=\"elementor elementor-18037\" data-elementor-post-type=\"post\">\n\t\t\t\t\t\t<section class=\"elementor-section elementor-top-section elementor-element elementor-element-62b311ee elementor-section-boxed elementor-section-height-default elementor-section-height-default\" data-id=\"62b311ee\" data-element_type=\"section\" data-e-type=\"section\">\n\t\t\t\t\t\t<div class=\"elementor-container elementor-column-gap-default\">\n\t\t\t\t\t<div class=\"elementor-column elementor-col-100 elementor-top-column elementor-element elementor-element-22e424c5\" data-id=\"22e424c5\" data-element_type=\"column\" data-e-type=\"column\">\n\t\t\t<div class=\"elementor-widget-wrap elementor-element-populated\">\n\t\t\t\t\t\t<div class=\"elementor-element elementor-element-7799c32 elementor-widget elementor-widget-image\" data-id=\"7799c32\" data-element_type=\"widget\" data-e-type=\"widget\" data-widget_type=\"image.default\">\n\t\t\t\t<div class=\"elementor-widget-container\">\n\t\t\t\t\t\t\t\t\t\t\t\t<figure class=\"wp-caption\">\n\t\t\t\t\t\t\t\t\t\t<img loading=\"lazy\" width=\"640\" height=\"427\" src=\"https:\/\/www.boyacaleinforma.com\/wp-content\/uploads\/2024\/04\/corpoboy-768x512.jpeg\" class=\"attachment-medium_large size-medium_large wp-image-18043\" alt=\"corpoboy\" srcset=\"https:\/\/www.boyacaleinforma.com\/wp-content\/uploads\/2024\/04\/corpoboy-768x512.jpeg 768w, https:\/\/www.boyacaleinforma.com\/wp-content\/uploads\/2024\/04\/corpoboy-300x200.jpeg 300w, https:\/\/www.boyacaleinforma.com\/wp-content\/uploads\/2024\/04\/corpoboy-1024x683.jpeg 1024w, https:\/\/www.boyacaleinforma.com\/wp-content\/uploads\/2024\/04\/corpoboy.jpeg 1368w\" sizes=\"auto, (max-width: 640px) 100vw, 640px\" loading=\"lazy\" decoding=\"async\" \/>\t\t\t\t\t\t\t\t\t\t\t<figcaption class=\"widget-image-caption wp-caption-text\">Foto: Corpoboyac\u00e1<\/figcaption>\n\t\t\t\t\t\t\t\t\t\t<\/figure>\n\t\t\t\t\t\t\t\t\t<\/div>\n\t\t\t\t<\/div>\n\t\t\t\t<div class=\"elementor-element elementor-element-16316330 elementor-widget elementor-widget-text-editor\" data-id=\"16316330\" data-element_type=\"widget\" data-e-type=\"widget\" data-widget_type=\"text-editor.default\">\n\t\t\t\t<div class=\"elementor-widget-container\">\n\t\t\t\t\t\t\t\t\t<p class=\"western\" align=\"justify\"><span style=\"font-family: Arial, sans-serif;\"><span style=\"font-size: medium;\"><span style=\"color: #000000;\"><span style=\"font-family: Arial, serif;\">El Tribunal Administrativo de Boyac\u00e1 ha determinado que CORPOBOYAC\u00c1, la Corporaci\u00f3n Aut\u00f3noma Regional de Boyac\u00e1, deber\u00e1 abonar prestaciones sociales a un contratista de prestaci\u00f3n de servicios, quien desempe\u00f1\u00f3 funciones como operario de vivero y vigilante durante un extenso periodo, del 3 de febrero de 1997 al 23 de octubre de 2014, al haberse demostrado la existencia de una relaci\u00f3n laboral.<\/span><\/span><\/span><\/span><\/p><p class=\"western\" align=\"justify\"><span style=\"font-family: Arial, sans-serif;\"><span style=\"font-size: medium;\"><span style=\"color: #000000;\"><span style=\"font-family: Arial, serif;\">La investigaci\u00f3n llevada a cabo por el Tribunal revel\u00f3 que, a pesar de que el demandante trabaj\u00f3 bajo contratos de prestaci\u00f3n de servicios durante este tiempo, la naturaleza de su relaci\u00f3n con CORPOBOYAC\u00c1 era subordinada. Se encontr\u00f3 evidencia de que el demandante desempe\u00f1\u00f3 sus labores de manera permanente y continua, actuando como Operario de Vivero y ocasionalmente asumiendo roles t\u00e9cnicos y de asistencia, adem\u00e1s de ejercer impl\u00edcitamente labores de vigilancia.<\/span><\/span><\/span><\/span><\/p><p class=\"western\" align=\"justify\"><span style=\"font-family: Arial, sans-serif;\"><span style=\"font-size: medium;\"><span style=\"color: #000000;\"><span style=\"font-family: Arial, serif;\">Los contratos de prestaci\u00f3n de servicios celebrados entre el demandante y CORPOBOYAC\u00c1, que sumaron un total de 27, si bien presentaron algunas interrupciones superiores a los 30 d\u00edas h\u00e1biles, no implicaron una ruptura real en la continuidad del v\u00ednculo laboral. Se evidenci\u00f3 que, incluso durante estos lapsos, el demandante continuaba realizando sus labores sin un contrato formal, respondiendo al inventario y cuidando las plantas del vivero para evitar que se da\u00f1aran.<\/span><\/span><\/span><\/span><\/p><p class=\"western\" align=\"justify\"><span style=\"font-family: Arial, sans-serif;\"><span style=\"font-size: medium;\"><span style=\"color: #000000;\"><span style=\"font-family: Arial, serif;\">La Sala del Tribunal rechaz\u00f3 los argumentos presentados por CORPOBOYAC\u00c1, que suger\u00edan que las actividades del demandante como operario de vivero y vigilante eran ajenas al giro ordinario de las funciones de la entidad. Se determin\u00f3 que las actividades contratadas estaban directamente relacionadas con los objetivos misionales de CORPOBOYAC\u00c1, como se establec\u00eda en los estudios previos de cada contrato.<\/span><\/span><\/span><\/span><\/p><p class=\"western\" align=\"justify\"><span style=\"font-family: Arial, sans-serif;\"><span style=\"font-size: medium;\"><span style=\"color: #000000;\"><span style=\"font-family: Arial, serif;\">Adem\u00e1s, se refut\u00f3 la afirmaci\u00f3n de CORPOBOYAC\u00c1 de que el demandante no estaba sujeto a \u00f3rdenes espec\u00edficas ni a horarios definidos. Los testimonios y la documentaci\u00f3n recolectada demostraron que el demandante trabajaba largas jornadas, incluso hasta altas horas de la noche, y estaba sujeto a supervisiones regulares de su trabajo por parte de los supervisores de la entidad.<\/span><\/span><\/span><\/span><\/p><p class=\"western\" align=\"justify\"><span style=\"font-family: Arial, sans-serif;\"><span style=\"font-size: medium;\"><span style=\"color: #000000;\"><span style=\"font-family: Arial, serif;\">En conclusi\u00f3n, el Tribunal Administrativo de Boyac\u00e1 determin\u00f3 que, dadas las circunstancias y la naturaleza de las funciones desempe\u00f1adas por el demandante, se configur\u00f3 una relaci\u00f3n laboral entre \u00e9l y CORPOBOYAC\u00c1 durante el per\u00edodo comprendido entre el 3 de febrero de 1997 y el 23 de octubre de 2014. Por lo tanto, la entidad ha sido ordenada a pagar las prestaciones sociales correspondientes al demandante por este periodo de servicio.<\/span><\/span><\/span><\/span><\/p>\t\t\t\t\t\t\t\t<\/div>\n\t\t\t\t<\/div>\n\t\t\t\t\t<\/div>\n\t\t<\/div>\n\t\t\t\t\t<\/div>\n\t\t<\/section>\n\t\t\t\t<\/div>\n\t\t","protected":false},"excerpt":{"rendered":"<p>Foto: Corpoboyac\u00e1 El Tribunal Administrativo de Boyac\u00e1 ha determinado que CORPOBOYAC\u00c1, la Corporaci\u00f3n Aut\u00f3noma Regional de Boyac\u00e1, deber\u00e1<\/p>\n","protected":false},"author":1,"featured_media":18043,"comment_status":"open","ping_status":"open","sticky":false,"template":"","format":"image","meta":{"om_disable_all_campaigns":false,"_monsterinsights_skip_tracking":false,"_monsterinsights_sitenote_active":false,"_monsterinsights_sitenote_note":"","_monsterinsights_sitenote_category":0,"footnotes":""},"categories":[8],"tags":[10],"class_list":["post-18037","post","type-post","status-publish","format-image","has-post-thumbnail","hentry","category-judicial","tag-noticias","post_format-post-format-image"],"aioseo_notices":[],"_links":{"self":[{"href":"https:\/\/www.boyacaleinforma.com\/index.php?rest_route=\/wp\/v2\/posts\/18037","targetHints":{"allow":["GET"]}}],"collection":[{"href":"https:\/\/www.boyacaleinforma.com\/index.php?rest_route=\/wp\/v2\/posts"}],"about":[{"href":"https:\/\/www.boyacaleinforma.com\/index.php?rest_route=\/wp\/v2\/types\/post"}],"author":[{"embeddable":true,"href":"https:\/\/www.boyacaleinforma.com\/index.php?rest_route=\/wp\/v2\/users\/1"}],"replies":[{"embeddable":true,"href":"https:\/\/www.boyacaleinforma.com\/index.php?rest_route=%2Fwp%2Fv2%2Fcomments&post=18037"}],"version-history":[{"count":0,"href":"https:\/\/www.boyacaleinforma.com\/index.php?rest_route=\/wp\/v2\/posts\/18037\/revisions"}],"wp:featuredmedia":[{"embeddable":true,"href":"https:\/\/www.boyacaleinforma.com\/index.php?rest_route=\/wp\/v2\/media\/18043"}],"wp:attachment":[{"href":"https:\/\/www.boyacaleinforma.com\/index.php?rest_route=%2Fwp%2Fv2%2Fmedia&parent=18037"}],"wp:term":[{"taxonomy":"category","embeddable":true,"href":"https:\/\/www.boyacaleinforma.com\/index.php?rest_route=%2Fwp%2Fv2%2Fcategories&post=18037"},{"taxonomy":"post_tag","embeddable":true,"href":"https:\/\/www.boyacaleinforma.com\/index.php?rest_route=%2Fwp%2Fv2%2Ftags&post=18037"}],"curies":[{"name":"wp","href":"https:\/\/api.w.org\/{rel}","templated":true}]}}