{"id":18110,"date":"2024-04-09T21:07:45","date_gmt":"2024-04-10T02:07:45","guid":{"rendered":"https:\/\/www.boyacaleinforma.com\/?p=18110"},"modified":"2024-04-09T21:11:05","modified_gmt":"2024-04-10T02:11:05","slug":"colombia-destaca-en-bmx-y-levantamiento-de-pesas-en-los-juegos-bolivarianos-de-la-juventud-copy-copy-copy-copy-copy-copy-copy-copy","status":"publish","type":"post","link":"https:\/\/www.boyacaleinforma.com\/?p=18110","title":{"rendered":"Mads Pedersen: \u00abTerminar en el podio es casi una victoria\u00bb"},"content":{"rendered":"\t\t<div data-elementor-type=\"wp-post\" data-elementor-id=\"18110\" class=\"elementor elementor-18110\" data-elementor-post-type=\"post\">\n\t\t\t\t\t\t<section class=\"elementor-section elementor-top-section elementor-element elementor-element-62b311ee elementor-section-boxed elementor-section-height-default elementor-section-height-default\" data-id=\"62b311ee\" data-element_type=\"section\" data-e-type=\"section\">\n\t\t\t\t\t\t<div class=\"elementor-container elementor-column-gap-default\">\n\t\t\t\t\t<div class=\"elementor-column elementor-col-100 elementor-top-column elementor-element elementor-element-22e424c5\" data-id=\"22e424c5\" data-element_type=\"column\" data-e-type=\"column\">\n\t\t\t<div class=\"elementor-widget-wrap elementor-element-populated\">\n\t\t\t\t\t\t<div class=\"elementor-element elementor-element-7799c32 elementor-widget elementor-widget-image\" data-id=\"7799c32\" data-element_type=\"widget\" data-e-type=\"widget\" data-widget_type=\"image.default\">\n\t\t\t\t<div class=\"elementor-widget-container\">\n\t\t\t\t\t\t\t\t\t\t\t\t<figure class=\"wp-caption\">\n\t\t\t\t\t\t\t\t\t\t<img loading=\"lazy\" width=\"640\" height=\"426\" src=\"https:\/\/www.boyacaleinforma.com\/wp-content\/uploads\/2024\/04\/CI-1.jpg\" class=\"attachment-medium_large size-medium_large wp-image-18112\" alt=\"CI\" srcset=\"https:\/\/www.boyacaleinforma.com\/wp-content\/uploads\/2024\/04\/CI-1.jpg 680w, https:\/\/www.boyacaleinforma.com\/wp-content\/uploads\/2024\/04\/CI-1-300x200.jpg 300w\" sizes=\"auto, (max-width: 640px) 100vw, 640px\" loading=\"lazy\" decoding=\"async\" \/>\t\t\t\t\t\t\t\t\t\t\t<figcaption class=\"widget-image-caption wp-caption-text\">Foto: Ciclismo Internacional<\/figcaption>\n\t\t\t\t\t\t\t\t\t\t<\/figure>\n\t\t\t\t\t\t\t\t\t<\/div>\n\t\t\t\t<\/div>\n\t\t\t\t<div class=\"elementor-element elementor-element-16316330 elementor-widget elementor-widget-text-editor\" data-id=\"16316330\" data-element_type=\"widget\" data-e-type=\"widget\" data-widget_type=\"text-editor.default\">\n\t\t\t\t<div class=\"elementor-widget-container\">\n\t\t\t\t\t\t\t\t\t<p class=\"western\" align=\"justify\"><span style=\"font-family: Arial, sans-serif;\"><span style=\"font-size: medium;\"><span style=\"color: #000000;\"><span style=\"font-family: Arial, serif;\">En el mundo del ciclismo, hay corredores que destacan por encima del resto, cuyo talento innato los eleva a un nivel superior. Uno de esos ciclistas es Mads Pedersen, cuyo desempe\u00f1o en la reciente Gent Wevelgem lo posiciona como uno de los grandes de la disciplina.<\/span><\/span><\/span><\/span><\/p><p class=\"western\" align=\"justify\"><span style=\"font-family: Arial, sans-serif;\"><span style=\"font-size: medium;\"><span style=\"color: #000000;\"><span style=\"font-family: Arial, serif;\">Pedersen, ex campe\u00f3n del mundo, no duda en reconocer la superioridad de sus rivales cuando corresponde. Tras la victoria de Mathieu van der Poel en la mencionada carrera, Pedersen no dud\u00f3 en elogiar al holand\u00e9s: \u00abMathieu van der Poel fue hoy mucho mejor que el resto de nosotros\u00bb, admiti\u00f3 humildemente.<\/span><\/span><\/span><\/span><\/p><p class=\"western\" align=\"justify\"><span style=\"font-family: Arial, sans-serif;\"><span style=\"font-size: medium;\"><span style=\"color: #000000;\"><span style=\"font-family: Arial, serif;\">Para Pedersen, alcanzar el podio en una competici\u00f3n de alto nivel como la Gent Wevelgem es una haza\u00f1a que se asemeja a la victoria misma. \u00abTerminar en el podio es casi una victoria\u00bb, afirm\u00f3 el ciclista dan\u00e9s, destacando la importancia de estar entre los mejores en una carrera tan exigente.<\/span><\/span><\/span><\/span><\/p><p class=\"western\" align=\"justify\"><span style=\"font-family: Arial, sans-serif;\"><span style=\"font-size: medium;\"><span style=\"color: #000000;\"><span style=\"font-family: Arial, serif;\">Sin embargo, el camino hacia el podio no estuvo exento de dificultades. Durante la carrera, Pedersen sufri\u00f3 un pinchazo que amenaz\u00f3 con frustrar sus aspiraciones. \u00abUn pinchazo es molesto en esta carrera\u00bb, reconoci\u00f3 Pedersen, \u00abpero logramos remontar\u00bb. Gracias al trabajo en equipo y la colaboraci\u00f3n de su compa\u00f1ero Mathias Vacek, Pedersen pudo cerrar la brecha y mantenerse en la lucha por el podio.<\/span><\/span><\/span><\/span><\/p><p class=\"western\" align=\"justify\"><span style=\"font-family: Arial, sans-serif;\"><span style=\"font-size: medium;\"><span style=\"color: #000000;\"><span style=\"font-family: Arial, serif;\">A pesar de los contratiempos, Pedersen se muestra optimista y agradecido por la oportunidad de competir al m\u00e1s alto nivel. \u00abEs casi imposible no sufrir un pinchazo en esta carrera\u00bb, se\u00f1al\u00f3, \u00abas\u00ed que estoy feliz de haber regresado y haber podido subir al podio\u00bb.<\/span><\/span><\/span><\/span><\/p><p class=\"western\" align=\"justify\"><span style=\"font-family: Arial, sans-serif;\"><span style=\"font-size: medium;\"><span style=\"color: #000000;\"><span style=\"font-family: Arial, serif;\">Con su actitud positiva y su determinaci\u00f3n inquebrantable, Mads Pedersen contin\u00faa demostrando por qu\u00e9 es considerado uno de los mejores ciclistas del mundo. Su capacidad para superar los obst\u00e1culos y su humildad al reconocer el m\u00e9rito de sus rivales lo convierten en un ejemplo a seguir en el mundo del ciclismo profesional.<\/span><\/span><\/span><\/span><\/p>\t\t\t\t\t\t\t\t<\/div>\n\t\t\t\t<\/div>\n\t\t\t\t\t<\/div>\n\t\t<\/div>\n\t\t\t\t\t<\/div>\n\t\t<\/section>\n\t\t\t\t<\/div>\n\t\t","protected":false},"excerpt":{"rendered":"<p>Foto: Ciclismo Internacional En el mundo del ciclismo, hay corredores que destacan por encima del resto, cuyo talento<\/p>\n","protected":false},"author":1,"featured_media":18112,"comment_status":"open","ping_status":"open","sticky":false,"template":"","format":"image","meta":{"om_disable_all_campaigns":false,"_monsterinsights_skip_tracking":false,"_monsterinsights_sitenote_active":false,"_monsterinsights_sitenote_note":"","_monsterinsights_sitenote_category":0,"footnotes":""},"categories":[7],"tags":[10],"class_list":["post-18110","post","type-post","status-publish","format-image","has-post-thumbnail","hentry","category-deportes","tag-noticias","post_format-post-format-image"],"aioseo_notices":[],"_links":{"self":[{"href":"https:\/\/www.boyacaleinforma.com\/index.php?rest_route=\/wp\/v2\/posts\/18110","targetHints":{"allow":["GET"]}}],"collection":[{"href":"https:\/\/www.boyacaleinforma.com\/index.php?rest_route=\/wp\/v2\/posts"}],"about":[{"href":"https:\/\/www.boyacaleinforma.com\/index.php?rest_route=\/wp\/v2\/types\/post"}],"author":[{"embeddable":true,"href":"https:\/\/www.boyacaleinforma.com\/index.php?rest_route=\/wp\/v2\/users\/1"}],"replies":[{"embeddable":true,"href":"https:\/\/www.boyacaleinforma.com\/index.php?rest_route=%2Fwp%2Fv2%2Fcomments&post=18110"}],"version-history":[{"count":0,"href":"https:\/\/www.boyacaleinforma.com\/index.php?rest_route=\/wp\/v2\/posts\/18110\/revisions"}],"wp:featuredmedia":[{"embeddable":true,"href":"https:\/\/www.boyacaleinforma.com\/index.php?rest_route=\/wp\/v2\/media\/18112"}],"wp:attachment":[{"href":"https:\/\/www.boyacaleinforma.com\/index.php?rest_route=%2Fwp%2Fv2%2Fmedia&parent=18110"}],"wp:term":[{"taxonomy":"category","embeddable":true,"href":"https:\/\/www.boyacaleinforma.com\/index.php?rest_route=%2Fwp%2Fv2%2Fcategories&post=18110"},{"taxonomy":"post_tag","embeddable":true,"href":"https:\/\/www.boyacaleinforma.com\/index.php?rest_route=%2Fwp%2Fv2%2Ftags&post=18110"}],"curies":[{"name":"wp","href":"https:\/\/api.w.org\/{rel}","templated":true}]}}