{"id":18159,"date":"2024-04-10T22:18:53","date_gmt":"2024-04-11T03:18:53","guid":{"rendered":"https:\/\/www.boyacaleinforma.com\/?p=18159"},"modified":"2024-04-10T22:31:51","modified_gmt":"2024-04-11T03:31:51","slug":"mads-pedersen-terminar-en-el-podio-es-casi-una-victoria-copy","status":"publish","type":"post","link":"https:\/\/www.boyacaleinforma.com\/?p=18159","title":{"rendered":"Gobernador de Boyac\u00e1 anuncia proyectos de gran envergadura en Moniquir\u00e1: UPTC y parque tem\u00e1tico para Ricaurte"},"content":{"rendered":"\t\t<div data-elementor-type=\"wp-post\" data-elementor-id=\"18159\" class=\"elementor elementor-18159\" data-elementor-post-type=\"post\">\n\t\t\t\t\t\t<section class=\"elementor-section elementor-top-section elementor-element elementor-element-62b311ee elementor-section-boxed elementor-section-height-default elementor-section-height-default\" data-id=\"62b311ee\" data-element_type=\"section\" data-e-type=\"section\">\n\t\t\t\t\t\t<div class=\"elementor-container elementor-column-gap-default\">\n\t\t\t\t\t<div class=\"elementor-column elementor-col-100 elementor-top-column elementor-element elementor-element-22e424c5\" data-id=\"22e424c5\" data-element_type=\"column\" data-e-type=\"column\">\n\t\t\t<div class=\"elementor-widget-wrap elementor-element-populated\">\n\t\t\t\t\t\t<div class=\"elementor-element elementor-element-7799c32 elementor-widget elementor-widget-image\" data-id=\"7799c32\" data-element_type=\"widget\" data-e-type=\"widget\" data-widget_type=\"image.default\">\n\t\t\t\t<div class=\"elementor-widget-container\">\n\t\t\t\t\t\t\t\t\t\t\t\t<figure class=\"wp-caption\">\n\t\t\t\t\t\t\t\t\t\t<img loading=\"lazy\" width=\"272\" height=\"185\" src=\"https:\/\/www.boyacaleinforma.com\/wp-content\/uploads\/2024\/04\/boy-95.6.jpg\" class=\"attachment-medium_large size-medium_large wp-image-18167\" alt=\"boy 95.6\" loading=\"lazy\" decoding=\"async\" \/>\t\t\t\t\t\t\t\t\t\t\t<figcaption class=\"widget-image-caption wp-caption-text\">Foto: Boyac\u00e1 95.6<\/figcaption>\n\t\t\t\t\t\t\t\t\t\t<\/figure>\n\t\t\t\t\t\t\t\t\t<\/div>\n\t\t\t\t<\/div>\n\t\t\t\t<div class=\"elementor-element elementor-element-16316330 elementor-widget elementor-widget-text-editor\" data-id=\"16316330\" data-element_type=\"widget\" data-e-type=\"widget\" data-widget_type=\"text-editor.default\">\n\t\t\t\t<div class=\"elementor-widget-container\">\n\t\t\t\t\t\t\t\t\t<p class=\"western\" align=\"justify\"><span style=\"font-family: Arial, sans-serif;\"><span style=\"font-size: medium;\"><span style=\"color: #000000;\"><span style=\"font-family: Arial, serif;\">El gobernador de Boyac\u00e1, Carlos Amaya, ha desvelado importantes iniciativas que marcar\u00e1n un hito en el desarrollo educativo y tur\u00edstico de la regi\u00f3n. Durante su visita a Moniquir\u00e1, Amaya revel\u00f3 la creaci\u00f3n de una sede de la Universidad Pedag\u00f3gica y Tecnol\u00f3gica de Colombia (UPTC) en Ricaurte, as\u00ed como la configuraci\u00f3n de un parque tem\u00e1tico dedicado a la actividad dulce emblem\u00e1tica de la zona.<\/span><\/span><\/span><\/span><\/p><p class=\"western\" align=\"justify\"><span style=\"font-family: Arial, sans-serif;\"><span style=\"font-size: medium;\"><span style=\"color: #000000;\"><span style=\"font-family: Arial, serif;\">En un recorrido por los terrenos seleccionados para estos proyectos, el mandatario boyacense, acompa\u00f1ado del rector de la UPTC, Enrique Vera, confirm\u00f3 el compromiso de convertir en realidad el anhelo de contar con educaci\u00f3n superior en Ricaurte, beneficiando a toda la comunidad estudiantil de la regi\u00f3n y los municipios circundantes.<\/span><\/span><\/span><\/span><\/p><p class=\"western\" align=\"justify\"><span style=\"font-family: Arial, sans-serif;\"><span style=\"font-size: medium;\"><span style=\"color: #000000;\"><span style=\"font-family: Arial, serif;\">\u00abEste proyecto lo venimos trabajando desde el a\u00f1o pasado y ha sido priorizado por el Ministerio de Educaci\u00f3n Nacional. A la se\u00f1ora ministra, Aurora Vergara, gracias por priorizar esta sede que ya tiene recursos para estudios y dise\u00f1os en Findeter, y para la obra. La UPTC ser\u00e1 una realidad\u00bb, asegur\u00f3 el gobernador Amaya.<\/span><\/span><\/span><\/span><\/p><p class=\"western\" align=\"justify\"><span style=\"font-family: Arial, sans-serif;\"><span style=\"font-size: medium;\"><span style=\"color: #000000;\"><span style=\"font-family: Arial, serif;\">Se han identificado cuatro opciones para la ubicaci\u00f3n de la sede de la UPTC, cada una con caracter\u00edsticas \u00fanicas y potenciales beneficios. Adem\u00e1s del terreno donde se materializar\u00e1 el parque tem\u00e1tico, se consideran otras ubicaciones estrat\u00e9gicas, como el predio del antiguo hospital, un s\u00edmbolo con potencial para programas de salud; la instituci\u00f3n educativa Anexa, un espacio con una rica tradici\u00f3n acad\u00e9mica; y la Instituci\u00f3n Educativa T\u00e9cnica Agropecuaria Jorge Eduardo Londo\u00f1o, bajo la administraci\u00f3n del Fondo Nacional del Caf\u00e9.<\/span><\/span><\/span><\/span><\/p><p class=\"western\" align=\"justify\"><span style=\"font-family: Arial, sans-serif;\"><span style=\"font-size: medium;\"><span style=\"color: #000000;\"><span style=\"font-family: Arial, serif;\">Estas opciones ser\u00e1n evaluadas en las pr\u00f3ximas semanas, tomando en cuenta las necesidades y opiniones de los diferentes actores institucionales y sociales de la regi\u00f3n, con el objetivo de garantizar una planificaci\u00f3n adecuada y una implementaci\u00f3n exitosa de estos proyectos de gran impacto para Boyac\u00e1.<\/span><\/span><\/span><\/span><\/p>\t\t\t\t\t\t\t\t<\/div>\n\t\t\t\t<\/div>\n\t\t\t\t\t<\/div>\n\t\t<\/div>\n\t\t\t\t\t<\/div>\n\t\t<\/section>\n\t\t\t\t<\/div>\n\t\t","protected":false},"excerpt":{"rendered":"<p>Foto: Boyac\u00e1 95.6 El gobernador de Boyac\u00e1, Carlos Amaya, ha desvelado importantes iniciativas que marcar\u00e1n un hito en<\/p>\n","protected":false},"author":1,"featured_media":18167,"comment_status":"open","ping_status":"open","sticky":false,"template":"","format":"image","meta":{"om_disable_all_campaigns":false,"_monsterinsights_skip_tracking":false,"_monsterinsights_sitenote_active":false,"_monsterinsights_sitenote_note":"","_monsterinsights_sitenote_category":0,"footnotes":""},"categories":[5],"tags":[10],"class_list":["post-18159","post","type-post","status-publish","format-image","has-post-thumbnail","hentry","category-boyaca","tag-noticias","post_format-post-format-image"],"aioseo_notices":[],"_links":{"self":[{"href":"https:\/\/www.boyacaleinforma.com\/index.php?rest_route=\/wp\/v2\/posts\/18159","targetHints":{"allow":["GET"]}}],"collection":[{"href":"https:\/\/www.boyacaleinforma.com\/index.php?rest_route=\/wp\/v2\/posts"}],"about":[{"href":"https:\/\/www.boyacaleinforma.com\/index.php?rest_route=\/wp\/v2\/types\/post"}],"author":[{"embeddable":true,"href":"https:\/\/www.boyacaleinforma.com\/index.php?rest_route=\/wp\/v2\/users\/1"}],"replies":[{"embeddable":true,"href":"https:\/\/www.boyacaleinforma.com\/index.php?rest_route=%2Fwp%2Fv2%2Fcomments&post=18159"}],"version-history":[{"count":0,"href":"https:\/\/www.boyacaleinforma.com\/index.php?rest_route=\/wp\/v2\/posts\/18159\/revisions"}],"wp:featuredmedia":[{"embeddable":true,"href":"https:\/\/www.boyacaleinforma.com\/index.php?rest_route=\/wp\/v2\/media\/18167"}],"wp:attachment":[{"href":"https:\/\/www.boyacaleinforma.com\/index.php?rest_route=%2Fwp%2Fv2%2Fmedia&parent=18159"}],"wp:term":[{"taxonomy":"category","embeddable":true,"href":"https:\/\/www.boyacaleinforma.com\/index.php?rest_route=%2Fwp%2Fv2%2Fcategories&post=18159"},{"taxonomy":"post_tag","embeddable":true,"href":"https:\/\/www.boyacaleinforma.com\/index.php?rest_route=%2Fwp%2Fv2%2Ftags&post=18159"}],"curies":[{"name":"wp","href":"https:\/\/api.w.org\/{rel}","templated":true}]}}