{"id":18160,"date":"2024-04-10T22:19:05","date_gmt":"2024-04-11T03:19:05","guid":{"rendered":"https:\/\/www.boyacaleinforma.com\/?p=18160"},"modified":"2024-04-10T22:30:34","modified_gmt":"2024-04-11T03:30:34","slug":"mads-pedersen-terminar-en-el-podio-es-casi-una-victoria-copy-copy","status":"publish","type":"post","link":"https:\/\/www.boyacaleinforma.com\/?p=18160","title":{"rendered":"Campesinos de Pauna, Boyac\u00e1, en riesgo de desalojo: Clamor por la protecci\u00f3n de sus tierras"},"content":{"rendered":"\t\t<div data-elementor-type=\"wp-post\" data-elementor-id=\"18160\" class=\"elementor elementor-18160\" data-elementor-post-type=\"post\">\n\t\t\t\t\t\t<section class=\"elementor-section elementor-top-section elementor-element elementor-element-62b311ee elementor-section-boxed elementor-section-height-default elementor-section-height-default\" data-id=\"62b311ee\" data-element_type=\"section\" data-e-type=\"section\">\n\t\t\t\t\t\t<div class=\"elementor-container elementor-column-gap-default\">\n\t\t\t\t\t<div class=\"elementor-column elementor-col-100 elementor-top-column elementor-element elementor-element-22e424c5\" data-id=\"22e424c5\" data-element_type=\"column\" data-e-type=\"column\">\n\t\t\t<div class=\"elementor-widget-wrap elementor-element-populated\">\n\t\t\t\t\t\t<div class=\"elementor-element elementor-element-7799c32 elementor-widget elementor-widget-image\" data-id=\"7799c32\" data-element_type=\"widget\" data-e-type=\"widget\" data-widget_type=\"image.default\">\n\t\t\t\t<div class=\"elementor-widget-container\">\n\t\t\t\t\t\t\t\t\t\t\t\t<figure class=\"wp-caption\">\n\t\t\t\t\t\t\t\t\t\t<img loading=\"lazy\" width=\"640\" height=\"339\" src=\"https:\/\/www.boyacaleinforma.com\/wp-content\/uploads\/2024\/04\/semana-1-768x407.jpg\" class=\"attachment-medium_large size-medium_large wp-image-18173\" alt=\"semana\" srcset=\"https:\/\/www.boyacaleinforma.com\/wp-content\/uploads\/2024\/04\/semana-1-768x407.jpg 768w, https:\/\/www.boyacaleinforma.com\/wp-content\/uploads\/2024\/04\/semana-1-300x159.jpg 300w, https:\/\/www.boyacaleinforma.com\/wp-content\/uploads\/2024\/04\/semana-1.jpg 1000w\" sizes=\"auto, (max-width: 640px) 100vw, 640px\" loading=\"lazy\" decoding=\"async\" \/>\t\t\t\t\t\t\t\t\t\t\t<figcaption class=\"widget-image-caption wp-caption-text\">Foto: Semana<\/figcaption>\n\t\t\t\t\t\t\t\t\t\t<\/figure>\n\t\t\t\t\t\t\t\t\t<\/div>\n\t\t\t\t<\/div>\n\t\t\t\t<div class=\"elementor-element elementor-element-16316330 elementor-widget elementor-widget-text-editor\" data-id=\"16316330\" data-element_type=\"widget\" data-e-type=\"widget\" data-widget_type=\"text-editor.default\">\n\t\t\t\t<div class=\"elementor-widget-container\">\n\t\t\t\t\t\t\t\t\t<p class=\"western\" align=\"justify\"><span style=\"font-family: Arial, sans-serif;\"><span style=\"font-size: medium;\"><span style=\"color: #000000;\"><span style=\"font-family: Arial, serif;\">La tranquilidad y estabilidad de los campesinos en Pauna, Boyac\u00e1, se ven amenazadas por el riesgo inminente de desalojo de sus tierras. La Sociedad de Activos Especiales (SAE), en su labor de recuperaci\u00f3n de predios que alguna vez estuvieron vinculados con cultivos il\u00edcitos, ha generado preocupaci\u00f3n y angustia en la comunidad local.<\/span><\/span><\/span><\/span><\/p><p class=\"western\" align=\"justify\"><span style=\"font-family: Arial, sans-serif;\"><span style=\"font-size: medium;\"><span style=\"color: #000000;\"><span style=\"font-family: Arial, serif;\">Los propietarios de tierras en este municipio se enfrentan a una situaci\u00f3n desgarradora, temiendo perder sus hogares y su sustento. Santos Pach\u00f3n Castellanos, un adulto mayor cuya familia estuvo involucrada en actividades il\u00edcitas en el pasado, se encuentra en peligro de desalojo. \u00abTristeza y dolor. \u00bfYo qu\u00e9 voy a hacer? No tengo para d\u00f3nde irme, para d\u00f3nde voy a coger si no puedo trabajar\u00bb, expres\u00f3 Pach\u00f3n Castellanos en una entrevista con Noticias Caracol.<\/span><\/span><\/span><\/span><\/p><p class=\"western\" align=\"justify\"><span style=\"font-family: Arial, sans-serif;\"><span style=\"font-size: medium;\"><span style=\"color: #000000;\"><span style=\"font-family: Arial, serif;\">El caso de Pach\u00f3n Castellanos no es \u00fanico. Se estima que alrededor de 30 familias en Pauna han recibido notificaciones de desalojo por parte de la SAE, pero se teme que este n\u00famero pueda ser a\u00fan mayor. Carmen Luc\u00eda Tiga, otra habitante del municipio, se sorprende al ver que su finca, que apenas alcanza las tres hect\u00e1reas, est\u00e1 relacionada con la presunta siembra de m\u00e1s de 81.000 matas de coca en m\u00e1s de seis hect\u00e1reas.<\/span><\/span><\/span><\/span><\/p><p class=\"western\" align=\"justify\"><span style=\"font-family: Arial, sans-serif;\"><span style=\"font-size: medium;\"><span style=\"color: #000000;\"><span style=\"font-family: Arial, serif;\">El malestar y la indignaci\u00f3n de la comunidad han llevado a manifestaciones pac\u00edficas en contra de las medidas del Gobierno nacional y la aplicaci\u00f3n de la extinci\u00f3n de dominio. Los campesinos, junto con l\u00edderes sociales, han expresado su rechazo a estas acciones que afectan a familias humildes que han habitado estos territorios por d\u00e9cadas.<\/span><\/span><\/span><\/span><\/p><p class=\"western\" align=\"justify\"><span style=\"font-family: Arial, sans-serif;\"><span style=\"font-size: medium;\"><span style=\"color: #000000;\"><span style=\"font-family: Arial, serif;\">\u00abNosotros, como comunidad de Pauna, nos sumamos a esa f\u00e9rrea voluntad y compromiso de cumplimiento a lo pactado con la erradicaci\u00f3n voluntaria y de la misma manera esta comunidad le solicita al Gobierno nacional y al Estado en su conjunto, no a la extinci\u00f3n de dominio de la tierra de nuestros abuelos\u00bb, declar\u00f3 un l\u00edder social del municipio durante una protesta en las v\u00edas para impedir la diligencia de desalojo por parte de los funcionarios de la SAE.<\/span><\/span><\/span><\/span><\/p><p class=\"western\" align=\"justify\"><span style=\"font-family: Arial, sans-serif;\"><span style=\"font-size: medium;\"><span style=\"color: #000000;\"><span style=\"font-family: Arial, serif;\">La incertidumbre y la preocupaci\u00f3n prevalecen en Pauna mientras los campesinos esperan que el Gobierno cumpla con su compromiso de proteger sus tierras y sus hogares.<\/span><\/span><\/span><\/span><\/p>\t\t\t\t\t\t\t\t<\/div>\n\t\t\t\t<\/div>\n\t\t\t\t\t<\/div>\n\t\t<\/div>\n\t\t\t\t\t<\/div>\n\t\t<\/section>\n\t\t\t\t<\/div>\n\t\t","protected":false},"excerpt":{"rendered":"<p>Foto: Semana La tranquilidad y estabilidad de los campesinos en Pauna, Boyac\u00e1, se ven amenazadas por el riesgo<\/p>\n","protected":false},"author":1,"featured_media":18173,"comment_status":"open","ping_status":"open","sticky":false,"template":"","format":"image","meta":{"om_disable_all_campaigns":false,"_monsterinsights_skip_tracking":false,"_monsterinsights_sitenote_active":false,"_monsterinsights_sitenote_note":"","_monsterinsights_sitenote_category":0,"footnotes":""},"categories":[5],"tags":[10],"class_list":["post-18160","post","type-post","status-publish","format-image","has-post-thumbnail","hentry","category-boyaca","tag-noticias","post_format-post-format-image"],"aioseo_notices":[],"_links":{"self":[{"href":"https:\/\/www.boyacaleinforma.com\/index.php?rest_route=\/wp\/v2\/posts\/18160","targetHints":{"allow":["GET"]}}],"collection":[{"href":"https:\/\/www.boyacaleinforma.com\/index.php?rest_route=\/wp\/v2\/posts"}],"about":[{"href":"https:\/\/www.boyacaleinforma.com\/index.php?rest_route=\/wp\/v2\/types\/post"}],"author":[{"embeddable":true,"href":"https:\/\/www.boyacaleinforma.com\/index.php?rest_route=\/wp\/v2\/users\/1"}],"replies":[{"embeddable":true,"href":"https:\/\/www.boyacaleinforma.com\/index.php?rest_route=%2Fwp%2Fv2%2Fcomments&post=18160"}],"version-history":[{"count":0,"href":"https:\/\/www.boyacaleinforma.com\/index.php?rest_route=\/wp\/v2\/posts\/18160\/revisions"}],"wp:featuredmedia":[{"embeddable":true,"href":"https:\/\/www.boyacaleinforma.com\/index.php?rest_route=\/wp\/v2\/media\/18173"}],"wp:attachment":[{"href":"https:\/\/www.boyacaleinforma.com\/index.php?rest_route=%2Fwp%2Fv2%2Fmedia&parent=18160"}],"wp:term":[{"taxonomy":"category","embeddable":true,"href":"https:\/\/www.boyacaleinforma.com\/index.php?rest_route=%2Fwp%2Fv2%2Fcategories&post=18160"},{"taxonomy":"post_tag","embeddable":true,"href":"https:\/\/www.boyacaleinforma.com\/index.php?rest_route=%2Fwp%2Fv2%2Ftags&post=18160"}],"curies":[{"name":"wp","href":"https:\/\/api.w.org\/{rel}","templated":true}]}}