{"id":18161,"date":"2024-04-10T22:19:16","date_gmt":"2024-04-11T03:19:16","guid":{"rendered":"https:\/\/www.boyacaleinforma.com\/?p=18161"},"modified":"2024-04-10T22:29:27","modified_gmt":"2024-04-11T03:29:27","slug":"mads-pedersen-terminar-en-el-podio-es-casi-una-victoria-copy-copy-copy","status":"publish","type":"post","link":"https:\/\/www.boyacaleinforma.com\/?p=18161","title":{"rendered":"Presidente Petro denuncia falsa contabilidad en la Nueva EPS: M\u00e1s de 13 billones de pesos en entredicho"},"content":{"rendered":"\t\t<div data-elementor-type=\"wp-post\" data-elementor-id=\"18161\" class=\"elementor elementor-18161\" data-elementor-post-type=\"post\">\n\t\t\t\t\t\t<section class=\"elementor-section elementor-top-section elementor-element elementor-element-62b311ee elementor-section-boxed elementor-section-height-default elementor-section-height-default\" data-id=\"62b311ee\" data-element_type=\"section\" data-e-type=\"section\">\n\t\t\t\t\t\t<div class=\"elementor-container elementor-column-gap-default\">\n\t\t\t\t\t<div class=\"elementor-column elementor-col-100 elementor-top-column elementor-element elementor-element-22e424c5\" data-id=\"22e424c5\" data-element_type=\"column\" data-e-type=\"column\">\n\t\t\t<div class=\"elementor-widget-wrap elementor-element-populated\">\n\t\t\t\t\t\t<div class=\"elementor-element elementor-element-7799c32 elementor-widget elementor-widget-image\" data-id=\"7799c32\" data-element_type=\"widget\" data-e-type=\"widget\" data-widget_type=\"image.default\">\n\t\t\t\t<div class=\"elementor-widget-container\">\n\t\t\t\t\t\t\t\t\t\t\t\t<figure class=\"wp-caption\">\n\t\t\t\t\t\t\t\t\t\t<img decoding=\"async\" src=\"https:\/\/www.boyacaleinforma.com\/wp-content\/uploads\/2024\/04\/nacion-paisa.jpg\" title=\"\" alt=\"\" loading=\"lazy\" \/>\t\t\t\t\t\t\t\t\t\t\t<figcaption class=\"widget-image-caption wp-caption-text\">Foto: Naci\u00f3n Paisa<\/figcaption>\n\t\t\t\t\t\t\t\t\t\t<\/figure>\n\t\t\t\t\t\t\t\t\t<\/div>\n\t\t\t\t<\/div>\n\t\t\t\t<div class=\"elementor-element elementor-element-16316330 elementor-widget elementor-widget-text-editor\" data-id=\"16316330\" data-element_type=\"widget\" data-e-type=\"widget\" data-widget_type=\"text-editor.default\">\n\t\t\t\t<div class=\"elementor-widget-container\">\n\t\t\t\t\t\t\t\t\t<p class=\"western\" align=\"justify\"><span style=\"font-family: Arial, sans-serif;\"><span style=\"font-size: medium;\"><span style=\"color: #000000;\"><span style=\"font-family: Arial, serif;\">El presidente Gustavo Petro ha levantado una seria denuncia sobre presuntas irregularidades en la contabilidad de la Nueva EPS, una de las principales entidades encargadas de la prestaci\u00f3n del servicio de salud en Colombia. Seg\u00fan las declaraciones del mandatario, seis billones de pesos asignados por el Gobierno Nacional a esta EPS no se destinaron a financiar la atenci\u00f3n m\u00e9dica de sus afiliados.<\/span><\/span><\/span><\/span><\/p><p class=\"western\" align=\"justify\"><span style=\"font-family: Arial, sans-serif;\"><span style=\"font-size: medium;\"><span style=\"color: #000000;\"><span style=\"font-family: Arial, serif;\">El jefe de Estado, a trav\u00e9s de su cuenta en la red X, expuso la preocupaci\u00f3n por el manejo de los recursos p\u00fablicos en el \u00e1mbito de la salud y subray\u00f3 la necesidad de implementar un modelo preventivo en las EPS, como parte de la estrategia del Gobierno del Cambio.<\/span><\/span><\/span><\/span><\/p><p class=\"western\" align=\"justify\"><span style=\"font-family: Arial, sans-serif;\"><span style=\"font-size: medium;\"><span style=\"color: #000000;\"><span style=\"font-family: Arial, serif;\">Por su parte, Carolina Corcho, exministra de Salud y vocera de un \u00f3rgano consultivo de la Corte Constitucional, revel\u00f3 detalles a\u00fan m\u00e1s alarmantes. Seg\u00fan sus declaraciones, m\u00e1s de 13 billones de pesos entregados por el Gobierno a diversas EPS, incluida la Nueva EPS, no tienen una trazabilidad clara.<\/span><\/span><\/span><\/span><\/p><p class=\"western\" align=\"justify\"><span style=\"font-family: Arial, sans-serif;\"><span style=\"font-size: medium;\"><span style=\"color: #000000;\"><span style=\"font-family: Arial, serif;\">Durante una rueda de prensa, Corcho detall\u00f3 que estos recursos no aparecen registrados en los estados financieros ni se observa su inversi\u00f3n en reservas t\u00e9cnicas o pagos a cl\u00ednicas, hospitales y proveedores, lo que plantea serias dudas sobre su destino y uso.<\/span><\/span><\/span><\/span><\/p><p class=\"western\" align=\"justify\"><span style=\"font-family: Arial, sans-serif;\"><span style=\"font-size: medium;\"><span style=\"color: #000000;\"><span style=\"font-family: Arial, serif;\">La Comisi\u00f3n de Seguimiento, integrada por diversas organizaciones del sector de la salud, examin\u00f3 detalladamente los informes financieros de las EPS correspondientes al a\u00f1o 2023, presentados ante la Superintendencia Nacional de Salud. Sin embargo, los resultados de esta revisi\u00f3n no arrojaron luz sobre el paradero de los recursos en cuesti\u00f3n.<\/span><\/span><\/span><\/span><\/p><p class=\"western\" align=\"justify\"><span style=\"font-family: Arial, sans-serif;\"><span style=\"font-size: medium;\"><span style=\"color: #000000;\"><span style=\"font-family: Arial, serif;\">En este contexto, las organizaciones de la sociedad civil y el propio presidente Petro exigen respuestas claras y transparentes sobre el destino de los recursos de la salud. Los estudios realizados ser\u00e1n remitidos a los organismos de control pertinentes y a la Corte Constitucional, en cumplimiento del seguimiento establecido por la Sentencia T760 de 2008.<\/span><\/span><\/span><\/span><\/p><p class=\"western\" align=\"justify\"><span style=\"font-family: Arial, sans-serif;\"><span style=\"font-size: medium;\"><span style=\"color: #000000;\"><span style=\"font-family: Arial, serif;\">La incertidumbre persiste y la pregunta sigue en el aire: \u00bfd\u00f3nde est\u00e1 esa plata de la salud?<\/span><\/span><\/span><\/span><\/p>\t\t\t\t\t\t\t\t<\/div>\n\t\t\t\t<\/div>\n\t\t\t\t\t<\/div>\n\t\t<\/div>\n\t\t\t\t\t<\/div>\n\t\t<\/section>\n\t\t\t\t<\/div>\n\t\t","protected":false},"excerpt":{"rendered":"<p>Foto: Naci\u00f3n Paisa El presidente Gustavo Petro ha levantado una seria denuncia sobre presuntas irregularidades en la contabilidad<\/p>\n","protected":false},"author":1,"featured_media":0,"comment_status":"open","ping_status":"open","sticky":false,"template":"","format":"image","meta":{"om_disable_all_campaigns":false,"_monsterinsights_skip_tracking":false,"_monsterinsights_sitenote_active":false,"_monsterinsights_sitenote_note":"","_monsterinsights_sitenote_category":0,"footnotes":""},"categories":[9],"tags":[10],"class_list":["post-18161","post","type-post","status-publish","format-image","hentry","category-colombia","tag-noticias","post_format-post-format-image"],"aioseo_notices":[],"_links":{"self":[{"href":"https:\/\/www.boyacaleinforma.com\/index.php?rest_route=\/wp\/v2\/posts\/18161","targetHints":{"allow":["GET"]}}],"collection":[{"href":"https:\/\/www.boyacaleinforma.com\/index.php?rest_route=\/wp\/v2\/posts"}],"about":[{"href":"https:\/\/www.boyacaleinforma.com\/index.php?rest_route=\/wp\/v2\/types\/post"}],"author":[{"embeddable":true,"href":"https:\/\/www.boyacaleinforma.com\/index.php?rest_route=\/wp\/v2\/users\/1"}],"replies":[{"embeddable":true,"href":"https:\/\/www.boyacaleinforma.com\/index.php?rest_route=%2Fwp%2Fv2%2Fcomments&post=18161"}],"version-history":[{"count":0,"href":"https:\/\/www.boyacaleinforma.com\/index.php?rest_route=\/wp\/v2\/posts\/18161\/revisions"}],"wp:attachment":[{"href":"https:\/\/www.boyacaleinforma.com\/index.php?rest_route=%2Fwp%2Fv2%2Fmedia&parent=18161"}],"wp:term":[{"taxonomy":"category","embeddable":true,"href":"https:\/\/www.boyacaleinforma.com\/index.php?rest_route=%2Fwp%2Fv2%2Fcategories&post=18161"},{"taxonomy":"post_tag","embeddable":true,"href":"https:\/\/www.boyacaleinforma.com\/index.php?rest_route=%2Fwp%2Fv2%2Ftags&post=18161"}],"curies":[{"name":"wp","href":"https:\/\/api.w.org\/{rel}","templated":true}]}}