{"id":18162,"date":"2024-04-10T22:19:28","date_gmt":"2024-04-11T03:19:28","guid":{"rendered":"https:\/\/www.boyacaleinforma.com\/?p=18162"},"modified":"2024-04-11T19:00:05","modified_gmt":"2024-04-12T00:00:05","slug":"mads-pedersen-terminar-en-el-podio-es-casi-una-victoria-copy-copy-copy-copy","status":"publish","type":"post","link":"https:\/\/www.boyacaleinforma.com\/?p=18162","title":{"rendered":"Boyac\u00e1 avanza con su Plan de Desarrollo: Enfoque en infraestructura y proyectos regionales"},"content":{"rendered":"\t\t<div data-elementor-type=\"wp-post\" data-elementor-id=\"18162\" class=\"elementor elementor-18162\" data-elementor-post-type=\"post\">\n\t\t\t\t\t\t<section class=\"elementor-section elementor-top-section elementor-element elementor-element-62b311ee elementor-section-boxed elementor-section-height-default elementor-section-height-default\" data-id=\"62b311ee\" data-element_type=\"section\" data-e-type=\"section\">\n\t\t\t\t\t\t<div class=\"elementor-container elementor-column-gap-default\">\n\t\t\t\t\t<div class=\"elementor-column elementor-col-100 elementor-top-column elementor-element elementor-element-22e424c5\" data-id=\"22e424c5\" data-element_type=\"column\" data-e-type=\"column\">\n\t\t\t<div class=\"elementor-widget-wrap elementor-element-populated\">\n\t\t\t\t\t\t<div class=\"elementor-element elementor-element-7799c32 elementor-widget elementor-widget-image\" data-id=\"7799c32\" data-element_type=\"widget\" data-e-type=\"widget\" data-widget_type=\"image.default\">\n\t\t\t\t<div class=\"elementor-widget-container\">\n\t\t\t\t\t\t\t\t\t\t\t\t<figure class=\"wp-caption\">\n\t\t\t\t\t\t\t\t\t\t<img loading=\"lazy\" width=\"640\" height=\"480\" src=\"https:\/\/www.boyacaleinforma.com\/wp-content\/uploads\/2024\/04\/secplaneacion-768x576.jpeg\" class=\"attachment-medium_large size-medium_large wp-image-18172\" alt=\"secplaneacion\" srcset=\"https:\/\/www.boyacaleinforma.com\/wp-content\/uploads\/2024\/04\/secplaneacion-768x576.jpeg 768w, https:\/\/www.boyacaleinforma.com\/wp-content\/uploads\/2024\/04\/secplaneacion-300x225.jpeg 300w, https:\/\/www.boyacaleinforma.com\/wp-content\/uploads\/2024\/04\/secplaneacion-1024x768.jpeg 1024w, https:\/\/www.boyacaleinforma.com\/wp-content\/uploads\/2024\/04\/secplaneacion.jpeg 1280w\" sizes=\"auto, (max-width: 640px) 100vw, 640px\" loading=\"lazy\" decoding=\"async\" \/>\t\t\t\t\t\t\t\t\t\t\t<figcaption class=\"widget-image-caption wp-caption-text\">Foto: SecPlaneaci\u00f3n<\/figcaption>\n\t\t\t\t\t\t\t\t\t\t<\/figure>\n\t\t\t\t\t\t\t\t\t<\/div>\n\t\t\t\t<\/div>\n\t\t\t\t<div class=\"elementor-element elementor-element-16316330 elementor-widget elementor-widget-text-editor\" data-id=\"16316330\" data-element_type=\"widget\" data-e-type=\"widget\" data-widget_type=\"text-editor.default\">\n\t\t\t\t<div class=\"elementor-widget-container\">\n\t\t\t\t\t\t\t\t\t<p class=\"western\" align=\"justify\"><span style=\"font-family: Arial, sans-serif;\"><span style=\"font-size: medium;\"><span style=\"color: #000000;\"><span style=\"font-family: Arial, serif;\">El Gobierno departamental de Boyac\u00e1 est\u00e1 a punto de presentar su Plan de Desarrollo 2024-2027 ante la Asamblea de Boyac\u00e1, con la expectativa de aprobarlo el pr\u00f3ximo mes de mayo. Despu\u00e9s de un exhaustivo proceso de consulta y an\u00e1lisis, liderado por el gobernador Carlos Andr\u00e9s Amaya y su equipo, se han definido los proyectos que impulsar\u00e1n el desarrollo en las diferentes regiones del departamento.<\/span><\/span><\/span><\/span><\/p><p class=\"western\" align=\"justify\"><span style=\"font-family: Arial, sans-serif;\"><span style=\"font-size: medium;\"><span style=\"color: #000000;\"><span style=\"font-family: Arial, serif;\">La Secretar\u00eda de Planeaci\u00f3n de Boyac\u00e1 ser\u00e1 la encargada de radicar el plan ante la Asamblea, el pr\u00f3ximo 30 de abril. Jairo Neira S\u00e1nchez, secretario de planeaci\u00f3n, destac\u00f3 la importancia de esta iniciativa y detall\u00f3 algunos aspectos clave del mismo. \u00abInicialmente el costo de este Plan de Desarrollo lo arrancamos con $7 billones, pero ya vamos en 7.7 billones de pesos\u00bb, se\u00f1al\u00f3 Neira S\u00e1nchez, haciendo referencia al aumento de recursos destinados a los proyectos.<\/span><\/span><\/span><\/span><\/p><p class=\"western\" align=\"justify\"><span style=\"font-family: Arial, sans-serif;\"><span style=\"font-size: medium;\"><span style=\"color: #000000;\"><span style=\"font-family: Arial, serif;\">El incremento en el presupuesto se debe a la inclusi\u00f3n de una amplia variedad de proyectos, que abarcan desde obras de infraestructura hasta programas de desarrollo regional. Neira S\u00e1nchez explic\u00f3 que se han identificado proyectos de inter\u00e9s del Corredor Central, as\u00ed como iniciativas regionales y locales que beneficiar\u00e1n a todas las provincias y municipios del departamento.<\/span><\/span><\/span><\/span><\/p><p class=\"western\" align=\"justify\"><span style=\"font-family: Arial, sans-serif;\"><span style=\"font-size: medium;\"><span style=\"color: #000000;\"><span style=\"font-family: Arial, serif;\">\u00abTenemos adicionalmente un cap\u00edtulo de convergencia regional donde tenemos proyectos de inter\u00e9s del Corredor Central que son siete proyectos, tenemos unos proyectos de inter\u00e9s regional que son los que van a ser distribuidos en todas las provincias y los proyectos de inter\u00e9s local que son los que van a estar distribuidos en todo el departamento, en todos los municipios\u00bb, agreg\u00f3 el secretario de planeaci\u00f3n.<\/span><\/span><\/span><\/span><\/p><p class=\"western\" align=\"justify\"><span style=\"font-family: Arial, sans-serif;\"><span style=\"font-size: medium;\"><span style=\"color: #000000;\"><span style=\"font-family: Arial, serif;\">La presentaci\u00f3n del Plan de Desarrollo ante la Asamblea de Boyac\u00e1 marca un paso importante en el camino hacia el progreso y la prosperidad en el departamento. Los diputados tendr\u00e1n el mes de mayo para estudiar detenidamente el plan y tomar una decisi\u00f3n respecto a su aprobaci\u00f3n, lo que representa una oportunidad crucial para impulsar el desarrollo sostenible y mejorar la calidad de vida de los habitantes de Boyac\u00e1.<\/span><\/span><\/span><\/span><\/p>\t\t\t\t\t\t\t\t<\/div>\n\t\t\t\t<\/div>\n\t\t\t\t\t<\/div>\n\t\t<\/div>\n\t\t\t\t\t<\/div>\n\t\t<\/section>\n\t\t\t\t<\/div>\n\t\t","protected":false},"excerpt":{"rendered":"<p>Foto: SecPlaneaci\u00f3n El Gobierno departamental de Boyac\u00e1 est\u00e1 a punto de presentar su Plan de Desarrollo 2024-2027 ante<\/p>\n","protected":false},"author":1,"featured_media":18172,"comment_status":"open","ping_status":"open","sticky":false,"template":"","format":"image","meta":{"om_disable_all_campaigns":false,"_monsterinsights_skip_tracking":false,"_monsterinsights_sitenote_active":false,"_monsterinsights_sitenote_note":"","_monsterinsights_sitenote_category":0,"footnotes":""},"categories":[5],"tags":[10],"class_list":["post-18162","post","type-post","status-publish","format-image","has-post-thumbnail","hentry","category-boyaca","tag-noticias","post_format-post-format-image"],"aioseo_notices":[],"_links":{"self":[{"href":"https:\/\/www.boyacaleinforma.com\/index.php?rest_route=\/wp\/v2\/posts\/18162","targetHints":{"allow":["GET"]}}],"collection":[{"href":"https:\/\/www.boyacaleinforma.com\/index.php?rest_route=\/wp\/v2\/posts"}],"about":[{"href":"https:\/\/www.boyacaleinforma.com\/index.php?rest_route=\/wp\/v2\/types\/post"}],"author":[{"embeddable":true,"href":"https:\/\/www.boyacaleinforma.com\/index.php?rest_route=\/wp\/v2\/users\/1"}],"replies":[{"embeddable":true,"href":"https:\/\/www.boyacaleinforma.com\/index.php?rest_route=%2Fwp%2Fv2%2Fcomments&post=18162"}],"version-history":[{"count":0,"href":"https:\/\/www.boyacaleinforma.com\/index.php?rest_route=\/wp\/v2\/posts\/18162\/revisions"}],"wp:featuredmedia":[{"embeddable":true,"href":"https:\/\/www.boyacaleinforma.com\/index.php?rest_route=\/wp\/v2\/media\/18172"}],"wp:attachment":[{"href":"https:\/\/www.boyacaleinforma.com\/index.php?rest_route=%2Fwp%2Fv2%2Fmedia&parent=18162"}],"wp:term":[{"taxonomy":"category","embeddable":true,"href":"https:\/\/www.boyacaleinforma.com\/index.php?rest_route=%2Fwp%2Fv2%2Fcategories&post=18162"},{"taxonomy":"post_tag","embeddable":true,"href":"https:\/\/www.boyacaleinforma.com\/index.php?rest_route=%2Fwp%2Fv2%2Ftags&post=18162"}],"curies":[{"name":"wp","href":"https:\/\/api.w.org\/{rel}","templated":true}]}}