{"id":18165,"date":"2024-04-10T22:19:57","date_gmt":"2024-04-11T03:19:57","guid":{"rendered":"https:\/\/www.boyacaleinforma.com\/?p=18165"},"modified":"2024-04-10T22:24:35","modified_gmt":"2024-04-11T03:24:35","slug":"mads-pedersen-terminar-en-el-podio-es-casi-una-victoria-copy-copy-copy-copy-copy-copy-copy","status":"publish","type":"post","link":"https:\/\/www.boyacaleinforma.com\/?p=18165","title":{"rendered":"Incertidumbre en Team Jumbo-Visma: Vingegaard podr\u00eda ausentarse del Tour de Francia"},"content":{"rendered":"\t\t<div data-elementor-type=\"wp-post\" data-elementor-id=\"18165\" class=\"elementor elementor-18165\" data-elementor-post-type=\"post\">\n\t\t\t\t\t\t<section class=\"elementor-section elementor-top-section elementor-element elementor-element-62b311ee elementor-section-boxed elementor-section-height-default elementor-section-height-default\" data-id=\"62b311ee\" data-element_type=\"section\" data-e-type=\"section\">\n\t\t\t\t\t\t<div class=\"elementor-container elementor-column-gap-default\">\n\t\t\t\t\t<div class=\"elementor-column elementor-col-100 elementor-top-column elementor-element elementor-element-22e424c5\" data-id=\"22e424c5\" data-element_type=\"column\" data-e-type=\"column\">\n\t\t\t<div class=\"elementor-widget-wrap elementor-element-populated\">\n\t\t\t\t\t\t<div class=\"elementor-element elementor-element-7799c32 elementor-widget elementor-widget-image\" data-id=\"7799c32\" data-element_type=\"widget\" data-e-type=\"widget\" data-widget_type=\"image.default\">\n\t\t\t\t<div class=\"elementor-widget-container\">\n\t\t\t\t\t\t\t\t\t\t\t\t<figure class=\"wp-caption\">\n\t\t\t\t\t\t\t\t\t\t<img loading=\"lazy\" width=\"640\" height=\"311\" src=\"https:\/\/www.boyacaleinforma.com\/wp-content\/uploads\/2024\/04\/noticias-caracol-1-768x373.jpg\" class=\"attachment-medium_large size-medium_large wp-image-18170\" alt=\"noticias caracol\" srcset=\"https:\/\/www.boyacaleinforma.com\/wp-content\/uploads\/2024\/04\/noticias-caracol-1-768x373.jpg 768w, https:\/\/www.boyacaleinforma.com\/wp-content\/uploads\/2024\/04\/noticias-caracol-1-300x146.jpg 300w, https:\/\/www.boyacaleinforma.com\/wp-content\/uploads\/2024\/04\/noticias-caracol-1-1024x498.jpg 1024w, https:\/\/www.boyacaleinforma.com\/wp-content\/uploads\/2024\/04\/noticias-caracol-1.jpg 1440w\" sizes=\"auto, (max-width: 640px) 100vw, 640px\" loading=\"lazy\" decoding=\"async\" \/>\t\t\t\t\t\t\t\t\t\t\t<figcaption class=\"widget-image-caption wp-caption-text\">Foto: Noticias Caracol<\/figcaption>\n\t\t\t\t\t\t\t\t\t\t<\/figure>\n\t\t\t\t\t\t\t\t\t<\/div>\n\t\t\t\t<\/div>\n\t\t\t\t<div class=\"elementor-element elementor-element-16316330 elementor-widget elementor-widget-text-editor\" data-id=\"16316330\" data-element_type=\"widget\" data-e-type=\"widget\" data-widget_type=\"text-editor.default\">\n\t\t\t\t<div class=\"elementor-widget-container\">\n\t\t\t\t\t\t\t\t\t<p class=\"western\" align=\"justify\"><span style=\"font-family: Arial, sans-serif;\"><span style=\"font-size: medium;\"><span style=\"color: #000000;\"><span style=\"font-family: Arial, serif;\">En medio de un panorama desafiante para el equipo Team Jumbo-Visma, la incertidumbre crece con respecto a la participaci\u00f3n de Jonas Vingegaard en el pr\u00f3ximo Tour de Francia. Tras sufrir un grave accidente durante la Itzulia, la situaci\u00f3n del l\u00edder del equipo neerland\u00e9s ha generado preocupaci\u00f3n entre los aficionados y el cuerpo t\u00e9cnico.<\/span><\/span><\/span><\/span><\/p><p class=\"western\" align=\"justify\"><span style=\"font-family: Arial, sans-serif;\"><span style=\"font-size: medium;\"><span style=\"color: #000000;\"><span style=\"font-family: Arial, serif;\">La temporada no ha sido f\u00e1cil para el equipo, que ha enfrentado m\u00faltiples desaf\u00edos desde el inicio. La baja de Wout Van Aert y los resultados decepcionantes en las principales competiciones de primavera han complicado a\u00fan m\u00e1s las cosas. Adem\u00e1s, lesiones y enfermedades han afectado a otras figuras clave del equipo, sumando dificultades a la situaci\u00f3n.<\/span><\/span><\/span><\/span><\/p><p class=\"western\" align=\"justify\"><span style=\"font-family: Arial, sans-serif;\"><span style=\"font-size: medium;\"><span style=\"color: #000000;\"><span style=\"font-family: Arial, serif;\">El accidente de Vingegaard durante la Itzulia ha sido un golpe devastador para el equipo. Aunque se espera una pronta recuperaci\u00f3n del ciclista, desde la formaci\u00f3n neerlandesa reconocen la posibilidad de que no est\u00e9 en condiciones de competir en el Tour de Francia. Merijn Zeeman, director deportivo principal de Team Jumbo-Visma, admiti\u00f3 esta preocupaci\u00f3n en declaraciones a Het Nieuwsblad: \u00abSolo ir\u00e1 all\u00ed si est\u00e1 al 100%\u00bb, afirm\u00f3.<\/span><\/span><\/span><\/span><\/p><p class=\"western\" align=\"justify\"><span style=\"font-family: Arial, sans-serif;\"><span style=\"font-size: medium;\"><span style=\"color: #000000;\"><span style=\"font-family: Arial, serif;\">La situaci\u00f3n se complica a\u00fan m\u00e1s por la cancelaci\u00f3n de la primera parte de la preparaci\u00f3n de Vingegaard y su ausencia en la concentraci\u00f3n en altura programada para mayo. Ante este panorama, el equipo se ve obligado a replantear su estrategia y considerar diferentes escenarios para el futuro del ciclista.<\/span><\/span><\/span><\/span><\/p><p class=\"western\" align=\"justify\"><span style=\"font-family: Arial, sans-serif;\"><span style=\"font-size: medium;\"><span style=\"color: #000000;\"><span style=\"font-family: Arial, serif;\">\u00abSi va al Tour, el camino tendr\u00e1 que ser otro, y si eso no funciona, elegiremos otro escenario\u00bb, agreg\u00f3 Zeeman, dejando en claro la necesidad de adaptarse a las circunstancias y tomar decisiones en funci\u00f3n del bienestar y la salud de Vingegaard.<\/span><\/span><\/span><\/span><\/p><p class=\"western\" align=\"justify\"><span style=\"font-family: Arial, sans-serif;\"><span style=\"font-size: medium;\"><span style=\"color: #000000;\"><span style=\"font-family: Arial, serif;\">La incertidumbre sobre la participaci\u00f3n de Vingegaard en el Tour de Francia a\u00f1ade un elemento de tensi\u00f3n al equipo Team Jumbo-Visma, que buscar\u00e1 superar estos obst\u00e1culos y mantenerse en la lucha por los principales t\u00edtulos del ciclismo mundial.<\/span><\/span><\/span><\/span><\/p>\t\t\t\t\t\t\t\t<\/div>\n\t\t\t\t<\/div>\n\t\t\t\t\t<\/div>\n\t\t<\/div>\n\t\t\t\t\t<\/div>\n\t\t<\/section>\n\t\t\t\t<\/div>\n\t\t","protected":false},"excerpt":{"rendered":"<p>Foto: Noticias Caracol En medio de un panorama desafiante para el equipo Team Jumbo-Visma, la incertidumbre crece con<\/p>\n","protected":false},"author":1,"featured_media":18170,"comment_status":"open","ping_status":"open","sticky":false,"template":"","format":"image","meta":{"om_disable_all_campaigns":false,"_monsterinsights_skip_tracking":false,"_monsterinsights_sitenote_active":false,"_monsterinsights_sitenote_note":"","_monsterinsights_sitenote_category":0,"footnotes":""},"categories":[7],"tags":[10],"class_list":["post-18165","post","type-post","status-publish","format-image","has-post-thumbnail","hentry","category-deportes","tag-noticias","post_format-post-format-image"],"aioseo_notices":[],"_links":{"self":[{"href":"https:\/\/www.boyacaleinforma.com\/index.php?rest_route=\/wp\/v2\/posts\/18165","targetHints":{"allow":["GET"]}}],"collection":[{"href":"https:\/\/www.boyacaleinforma.com\/index.php?rest_route=\/wp\/v2\/posts"}],"about":[{"href":"https:\/\/www.boyacaleinforma.com\/index.php?rest_route=\/wp\/v2\/types\/post"}],"author":[{"embeddable":true,"href":"https:\/\/www.boyacaleinforma.com\/index.php?rest_route=\/wp\/v2\/users\/1"}],"replies":[{"embeddable":true,"href":"https:\/\/www.boyacaleinforma.com\/index.php?rest_route=%2Fwp%2Fv2%2Fcomments&post=18165"}],"version-history":[{"count":0,"href":"https:\/\/www.boyacaleinforma.com\/index.php?rest_route=\/wp\/v2\/posts\/18165\/revisions"}],"wp:featuredmedia":[{"embeddable":true,"href":"https:\/\/www.boyacaleinforma.com\/index.php?rest_route=\/wp\/v2\/media\/18170"}],"wp:attachment":[{"href":"https:\/\/www.boyacaleinforma.com\/index.php?rest_route=%2Fwp%2Fv2%2Fmedia&parent=18165"}],"wp:term":[{"taxonomy":"category","embeddable":true,"href":"https:\/\/www.boyacaleinforma.com\/index.php?rest_route=%2Fwp%2Fv2%2Fcategories&post=18165"},{"taxonomy":"post_tag","embeddable":true,"href":"https:\/\/www.boyacaleinforma.com\/index.php?rest_route=%2Fwp%2Fv2%2Ftags&post=18165"}],"curies":[{"name":"wp","href":"https:\/\/api.w.org\/{rel}","templated":true}]}}