{"id":19302,"date":"2024-05-08T22:14:19","date_gmt":"2024-05-09T03:14:19","guid":{"rendered":"https:\/\/www.boyacaleinforma.com\/?p=19302"},"modified":"2024-05-08T22:23:50","modified_gmt":"2024-05-09T03:23:50","slug":"tunja-enfrenta-la-violencia-contra-la-mujer-asociada-al-consumo-de-alcohol-copy-copy-copy-copy-copy-copy-copy-copy","status":"publish","type":"post","link":"https:\/\/www.boyacaleinforma.com\/?p=19302","title":{"rendered":"Gobierno anuncia m\u00e1s de 9 billones de pesos en inversiones para el campo"},"content":{"rendered":"\t\t<div data-elementor-type=\"wp-post\" data-elementor-id=\"19302\" class=\"elementor elementor-19302\" data-elementor-post-type=\"post\">\n\t\t\t\t\t\t<section class=\"elementor-section elementor-top-section elementor-element elementor-element-62b311ee elementor-section-boxed elementor-section-height-default elementor-section-height-default\" data-id=\"62b311ee\" data-element_type=\"section\" data-e-type=\"section\">\n\t\t\t\t\t\t<div class=\"elementor-container elementor-column-gap-default\">\n\t\t\t\t\t<div class=\"elementor-column elementor-col-100 elementor-top-column elementor-element elementor-element-22e424c5\" data-id=\"22e424c5\" data-element_type=\"column\" data-e-type=\"column\">\n\t\t\t<div class=\"elementor-widget-wrap elementor-element-populated\">\n\t\t\t\t\t\t<div class=\"elementor-element elementor-element-7799c32 elementor-widget elementor-widget-image\" data-id=\"7799c32\" data-element_type=\"widget\" data-e-type=\"widget\" data-widget_type=\"image.default\">\n\t\t\t\t<div class=\"elementor-widget-container\">\n\t\t\t\t\t\t\t\t\t\t\t\t<figure class=\"wp-caption\">\n\t\t\t\t\t\t\t\t\t\t<img loading=\"lazy\" width=\"640\" height=\"320\" src=\"https:\/\/www.boyacaleinforma.com\/wp-content\/uploads\/2024\/05\/el-t-2-768x384.jpeg\" class=\"attachment-medium_large size-medium_large wp-image-19306\" alt=\"el t 2\" srcset=\"https:\/\/www.boyacaleinforma.com\/wp-content\/uploads\/2024\/05\/el-t-2-768x384.jpeg 768w, https:\/\/www.boyacaleinforma.com\/wp-content\/uploads\/2024\/05\/el-t-2-300x150.jpeg 300w, https:\/\/www.boyacaleinforma.com\/wp-content\/uploads\/2024\/05\/el-t-2-1024x512.jpeg 1024w, https:\/\/www.boyacaleinforma.com\/wp-content\/uploads\/2024\/05\/el-t-2.jpeg 1200w\" sizes=\"auto, (max-width: 640px) 100vw, 640px\" loading=\"lazy\" decoding=\"async\" \/>\t\t\t\t\t\t\t\t\t\t\t<figcaption class=\"widget-image-caption wp-caption-text\">Foto: El Tiempo<\/figcaption>\n\t\t\t\t\t\t\t\t\t\t<\/figure>\n\t\t\t\t\t\t\t\t\t<\/div>\n\t\t\t\t<\/div>\n\t\t\t\t<div class=\"elementor-element elementor-element-16316330 elementor-widget elementor-widget-text-editor\" data-id=\"16316330\" data-element_type=\"widget\" data-e-type=\"widget\" data-widget_type=\"text-editor.default\">\n\t\t\t\t<div class=\"elementor-widget-container\">\n\t\t\t\t\t\t\t\t\t<p class=\"western\" align=\"justify\"><span style=\"font-family: Arial, serif;\"><span style=\"font-size: medium;\"><span style=\"color: #000000;\">El Gobierno Nacional ha anunciado una inversi\u00f3n hist\u00f3rica de m\u00e1s de 9 billones de pesos destinados al sector agropecuario en Colombia. En este contexto, se han delineado varios proyectos para el desarrollo del campo, especialmente en el departamento de Boyac\u00e1.<\/span><\/span><\/span><\/p><p class=\"western\" align=\"justify\"><span style=\"font-family: Arial, serif;\"><span style=\"font-size: medium;\"><span style=\"color: #000000;\">La ministra de Agricultura, Jhenifer Mojica, destac\u00f3 el compromiso del Gobierno con el agro del pa\u00eds y se\u00f1al\u00f3 que en Boyac\u00e1 se llevar\u00e1n a cabo diversos proyectos para impulsar este importante rengl\u00f3n econ\u00f3mico.<\/span><\/span><\/span><\/p><p class=\"western\" align=\"justify\"><span style=\"font-family: Arial, serif;\"><span style=\"font-size: medium;\"><span style=\"color: #000000;\">\u00abPara el presidente Gustavo Petro es trascendental tener afinidad con los gobiernos departamentales y locales para el desarrollo de la agroindustria\u00bb, afirm\u00f3 la ministra durante una reuni\u00f3n en Tunja entre el Ministerio de Agricultura y el Gobierno Departamental.<\/span><\/span><\/span><\/p><p class=\"western\" align=\"justify\"><span style=\"font-family: Arial, serif;\"><span style=\"font-size: medium;\"><span style=\"color: #000000;\">Durante este encuentro, se discutieron los proyectos que se tienen previstos para el desarrollo del campo en Boyac\u00e1, buscando el respaldo econ\u00f3mico del Gobierno Nacional para su ejecuci\u00f3n.<\/span><\/span><\/span><\/p><p class=\"western\" align=\"justify\"><span style=\"font-family: Arial, serif;\"><span style=\"font-size: medium;\"><span style=\"color: #000000;\">\u00abBoyac\u00e1 es un departamento pionero en el tema cerealista y el Presidente nos ha dado la orden de avanzar en la restauraci\u00f3n, instalaci\u00f3n de nuevas infraestructuras y agroindustrias en temas de harinas\u00bb, agreg\u00f3 la ministra Mojica.<\/span><\/span><\/span><\/p><p class=\"western\" align=\"justify\"><span style=\"font-family: Arial, serif;\"><span style=\"font-size: medium;\"><span style=\"color: #000000;\">Entre los proyectos destacados se encuentra el centro de abastecimiento de acopio del Centro Oriente, en el cual se busca la colaboraci\u00f3n entre el Gobierno Nacional, la alcald\u00eda de Duitama y el Gobierno Departamental para reactivar la antigua sede de Sofasa y convertirla en un punto clave para la agroindustria en la regi\u00f3n.<\/span><\/span><\/span><\/p><p class=\"western\" align=\"justify\"><span style=\"font-family: Arial, serif;\"><span style=\"font-size: medium;\"><span style=\"color: #000000;\">\u00abQueremos volver a Boyac\u00e1 con una agencia de comercializaci\u00f3n que articule el Sistema Nacional de Abastecimiento y Compras P\u00fablicas y con un proceso de generaci\u00f3n de mayores capacidades a los productores agr\u00edcolas y campesinos, que es la principal actividad econ\u00f3mica de los boyacenses\u00bb, concluy\u00f3 la ministra.<\/span><\/span><\/span><\/p><p class=\"western\" align=\"justify\"><span style=\"font-family: Arial, serif;\"><span style=\"font-size: medium;\"><span style=\"color: #000000;\">Estas iniciativas representan un impulso significativo para el sector agropecuario del pa\u00eds y prometen fortalecer la econom\u00eda rural, generando empleo e ingresos para las comunidades campesinas de Boyac\u00e1.<\/span><\/span><\/span><\/p>\t\t\t\t\t\t\t\t<\/div>\n\t\t\t\t<\/div>\n\t\t\t\t\t<\/div>\n\t\t<\/div>\n\t\t\t\t\t<\/div>\n\t\t<\/section>\n\t\t\t\t<\/div>\n\t\t","protected":false},"excerpt":{"rendered":"<p>Foto: El Tiempo El Gobierno Nacional ha anunciado una inversi\u00f3n hist\u00f3rica de m\u00e1s de 9 billones de pesos<\/p>\n","protected":false},"author":1,"featured_media":19306,"comment_status":"open","ping_status":"open","sticky":false,"template":"","format":"image","meta":{"om_disable_all_campaigns":false,"_monsterinsights_skip_tracking":false,"_monsterinsights_sitenote_active":false,"_monsterinsights_sitenote_note":"","_monsterinsights_sitenote_category":0,"footnotes":""},"categories":[9],"tags":[10],"class_list":["post-19302","post","type-post","status-publish","format-image","has-post-thumbnail","hentry","category-colombia","tag-noticias","post_format-post-format-image"],"aioseo_notices":[],"_links":{"self":[{"href":"https:\/\/www.boyacaleinforma.com\/index.php?rest_route=\/wp\/v2\/posts\/19302","targetHints":{"allow":["GET"]}}],"collection":[{"href":"https:\/\/www.boyacaleinforma.com\/index.php?rest_route=\/wp\/v2\/posts"}],"about":[{"href":"https:\/\/www.boyacaleinforma.com\/index.php?rest_route=\/wp\/v2\/types\/post"}],"author":[{"embeddable":true,"href":"https:\/\/www.boyacaleinforma.com\/index.php?rest_route=\/wp\/v2\/users\/1"}],"replies":[{"embeddable":true,"href":"https:\/\/www.boyacaleinforma.com\/index.php?rest_route=%2Fwp%2Fv2%2Fcomments&post=19302"}],"version-history":[{"count":0,"href":"https:\/\/www.boyacaleinforma.com\/index.php?rest_route=\/wp\/v2\/posts\/19302\/revisions"}],"wp:featuredmedia":[{"embeddable":true,"href":"https:\/\/www.boyacaleinforma.com\/index.php?rest_route=\/wp\/v2\/media\/19306"}],"wp:attachment":[{"href":"https:\/\/www.boyacaleinforma.com\/index.php?rest_route=%2Fwp%2Fv2%2Fmedia&parent=19302"}],"wp:term":[{"taxonomy":"category","embeddable":true,"href":"https:\/\/www.boyacaleinforma.com\/index.php?rest_route=%2Fwp%2Fv2%2Fcategories&post=19302"},{"taxonomy":"post_tag","embeddable":true,"href":"https:\/\/www.boyacaleinforma.com\/index.php?rest_route=%2Fwp%2Fv2%2Ftags&post=19302"}],"curies":[{"name":"wp","href":"https:\/\/api.w.org\/{rel}","templated":true}]}}