{"id":19365,"date":"2024-05-09T22:03:36","date_gmt":"2024-05-10T03:03:36","guid":{"rendered":"https:\/\/www.boyacaleinforma.com\/?p=19365"},"modified":"2024-05-09T22:14:02","modified_gmt":"2024-05-10T03:14:02","slug":"gobierno-anuncia-mas-de-9-billones-de-pesos-en-inversiones-para-el-campo-copy-copy","status":"publish","type":"post","link":"https:\/\/www.boyacaleinforma.com\/?p=19365","title":{"rendered":"A la c\u00e1rcel hombre que habr\u00eda abusado sexualmente de su hija en Boyac\u00e1"},"content":{"rendered":"\t\t<div data-elementor-type=\"wp-post\" data-elementor-id=\"19365\" class=\"elementor elementor-19365\" data-elementor-post-type=\"post\">\n\t\t\t\t\t\t<section class=\"elementor-section elementor-top-section elementor-element elementor-element-62b311ee elementor-section-boxed elementor-section-height-default elementor-section-height-default\" data-id=\"62b311ee\" data-element_type=\"section\" data-e-type=\"section\">\n\t\t\t\t\t\t<div class=\"elementor-container elementor-column-gap-default\">\n\t\t\t\t\t<div class=\"elementor-column elementor-col-100 elementor-top-column elementor-element elementor-element-22e424c5\" data-id=\"22e424c5\" data-element_type=\"column\" data-e-type=\"column\">\n\t\t\t<div class=\"elementor-widget-wrap elementor-element-populated\">\n\t\t\t\t\t\t<div class=\"elementor-element elementor-element-7799c32 elementor-widget elementor-widget-image\" data-id=\"7799c32\" data-element_type=\"widget\" data-e-type=\"widget\" data-widget_type=\"image.default\">\n\t\t\t\t<div class=\"elementor-widget-container\">\n\t\t\t\t\t\t\t\t\t\t\t\t<figure class=\"wp-caption\">\n\t\t\t\t\t\t\t\t\t\t<img decoding=\"async\" src=\"https:\/\/www.boyacaleinforma.com\/wp-content\/uploads\/2024\/05\/WhatsApp-Image-2024-05-09-at-4.36.49-PM.jpeg\" title=\"\" alt=\"\" loading=\"lazy\" \/>\t\t\t\t\t\t\t\t\t\t\t<figcaption class=\"widget-image-caption wp-caption-text\">Foto: Fiscal\u00eda<\/figcaption>\n\t\t\t\t\t\t\t\t\t\t<\/figure>\n\t\t\t\t\t\t\t\t\t<\/div>\n\t\t\t\t<\/div>\n\t\t\t\t<div class=\"elementor-element elementor-element-16316330 elementor-widget elementor-widget-text-editor\" data-id=\"16316330\" data-element_type=\"widget\" data-e-type=\"widget\" data-widget_type=\"text-editor.default\">\n\t\t\t\t<div class=\"elementor-widget-container\">\n\t\t\t\t\t\t\t\t\t<p class=\"western\" align=\"justify\"><span style=\"font-family: Arial, sans-serif;\"><span style=\"font-size: medium;\"><span style=\"color: #000000;\"><span style=\"font-family: Arial, serif;\">Un escalofriante caso de presunto abuso sexual y violencia intrafamiliar conmociona a la comunidad de Tog\u00fc\u00ed, Boyac\u00e1, luego de que un hombre fuera enviado a prisi\u00f3n por su presunta responsabilidad en estos hechos atroces. La Fiscal\u00eda General de la Naci\u00f3n present\u00f3 pruebas contundentes que llevaron a un juez de control de garant\u00edas a tomar esta decisi\u00f3n.<\/span><\/span><\/span><\/span><\/p><p class=\"western\" align=\"justify\"><span style=\"font-family: Arial, sans-serif;\"><span style=\"font-size: medium;\"><span style=\"color: #000000;\"><span style=\"font-family: Arial, serif;\">Seg\u00fan el material probatorio presentado por un fiscal de la Seccional Boyac\u00e1, el procesado habr\u00eda perpetrado los abusos sexuales contra su propia hija biol\u00f3gica durante al menos dos a\u00f1os, desde que la v\u00edctima ten\u00eda tan solo 10 a\u00f1os de edad. Se presume que el individuo se aprovechaba de los momentos en que la madre de la ni\u00f1a sal\u00eda de la vivienda para cometer los actos de agresi\u00f3n.<\/span><\/span><\/span><\/span><\/p><p class=\"western\" align=\"justify\"><span style=\"font-family: Arial, sans-serif;\"><span style=\"font-size: medium;\"><span style=\"color: #000000;\"><span style=\"font-family: Arial, serif;\">Adem\u00e1s de los abusos sexuales, los indicios tambi\u00e9n se\u00f1alan al hombre de haber golpeado repetidamente a la menor, caus\u00e1ndole lesiones f\u00edsicas. Estos actos de violencia intrafamiliar habr\u00edan dejado una marca indeleble en el cuerpo y el esp\u00edritu de la v\u00edctima, quien ha debido soportar a\u00f1os de sufrimiento en silencio.<\/span><\/span><\/span><\/span><\/p><p class=\"western\" align=\"justify\"><span style=\"font-family: Arial, sans-serif;\"><span style=\"font-size: medium;\"><span style=\"color: #000000;\"><span style=\"font-family: Arial, serif;\">El \u00faltimo episodio de horror, seg\u00fan lo denunciado ante las autoridades, tuvo lugar el pasado 14 de febrero. Tras la recepci\u00f3n de la denuncia, agentes de la Polic\u00eda Nacional procedieron a la captura del presunto agresor en una v\u00eda p\u00fablica de Moniquir\u00e1, Boyac\u00e1, poniendo fin a su libertad.<\/span><\/span><\/span><\/span><\/p><p class=\"western\" align=\"justify\"><span style=\"font-family: Arial, sans-serif;\"><span style=\"font-size: medium;\"><span style=\"color: #000000;\"><span style=\"font-family: Arial, serif;\">Ante los cargos presentados por la Fiscal\u00eda, que incluyen acceso carnal violento agravado con menor de 14 a\u00f1os y violencia intrafamiliar, el hombre se enfrenta a la justicia. Sin embargo, cabe destacar que el individuo no acept\u00f3 los cargos imputados en su contra.<\/span><\/span><\/span><\/span><\/p><p class=\"western\" align=\"justify\"><span style=\"font-family: Arial, sans-serif;\"><span style=\"font-size: medium;\"><span style=\"color: #000000;\"><span style=\"font-family: Arial, serif;\">Este aberrante caso refleja la importancia de la labor investigativa y judicial en la protecci\u00f3n de los derechos de los ni\u00f1os y ni\u00f1as, as\u00ed como la urgente necesidad de crear conciencia y promover acciones que prevengan y combatan la violencia sexual y el abuso intrafamiliar en todas sus formas. La comunidad espera que la justicia se haga efectiva y que se garantice la protecci\u00f3n y el bienestar de la v\u00edctima en este dif\u00edcil proceso.<\/span><\/span><\/span><\/span><\/p>\t\t\t\t\t\t\t\t<\/div>\n\t\t\t\t<\/div>\n\t\t\t\t\t<\/div>\n\t\t<\/div>\n\t\t\t\t\t<\/div>\n\t\t<\/section>\n\t\t\t\t<\/div>\n\t\t","protected":false},"excerpt":{"rendered":"<p>Foto: Fiscal\u00eda Un escalofriante caso de presunto abuso sexual y violencia intrafamiliar conmociona a la comunidad de Tog\u00fc\u00ed,<\/p>\n","protected":false},"author":1,"featured_media":0,"comment_status":"open","ping_status":"open","sticky":false,"template":"","format":"image","meta":{"om_disable_all_campaigns":false,"_monsterinsights_skip_tracking":false,"_monsterinsights_sitenote_active":false,"_monsterinsights_sitenote_note":"","_monsterinsights_sitenote_category":0,"footnotes":""},"categories":[8],"tags":[10],"class_list":["post-19365","post","type-post","status-publish","format-image","hentry","category-judicial","tag-noticias","post_format-post-format-image"],"aioseo_notices":[],"_links":{"self":[{"href":"https:\/\/www.boyacaleinforma.com\/index.php?rest_route=\/wp\/v2\/posts\/19365","targetHints":{"allow":["GET"]}}],"collection":[{"href":"https:\/\/www.boyacaleinforma.com\/index.php?rest_route=\/wp\/v2\/posts"}],"about":[{"href":"https:\/\/www.boyacaleinforma.com\/index.php?rest_route=\/wp\/v2\/types\/post"}],"author":[{"embeddable":true,"href":"https:\/\/www.boyacaleinforma.com\/index.php?rest_route=\/wp\/v2\/users\/1"}],"replies":[{"embeddable":true,"href":"https:\/\/www.boyacaleinforma.com\/index.php?rest_route=%2Fwp%2Fv2%2Fcomments&post=19365"}],"version-history":[{"count":0,"href":"https:\/\/www.boyacaleinforma.com\/index.php?rest_route=\/wp\/v2\/posts\/19365\/revisions"}],"wp:attachment":[{"href":"https:\/\/www.boyacaleinforma.com\/index.php?rest_route=%2Fwp%2Fv2%2Fmedia&parent=19365"}],"wp:term":[{"taxonomy":"category","embeddable":true,"href":"https:\/\/www.boyacaleinforma.com\/index.php?rest_route=%2Fwp%2Fv2%2Fcategories&post=19365"},{"taxonomy":"post_tag","embeddable":true,"href":"https:\/\/www.boyacaleinforma.com\/index.php?rest_route=%2Fwp%2Fv2%2Ftags&post=19365"}],"curies":[{"name":"wp","href":"https:\/\/api.w.org\/{rel}","templated":true}]}}