{"id":19430,"date":"2024-05-13T22:35:03","date_gmt":"2024-05-14T03:35:03","guid":{"rendered":"https:\/\/www.boyacaleinforma.com\/?p=19430"},"modified":"2024-05-13T22:50:43","modified_gmt":"2024-05-14T03:50:43","slug":"manizales-se-prepara-para-los-i-juegos-nacionales-juveniles-con-avances-en-infraestructura-deportiva-copy","status":"publish","type":"post","link":"https:\/\/www.boyacaleinforma.com\/?p=19430","title":{"rendered":"MinDeporte se compromete a evitar su desaparici\u00f3n: \u00abEstamos trabajando\u00bb"},"content":{"rendered":"\t\t<div data-elementor-type=\"wp-post\" data-elementor-id=\"19430\" class=\"elementor elementor-19430\" data-elementor-post-type=\"post\">\n\t\t\t\t\t\t<section class=\"elementor-section elementor-top-section elementor-element elementor-element-62b311ee elementor-section-boxed elementor-section-height-default elementor-section-height-default\" data-id=\"62b311ee\" data-element_type=\"section\" data-e-type=\"section\">\n\t\t\t\t\t\t<div class=\"elementor-container elementor-column-gap-default\">\n\t\t\t\t\t<div class=\"elementor-column elementor-col-100 elementor-top-column elementor-element elementor-element-22e424c5\" data-id=\"22e424c5\" data-element_type=\"column\" data-e-type=\"column\">\n\t\t\t<div class=\"elementor-widget-wrap elementor-element-populated\">\n\t\t\t\t\t\t<div class=\"elementor-element elementor-element-7799c32 elementor-widget elementor-widget-image\" data-id=\"7799c32\" data-element_type=\"widget\" data-e-type=\"widget\" data-widget_type=\"image.default\">\n\t\t\t\t<div class=\"elementor-widget-container\">\n\t\t\t\t\t\t\t\t\t\t\t\t<figure class=\"wp-caption\">\n\t\t\t\t\t\t\t\t\t\t<img loading=\"lazy\" width=\"640\" height=\"360\" src=\"https:\/\/www.boyacaleinforma.com\/wp-content\/uploads\/2024\/05\/revista-la-liga-768x432.jpg\" class=\"attachment-medium_large size-medium_large wp-image-19445\" alt=\"revista la liga\" srcset=\"https:\/\/www.boyacaleinforma.com\/wp-content\/uploads\/2024\/05\/revista-la-liga-768x432.jpg 768w, https:\/\/www.boyacaleinforma.com\/wp-content\/uploads\/2024\/05\/revista-la-liga-300x169.jpg 300w, https:\/\/www.boyacaleinforma.com\/wp-content\/uploads\/2024\/05\/revista-la-liga.jpg 1024w\" sizes=\"auto, (max-width: 640px) 100vw, 640px\" loading=\"lazy\" decoding=\"async\" \/>\t\t\t\t\t\t\t\t\t\t\t<figcaption class=\"widget-image-caption wp-caption-text\">Foto: Revista La Liga<\/figcaption>\n\t\t\t\t\t\t\t\t\t\t<\/figure>\n\t\t\t\t\t\t\t\t\t<\/div>\n\t\t\t\t<\/div>\n\t\t\t\t<div class=\"elementor-element elementor-element-16316330 elementor-widget elementor-widget-text-editor\" data-id=\"16316330\" data-element_type=\"widget\" data-e-type=\"widget\" data-widget_type=\"text-editor.default\">\n\t\t\t\t<div class=\"elementor-widget-container\">\n\t\t\t\t\t\t\t\t\t<p class=\"western\" align=\"justify\"><span style=\"color: #000000;\"><span style=\"font-family: Arial, serif;\"><span style=\"font-size: medium;\">El Ministerio del Deporte ha estado en el ojo del hurac\u00e1n durante el periodo presidencial de Gustavo Petro, especialmente tras la p\u00e9rdida de los Juegos Panamericanos de 2027 para Barranquilla y por los bajos niveles de ejecuci\u00f3n que ha enfrentado hasta el momento.<\/span><\/span><\/span><\/p><p class=\"western\" align=\"justify\"><span style=\"color: #000000;\"><span style=\"font-family: Arial, serif;\"><span style=\"font-size: medium;\">Luz Cristina L\u00f3pez, la tercera persona en liderar esta cartera, expres\u00f3 su preocupaci\u00f3n ante la idea de que el Ministerio del Deporte pueda desaparecer, pero asegur\u00f3 que est\u00e1n dedicados a evitar que esto suceda.<\/span><\/span><\/span><\/p><p class=\"western\" align=\"justify\"><span style=\"color: #000000;\"><span style=\"font-family: Arial, serif;\"><span style=\"font-size: medium;\">\u00abNo hemos tenido \u00e9pocas f\u00e1ciles en el Ministerio, pero el equipo est\u00e1 totalmente comprometido en superarlas para que ideas como la desaparici\u00f3n del deporte como una cartera principal en los gobiernos nacionales no se conviertan en una realidad\u00bb, afirm\u00f3 L\u00f3pez en una entrevista con Caracol Radio.<\/span><\/span><\/span><\/p><p class=\"western\" align=\"justify\"><span style=\"color: #000000;\"><span style=\"font-family: Arial, serif;\"><span style=\"font-size: medium;\">Aunque el Ministerio del Deporte fue creado en 2019 durante el mandato de Iv\u00e1n Duque, ha pasado por varias manos, incluyendo las de Ernesto Lucena, Guillermo Herrera, Mar\u00eda Isabel Urrutia, Astrid Bibiana Rodr\u00edguez y la actual ministra, Luz Cristina L\u00f3pez.<\/span><\/span><\/span><\/p><p class=\"western\" align=\"justify\"><span style=\"color: #000000;\"><span style=\"font-family: Arial, serif;\"><span style=\"font-size: medium;\">Ante las cr\u00edticas y los desaf\u00edos que enfrenta el Ministerio, L\u00f3pez subray\u00f3 el compromiso del equipo para mejorar la gesti\u00f3n y promover el papel del deporte como una herramienta fundamental para el desarrollo del pa\u00eds.<\/span><\/span><\/span><\/p><p class=\"western\" align=\"justify\"><span style=\"color: #000000;\"><span style=\"font-family: Arial, serif;\"><span style=\"font-size: medium;\">\u00abEstamos trabajando arduamente para demostrar el valor y la importancia del deporte en nuestra sociedad y para garantizar que el Ministerio del Deporte contin\u00fae desempe\u00f1ando un papel relevante en la agenda nacional\u00bb, concluy\u00f3 L\u00f3pez.<\/span><\/span><\/span><\/p>\t\t\t\t\t\t\t\t<\/div>\n\t\t\t\t<\/div>\n\t\t\t\t\t<\/div>\n\t\t<\/div>\n\t\t\t\t\t<\/div>\n\t\t<\/section>\n\t\t\t\t<\/div>\n\t\t","protected":false},"excerpt":{"rendered":"<p>Foto: Revista La Liga El Ministerio del Deporte ha estado en el ojo del hurac\u00e1n durante el periodo<\/p>\n","protected":false},"author":1,"featured_media":19445,"comment_status":"open","ping_status":"open","sticky":false,"template":"","format":"image","meta":{"om_disable_all_campaigns":false,"_monsterinsights_skip_tracking":false,"_monsterinsights_sitenote_active":false,"_monsterinsights_sitenote_note":"","_monsterinsights_sitenote_category":0,"footnotes":""},"categories":[7],"tags":[10],"class_list":["post-19430","post","type-post","status-publish","format-image","has-post-thumbnail","hentry","category-deportes","tag-noticias","post_format-post-format-image"],"aioseo_notices":[],"_links":{"self":[{"href":"https:\/\/www.boyacaleinforma.com\/index.php?rest_route=\/wp\/v2\/posts\/19430","targetHints":{"allow":["GET"]}}],"collection":[{"href":"https:\/\/www.boyacaleinforma.com\/index.php?rest_route=\/wp\/v2\/posts"}],"about":[{"href":"https:\/\/www.boyacaleinforma.com\/index.php?rest_route=\/wp\/v2\/types\/post"}],"author":[{"embeddable":true,"href":"https:\/\/www.boyacaleinforma.com\/index.php?rest_route=\/wp\/v2\/users\/1"}],"replies":[{"embeddable":true,"href":"https:\/\/www.boyacaleinforma.com\/index.php?rest_route=%2Fwp%2Fv2%2Fcomments&post=19430"}],"version-history":[{"count":0,"href":"https:\/\/www.boyacaleinforma.com\/index.php?rest_route=\/wp\/v2\/posts\/19430\/revisions"}],"wp:featuredmedia":[{"embeddable":true,"href":"https:\/\/www.boyacaleinforma.com\/index.php?rest_route=\/wp\/v2\/media\/19445"}],"wp:attachment":[{"href":"https:\/\/www.boyacaleinforma.com\/index.php?rest_route=%2Fwp%2Fv2%2Fmedia&parent=19430"}],"wp:term":[{"taxonomy":"category","embeddable":true,"href":"https:\/\/www.boyacaleinforma.com\/index.php?rest_route=%2Fwp%2Fv2%2Fcategories&post=19430"},{"taxonomy":"post_tag","embeddable":true,"href":"https:\/\/www.boyacaleinforma.com\/index.php?rest_route=%2Fwp%2Fv2%2Ftags&post=19430"}],"curies":[{"name":"wp","href":"https:\/\/api.w.org\/{rel}","templated":true}]}}