{"id":19431,"date":"2024-05-13T22:35:13","date_gmt":"2024-05-14T03:35:13","guid":{"rendered":"https:\/\/www.boyacaleinforma.com\/?p=19431"},"modified":"2024-05-13T22:49:41","modified_gmt":"2024-05-14T03:49:41","slug":"manizales-se-prepara-para-los-i-juegos-nacionales-juveniles-con-avances-en-infraestructura-deportiva-copy-copy","status":"publish","type":"post","link":"https:\/\/www.boyacaleinforma.com\/?p=19431","title":{"rendered":"Tragedia en Siachoque, Boyac\u00e1: Madre y dos hijos fallecen en reservorio"},"content":{"rendered":"\t\t<div data-elementor-type=\"wp-post\" data-elementor-id=\"19431\" class=\"elementor elementor-19431\" data-elementor-post-type=\"post\">\n\t\t\t\t\t\t<section class=\"elementor-section elementor-top-section elementor-element elementor-element-62b311ee elementor-section-boxed elementor-section-height-default elementor-section-height-default\" data-id=\"62b311ee\" data-element_type=\"section\" data-e-type=\"section\">\n\t\t\t\t\t\t<div class=\"elementor-container elementor-column-gap-default\">\n\t\t\t\t\t<div class=\"elementor-column elementor-col-100 elementor-top-column elementor-element elementor-element-22e424c5\" data-id=\"22e424c5\" data-element_type=\"column\" data-e-type=\"column\">\n\t\t\t<div class=\"elementor-widget-wrap elementor-element-populated\">\n\t\t\t\t\t\t<div class=\"elementor-element elementor-element-7799c32 elementor-widget elementor-widget-image\" data-id=\"7799c32\" data-element_type=\"widget\" data-e-type=\"widget\" data-widget_type=\"image.default\">\n\t\t\t\t<div class=\"elementor-widget-container\">\n\t\t\t\t\t\t\t\t\t\t\t\t<figure class=\"wp-caption\">\n\t\t\t\t\t\t\t\t\t\t<img loading=\"lazy\" width=\"640\" height=\"463\" src=\"https:\/\/www.boyacaleinforma.com\/wp-content\/uploads\/2024\/05\/el-colombiano-dos-768x556.jpg\" class=\"attachment-medium_large size-medium_large wp-image-19440\" alt=\"el colombiano dos\" srcset=\"https:\/\/www.boyacaleinforma.com\/wp-content\/uploads\/2024\/05\/el-colombiano-dos-768x556.jpg 768w, https:\/\/www.boyacaleinforma.com\/wp-content\/uploads\/2024\/05\/el-colombiano-dos-300x217.jpg 300w, https:\/\/www.boyacaleinforma.com\/wp-content\/uploads\/2024\/05\/el-colombiano-dos.jpg 780w\" sizes=\"auto, (max-width: 640px) 100vw, 640px\" loading=\"lazy\" decoding=\"async\" \/>\t\t\t\t\t\t\t\t\t\t\t<figcaption class=\"widget-image-caption wp-caption-text\">Foto: El Colombiano<\/figcaption>\n\t\t\t\t\t\t\t\t\t\t<\/figure>\n\t\t\t\t\t\t\t\t\t<\/div>\n\t\t\t\t<\/div>\n\t\t\t\t<div class=\"elementor-element elementor-element-16316330 elementor-widget elementor-widget-text-editor\" data-id=\"16316330\" data-element_type=\"widget\" data-e-type=\"widget\" data-widget_type=\"text-editor.default\">\n\t\t\t\t<div class=\"elementor-widget-container\">\n\t\t\t\t\t\t\t\t\t<p class=\"western\" align=\"justify\"><span style=\"font-family: Arial, sans-serif;\"><span style=\"font-size: medium;\"><span style=\"color: #000000;\"><span style=\"font-family: Arial, serif;\">El municipio de Siachoque, en Boyac\u00e1, se encuentra de luto tras la tr\u00e1gica muerte de una madre y sus dos hijos, de 7 y 12 a\u00f1os, en un reservorio ubicado en la zona rural.<\/span><\/span><\/span><\/span><\/p><p class=\"western\" align=\"justify\"><span style=\"font-family: Arial, sans-serif;\"><span style=\"font-size: medium;\"><span style=\"color: #000000;\"><span style=\"font-family: Arial, serif;\">Los informes preliminares indican que la tragedia comenz\u00f3 cuando el ni\u00f1o de 7 a\u00f1os, Juan Sebasti\u00e1n Tibat\u00e1 Vargas, cay\u00f3 accidentalmente al agua mientras intentaba alimentar a una vaca en el predio. En un intento desesperado por salvarlo, su hermano Anderson se lanz\u00f3 al agua, pero ambos perdieron la vida en el reservorio.<\/span><\/span><\/span><\/span><\/p><p class=\"western\" align=\"justify\"><span style=\"font-family: Arial, sans-serif;\"><span style=\"font-size: medium;\"><span style=\"color: #000000;\"><span style=\"font-family: Arial, serif;\">El alcalde de Siachoque expres\u00f3 la consternaci\u00f3n del municipio ante este lamentable suceso y anunci\u00f3 tres d\u00edas de duelo en honor a la familia afectada. Adem\u00e1s, convoc\u00f3 a un Consejo de Gobierno que se llevar\u00e1 a cabo el martes 14 de mayo para analizar lo ocurrido en la vereda Tocavita y tomar medidas preventivas para evitar futuras tragedias en los reservorios del municipio.<\/span><\/span><\/span><\/span><\/p><p class=\"western\" align=\"justify\"><span style=\"font-family: Arial, sans-serif;\"><span style=\"font-size: medium;\"><span style=\"color: #000000;\"><span style=\"font-family: Arial, serif;\">\u00abNosotros el d\u00eda martes vamos a analizar el tema, a nivel nacional no hay una normatividad para estos reservorios a los que tenemos que ponerles cuidado, porque son muchos los hechos que han sucedido en el departamento de Boyac\u00e1, no solamente en Siachoque, sino en otros municipios\u00bb, declar\u00f3 el mandatario local.<\/span><\/span><\/span><\/span><\/p><p class=\"western\" align=\"justify\"><span style=\"font-family: Arial, sans-serif;\"><span style=\"font-size: medium;\"><span style=\"color: #000000;\"><span style=\"font-family: Arial, serif;\">La falta de protecci\u00f3n o aislamiento en los reservorios ha sido una preocupaci\u00f3n recurrente, ya que, seg\u00fan el alcalde, este incidente se suma a otros ocurridos en el departamento de Boyac\u00e1. En el caso de Siachoque, donde predominan peque\u00f1os agricultores, la construcci\u00f3n de reservorios sin medidas de seguridad adecuadas representa un riesgo para la comunidad.<\/span><\/span><\/span><\/span><\/p><p class=\"western\" align=\"justify\"><span style=\"font-family: Arial, sans-serif;\"><span style=\"font-size: medium;\"><span style=\"color: #000000;\"><span style=\"font-family: Arial, serif;\">La comunidad de Siachoque se une en el dolor por la p\u00e9rdida de esta familia y espera que las medidas que se tomen en el Consejo de Gobierno contribuyan a prevenir futuras tragedias similares.<\/span><\/span><\/span><\/span><\/p>\t\t\t\t\t\t\t\t<\/div>\n\t\t\t\t<\/div>\n\t\t\t\t\t<\/div>\n\t\t<\/div>\n\t\t\t\t\t<\/div>\n\t\t<\/section>\n\t\t\t\t<\/div>\n\t\t","protected":false},"excerpt":{"rendered":"<p>Foto: El Colombiano El municipio de Siachoque, en Boyac\u00e1, se encuentra de luto tras la tr\u00e1gica muerte de<\/p>\n","protected":false},"author":1,"featured_media":19440,"comment_status":"open","ping_status":"open","sticky":false,"template":"","format":"image","meta":{"om_disable_all_campaigns":false,"_monsterinsights_skip_tracking":false,"_monsterinsights_sitenote_active":false,"_monsterinsights_sitenote_note":"","_monsterinsights_sitenote_category":0,"footnotes":""},"categories":[8],"tags":[10],"class_list":["post-19431","post","type-post","status-publish","format-image","has-post-thumbnail","hentry","category-judicial","tag-noticias","post_format-post-format-image"],"aioseo_notices":[],"_links":{"self":[{"href":"https:\/\/www.boyacaleinforma.com\/index.php?rest_route=\/wp\/v2\/posts\/19431","targetHints":{"allow":["GET"]}}],"collection":[{"href":"https:\/\/www.boyacaleinforma.com\/index.php?rest_route=\/wp\/v2\/posts"}],"about":[{"href":"https:\/\/www.boyacaleinforma.com\/index.php?rest_route=\/wp\/v2\/types\/post"}],"author":[{"embeddable":true,"href":"https:\/\/www.boyacaleinforma.com\/index.php?rest_route=\/wp\/v2\/users\/1"}],"replies":[{"embeddable":true,"href":"https:\/\/www.boyacaleinforma.com\/index.php?rest_route=%2Fwp%2Fv2%2Fcomments&post=19431"}],"version-history":[{"count":0,"href":"https:\/\/www.boyacaleinforma.com\/index.php?rest_route=\/wp\/v2\/posts\/19431\/revisions"}],"wp:featuredmedia":[{"embeddable":true,"href":"https:\/\/www.boyacaleinforma.com\/index.php?rest_route=\/wp\/v2\/media\/19440"}],"wp:attachment":[{"href":"https:\/\/www.boyacaleinforma.com\/index.php?rest_route=%2Fwp%2Fv2%2Fmedia&parent=19431"}],"wp:term":[{"taxonomy":"category","embeddable":true,"href":"https:\/\/www.boyacaleinforma.com\/index.php?rest_route=%2Fwp%2Fv2%2Fcategories&post=19431"},{"taxonomy":"post_tag","embeddable":true,"href":"https:\/\/www.boyacaleinforma.com\/index.php?rest_route=%2Fwp%2Fv2%2Ftags&post=19431"}],"curies":[{"name":"wp","href":"https:\/\/api.w.org\/{rel}","templated":true}]}}