{"id":19752,"date":"2024-05-21T09:12:50","date_gmt":"2024-05-21T14:12:50","guid":{"rendered":"https:\/\/www.boyacaleinforma.com\/?p=19752"},"modified":"2024-05-21T09:31:15","modified_gmt":"2024-05-21T14:31:15","slug":"colombia-lanza-poder-voluntario-un-programa-innovador-para-fomentar-el-deporte-y-la-solidaridad-copy-copy","status":"publish","type":"post","link":"https:\/\/www.boyacaleinforma.com\/?p=19752","title":{"rendered":"Pol\u00e9mica persiste en proyecto de vivienda en Puerto Boyac\u00e1: Tierra de bendiciones bajo escrutinio"},"content":{"rendered":"\t\t<div data-elementor-type=\"wp-post\" data-elementor-id=\"19752\" class=\"elementor elementor-19752\" data-elementor-post-type=\"post\">\n\t\t\t\t\t\t<section class=\"elementor-section elementor-top-section elementor-element elementor-element-62b311ee elementor-section-boxed elementor-section-height-default elementor-section-height-default\" data-id=\"62b311ee\" data-element_type=\"section\" data-e-type=\"section\">\n\t\t\t\t\t\t<div class=\"elementor-container elementor-column-gap-default\">\n\t\t\t\t\t<div class=\"elementor-column elementor-col-100 elementor-top-column elementor-element elementor-element-22e424c5\" data-id=\"22e424c5\" data-element_type=\"column\" data-e-type=\"column\">\n\t\t\t<div class=\"elementor-widget-wrap elementor-element-populated\">\n\t\t\t\t\t\t<div class=\"elementor-element elementor-element-7799c32 elementor-widget elementor-widget-image\" data-id=\"7799c32\" data-element_type=\"widget\" data-e-type=\"widget\" data-widget_type=\"image.default\">\n\t\t\t\t<div class=\"elementor-widget-container\">\n\t\t\t\t\t\t\t\t\t\t\t\t<figure class=\"wp-caption\">\n\t\t\t\t\t\t\t\t\t\t<img loading=\"lazy\" width=\"640\" height=\"427\" src=\"https:\/\/www.boyacaleinforma.com\/wp-content\/uploads\/2024\/05\/caracol-2-768x512.jpeg\" class=\"attachment-medium_large size-medium_large wp-image-19759\" alt=\"caracol\" srcset=\"https:\/\/www.boyacaleinforma.com\/wp-content\/uploads\/2024\/05\/caracol-2-768x512.jpeg 768w, https:\/\/www.boyacaleinforma.com\/wp-content\/uploads\/2024\/05\/caracol-2-300x200.jpeg 300w, https:\/\/www.boyacaleinforma.com\/wp-content\/uploads\/2024\/05\/caracol-2-1024x683.jpeg 1024w, https:\/\/www.boyacaleinforma.com\/wp-content\/uploads\/2024\/05\/caracol-2-1536x1024.jpeg 1536w, https:\/\/www.boyacaleinforma.com\/wp-content\/uploads\/2024\/05\/caracol-2.jpeg 1600w\" sizes=\"auto, (max-width: 640px) 100vw, 640px\" loading=\"lazy\" decoding=\"async\" \/>\t\t\t\t\t\t\t\t\t\t\t<figcaption class=\"widget-image-caption wp-caption-text\">Foto: Caracol<\/figcaption>\n\t\t\t\t\t\t\t\t\t\t<\/figure>\n\t\t\t\t\t\t\t\t\t<\/div>\n\t\t\t\t<\/div>\n\t\t\t\t<div class=\"elementor-element elementor-element-16316330 elementor-widget elementor-widget-text-editor\" data-id=\"16316330\" data-element_type=\"widget\" data-e-type=\"widget\" data-widget_type=\"text-editor.default\">\n\t\t\t\t<div class=\"elementor-widget-container\">\n\t\t\t\t\t\t\t\t\t<p class=\"western\" align=\"justify\"><span style=\"font-family: Arial, serif;\"><span style=\"font-size: medium;\">El proyecto de vivienda Tierra de Bendiciones en Puerto Boyac\u00e1 sigue siendo objeto de intensa controversia debido a los altos costos de inversi\u00f3n que ha generado un intenso debate en el municipio. La pol\u00e9mica ha alcanzado su punto m\u00e1ximo en el seno del Concejo Municipal, donde se han convocado a representantes relacionados con el proyecto para abordar preocupaciones sobre su avance, calidad y transparencia.<\/span><\/span><\/p><p class=\"western\" align=\"justify\"><span style=\"font-family: Arial, serif;\"><span style=\"font-size: medium;\">Durante la \u00faltima sesi\u00f3n del concejo, se presentaron el constructor, el interventor, el secretario de planeaci\u00f3n y la directora de vivienda para dar explicaciones sobre el estado actual del proyecto. Seg\u00fan el contratista y el interventor, la obra ha avanzado m\u00e1s del 40%, una cifra que difiere significativamente del estimado del concejal Juan David Ram\u00edrez, quien sugiere que deber\u00eda estar cerca del 90%. Esta discrepancia en los porcentajes ha suscitado inquietud entre los ciudadanos y los concejales, quienes buscan aclarar diversos aspectos del proyecto, incluyendo su progreso real, est\u00e1ndares de calidad, plazos de entrega y transparencia en la gesti\u00f3n.<\/span><\/span><\/p><p class=\"western\" align=\"justify\"><span style=\"font-family: Arial, serif;\"><span style=\"font-size: medium;\">Una de las preocupaciones m\u00e1s destacadas es la disparidad en los costos entre el proyecto Tierra de Bendiciones y otro proyecto cercano llamado Villa del R\u00edo. A pesar de que Villa del R\u00edo consta de solo 6 viviendas menos que Tierra de Bendiciones, su costo es considerablemente menor, lo que ha generado interrogantes sobre la justificaci\u00f3n de esta diferencia. Seg\u00fan el concejal, el constructor y el secretario de vivienda explicaron que parte del presupuesto de Tierra de Bendiciones se destina a gastos administrativos como licencias, salarios y otros certificados, lo que ha despertado dudas sobre la transparencia en la gesti\u00f3n de fondos.<\/span><\/span><\/p><p class=\"western\" align=\"justify\"><span style=\"font-family: Arial, serif;\"><span style=\"font-size: medium;\">A pesar de los esfuerzos de las autoridades pertinentes para proporcionar respuestas, la sesi\u00f3n del concejo no logr\u00f3 disipar todas las dudas y tensiones en torno al proyecto Tierra de Bendiciones. Los concejales y los ciudadanos contin\u00faan exigiendo mayor claridad y garant\u00edas sobre la viabilidad y la calidad de estas viviendas, enfatizando la importancia de una gesti\u00f3n transparente y responsable en proyectos de esta magnitud.<\/span><\/span><\/p><p class=\"western\" align=\"justify\"><span style=\"font-family: Arial, serif;\"><span style=\"font-size: medium;\">La persistencia de esta pol\u00e9mica subraya la necesidad de una mayor supervisi\u00f3n y control en proyectos de desarrollo urbano para garantizar que cumplan con los est\u00e1ndares requeridos y satisfagan las necesidades de la comunidad de manera eficaz y equitativa.<\/span><\/span><\/p>\t\t\t\t\t\t\t\t<\/div>\n\t\t\t\t<\/div>\n\t\t\t\t\t<\/div>\n\t\t<\/div>\n\t\t\t\t\t<\/div>\n\t\t<\/section>\n\t\t\t\t<\/div>\n\t\t","protected":false},"excerpt":{"rendered":"<p>Foto: Caracol El proyecto de vivienda Tierra de Bendiciones en Puerto Boyac\u00e1 sigue siendo objeto de intensa controversia<\/p>\n","protected":false},"author":1,"featured_media":19759,"comment_status":"open","ping_status":"open","sticky":false,"template":"","format":"image","meta":{"om_disable_all_campaigns":false,"_monsterinsights_skip_tracking":false,"_monsterinsights_sitenote_active":false,"_monsterinsights_sitenote_note":"","_monsterinsights_sitenote_category":0,"footnotes":""},"categories":[5],"tags":[10],"class_list":["post-19752","post","type-post","status-publish","format-image","has-post-thumbnail","hentry","category-boyaca","tag-noticias","post_format-post-format-image"],"aioseo_notices":[],"_links":{"self":[{"href":"https:\/\/www.boyacaleinforma.com\/index.php?rest_route=\/wp\/v2\/posts\/19752","targetHints":{"allow":["GET"]}}],"collection":[{"href":"https:\/\/www.boyacaleinforma.com\/index.php?rest_route=\/wp\/v2\/posts"}],"about":[{"href":"https:\/\/www.boyacaleinforma.com\/index.php?rest_route=\/wp\/v2\/types\/post"}],"author":[{"embeddable":true,"href":"https:\/\/www.boyacaleinforma.com\/index.php?rest_route=\/wp\/v2\/users\/1"}],"replies":[{"embeddable":true,"href":"https:\/\/www.boyacaleinforma.com\/index.php?rest_route=%2Fwp%2Fv2%2Fcomments&post=19752"}],"version-history":[{"count":0,"href":"https:\/\/www.boyacaleinforma.com\/index.php?rest_route=\/wp\/v2\/posts\/19752\/revisions"}],"wp:featuredmedia":[{"embeddable":true,"href":"https:\/\/www.boyacaleinforma.com\/index.php?rest_route=\/wp\/v2\/media\/19759"}],"wp:attachment":[{"href":"https:\/\/www.boyacaleinforma.com\/index.php?rest_route=%2Fwp%2Fv2%2Fmedia&parent=19752"}],"wp:term":[{"taxonomy":"category","embeddable":true,"href":"https:\/\/www.boyacaleinforma.com\/index.php?rest_route=%2Fwp%2Fv2%2Fcategories&post=19752"},{"taxonomy":"post_tag","embeddable":true,"href":"https:\/\/www.boyacaleinforma.com\/index.php?rest_route=%2Fwp%2Fv2%2Ftags&post=19752"}],"curies":[{"name":"wp","href":"https:\/\/api.w.org\/{rel}","templated":true}]}}