{"id":19753,"date":"2024-05-21T09:12:58","date_gmt":"2024-05-21T14:12:58","guid":{"rendered":"https:\/\/www.boyacaleinforma.com\/?p=19753"},"modified":"2024-05-21T09:27:58","modified_gmt":"2024-05-21T14:27:58","slug":"colombia-lanza-poder-voluntario-un-programa-innovador-para-fomentar-el-deporte-y-la-solidaridad-copy-copy-copy","status":"publish","type":"post","link":"https:\/\/www.boyacaleinforma.com\/?p=19753","title":{"rendered":"Ca\u00edda en la producci\u00f3n de esmeraldas: Esmeralderos esperan reforma al C\u00f3digo de Minas con reglas claras"},"content":{"rendered":"\t\t<div data-elementor-type=\"wp-post\" data-elementor-id=\"19753\" class=\"elementor elementor-19753\" data-elementor-post-type=\"post\">\n\t\t\t\t\t\t<section class=\"elementor-section elementor-top-section elementor-element elementor-element-62b311ee elementor-section-boxed elementor-section-height-default elementor-section-height-default\" data-id=\"62b311ee\" data-element_type=\"section\" data-e-type=\"section\">\n\t\t\t\t\t\t<div class=\"elementor-container elementor-column-gap-default\">\n\t\t\t\t\t<div class=\"elementor-column elementor-col-100 elementor-top-column elementor-element elementor-element-22e424c5\" data-id=\"22e424c5\" data-element_type=\"column\" data-e-type=\"column\">\n\t\t\t<div class=\"elementor-widget-wrap elementor-element-populated\">\n\t\t\t\t\t\t<div class=\"elementor-element elementor-element-7799c32 elementor-widget elementor-widget-image\" data-id=\"7799c32\" data-element_type=\"widget\" data-e-type=\"widget\" data-widget_type=\"image.default\">\n\t\t\t\t<div class=\"elementor-widget-container\">\n\t\t\t\t\t\t\t\t\t\t\t\t<figure class=\"wp-caption\">\n\t\t\t\t\t\t\t\t\t\t<img loading=\"lazy\" width=\"640\" height=\"339\" src=\"https:\/\/www.boyacaleinforma.com\/wp-content\/uploads\/2024\/05\/semana-1-768x407.jpg\" class=\"attachment-medium_large size-medium_large wp-image-19765\" alt=\"semana\" srcset=\"https:\/\/www.boyacaleinforma.com\/wp-content\/uploads\/2024\/05\/semana-1-768x407.jpg 768w, https:\/\/www.boyacaleinforma.com\/wp-content\/uploads\/2024\/05\/semana-1-300x159.jpg 300w, https:\/\/www.boyacaleinforma.com\/wp-content\/uploads\/2024\/05\/semana-1.jpg 1000w\" sizes=\"auto, (max-width: 640px) 100vw, 640px\" loading=\"lazy\" decoding=\"async\" \/>\t\t\t\t\t\t\t\t\t\t\t<figcaption class=\"widget-image-caption wp-caption-text\">Foto: Revista Semana<\/figcaption>\n\t\t\t\t\t\t\t\t\t\t<\/figure>\n\t\t\t\t\t\t\t\t\t<\/div>\n\t\t\t\t<\/div>\n\t\t\t\t<div class=\"elementor-element elementor-element-16316330 elementor-widget elementor-widget-text-editor\" data-id=\"16316330\" data-element_type=\"widget\" data-e-type=\"widget\" data-widget_type=\"text-editor.default\">\n\t\t\t\t<div class=\"elementor-widget-container\">\n\t\t\t\t\t\t\t\t\t<p class=\"western\" align=\"justify\"><span style=\"font-family: Arial, sans-serif;\"><span style=\"font-size: medium;\"><span style=\"color: #000000;\"><span style=\"font-family: Arial, serif;\">La industria de las esmeraldas en Colombia enfrenta una situaci\u00f3n de declive en su producci\u00f3n, aunque el precio de esta piedra preciosa se ha fortalecido en el mercado internacional. Voceros del gremio minero han expresado su preocupaci\u00f3n y expectativas ante la reforma al C\u00f3digo de Minas, esperando que se establezcan reglas claras que beneficien tanto a los mineros como al desarrollo del sector.<\/span><\/span><\/span><\/span><\/p><p class=\"western\" align=\"justify\"><span style=\"font-family: Arial, sans-serif;\"><span style=\"font-size: medium;\"><span style=\"color: #000000;\"><span style=\"font-family: Arial, serif;\">En una entrevista con EL NUEVO SIGLO, representantes del sector minero han destacado la importancia de que el nuevo C\u00f3digo de Minas refleje la realidad social del pa\u00eds, reconociendo y respetando la diversidad de los mineros y garantizando una herramienta efectiva de fiscalizaci\u00f3n de la producci\u00f3n minera.<\/span><\/span><\/span><\/span><\/p><p class=\"western\" align=\"justify\"><span style=\"font-family: Arial, sans-serif;\"><span style=\"font-size: medium;\"><span style=\"color: #000000;\"><span style=\"font-family: Arial, serif;\">Seg\u00fan el l\u00edder gremial, los principales mercados para las esmeraldas colombianas son Estados Unidos, Europa, Medio Oriente y China, aunque las condiciones econ\u00f3micas, especialmente durante y despu\u00e9s de la pandemia de COVID-19, han llevado a una exploraci\u00f3n de nuevos mercados en el Medio Oriente, donde se percibe un potencial crecimiento en el consumo.<\/span><\/span><\/span><\/span><\/p><p class=\"western\" align=\"justify\"><span style=\"font-family: Arial, sans-serif;\"><span style=\"font-size: medium;\"><span style=\"color: #000000;\"><span style=\"font-family: Arial, serif;\">A pesar de la competencia constante de pa\u00edses como China, Pakist\u00e1n, Afganist\u00e1n y Rusia en la producci\u00f3n de esmeraldas, el l\u00edder gremial no considera que representen una amenaza directa para la industria colombiana. Los precios de las esmeraldas han experimentado un aumento significativo despu\u00e9s del periodo de alta demanda durante la pandemia, llegando a subir entre un 15% y un 20%.<\/span><\/span><\/span><\/span><\/p><p class=\"western\" align=\"justify\"><span style=\"font-family: Arial, sans-serif;\"><span style=\"font-size: medium;\"><span style=\"color: #000000;\"><span style=\"font-family: Arial, serif;\">En cuanto a la exportaci\u00f3n de esmeraldas, se destaca que Colombia cuenta con un proceso regulado y bien supervisado, que garantiza la legalidad y transparencia en la exportaci\u00f3n de esta gema. Sin embargo, se reconoce que a\u00fan existen desaf\u00edos en t\u00e9rminos de fiscalizaci\u00f3n y control de la producci\u00f3n minera.<\/span><\/span><\/span><\/span><\/p><p class=\"western\" align=\"justify\"><span style=\"font-family: Arial, sans-serif;\"><span style=\"font-size: medium;\"><span style=\"color: #000000;\"><span style=\"font-family: Arial, serif;\">El proceso de modernizaci\u00f3n y formalizaci\u00f3n del sector minero ha sido positivo, permitiendo que los esmeralderos generen ingresos de manera legal y contribuyan al desarrollo econ\u00f3mico de las regiones productoras. A pesar de los avances, persisten preocupaciones sobre la falta de administraci\u00f3n de justicia en estas zonas y el d\u00e9ficit habitacional que enfrentan los habitantes.<\/span><\/span><\/span><\/span><\/p><p class=\"western\" align=\"justify\"><span style=\"font-family: Arial, sans-serif;\"><span style=\"font-size: medium;\"><span style=\"color: #000000;\"><span style=\"font-family: Arial, serif;\">En conclusi\u00f3n, la vida en las zonas mineras, incluyendo las dedicadas a la extracci\u00f3n de esmeraldas, sigue siendo precaria e indigna para muchos, lo que plantea desaf\u00edos importantes para la industria y para la sociedad colombiana en su conjunto. La esperanza est\u00e1 puesta en una reforma integral al C\u00f3digo de Minas que brinde soluciones y oportunidades para todos los actores involucrados en esta importante industria nacional.<\/span><\/span><\/span><\/span><\/p>\t\t\t\t\t\t\t\t<\/div>\n\t\t\t\t<\/div>\n\t\t\t\t\t<\/div>\n\t\t<\/div>\n\t\t\t\t\t<\/div>\n\t\t<\/section>\n\t\t\t\t<\/div>\n\t\t","protected":false},"excerpt":{"rendered":"<p>Foto: Revista Semana La industria de las esmeraldas en Colombia enfrenta una situaci\u00f3n de declive en su producci\u00f3n,<\/p>\n","protected":false},"author":1,"featured_media":19765,"comment_status":"open","ping_status":"open","sticky":false,"template":"","format":"image","meta":{"om_disable_all_campaigns":false,"_monsterinsights_skip_tracking":false,"_monsterinsights_sitenote_active":false,"_monsterinsights_sitenote_note":"","_monsterinsights_sitenote_category":0,"footnotes":""},"categories":[5],"tags":[10],"class_list":["post-19753","post","type-post","status-publish","format-image","has-post-thumbnail","hentry","category-boyaca","tag-noticias","post_format-post-format-image"],"aioseo_notices":[],"_links":{"self":[{"href":"https:\/\/www.boyacaleinforma.com\/index.php?rest_route=\/wp\/v2\/posts\/19753","targetHints":{"allow":["GET"]}}],"collection":[{"href":"https:\/\/www.boyacaleinforma.com\/index.php?rest_route=\/wp\/v2\/posts"}],"about":[{"href":"https:\/\/www.boyacaleinforma.com\/index.php?rest_route=\/wp\/v2\/types\/post"}],"author":[{"embeddable":true,"href":"https:\/\/www.boyacaleinforma.com\/index.php?rest_route=\/wp\/v2\/users\/1"}],"replies":[{"embeddable":true,"href":"https:\/\/www.boyacaleinforma.com\/index.php?rest_route=%2Fwp%2Fv2%2Fcomments&post=19753"}],"version-history":[{"count":0,"href":"https:\/\/www.boyacaleinforma.com\/index.php?rest_route=\/wp\/v2\/posts\/19753\/revisions"}],"wp:featuredmedia":[{"embeddable":true,"href":"https:\/\/www.boyacaleinforma.com\/index.php?rest_route=\/wp\/v2\/media\/19765"}],"wp:attachment":[{"href":"https:\/\/www.boyacaleinforma.com\/index.php?rest_route=%2Fwp%2Fv2%2Fmedia&parent=19753"}],"wp:term":[{"taxonomy":"category","embeddable":true,"href":"https:\/\/www.boyacaleinforma.com\/index.php?rest_route=%2Fwp%2Fv2%2Fcategories&post=19753"},{"taxonomy":"post_tag","embeddable":true,"href":"https:\/\/www.boyacaleinforma.com\/index.php?rest_route=%2Fwp%2Fv2%2Ftags&post=19753"}],"curies":[{"name":"wp","href":"https:\/\/api.w.org\/{rel}","templated":true}]}}