{"id":19754,"date":"2024-05-21T09:13:12","date_gmt":"2024-05-21T14:13:12","guid":{"rendered":"https:\/\/www.boyacaleinforma.com\/?p=19754"},"modified":"2024-05-21T09:23:31","modified_gmt":"2024-05-21T14:23:31","slug":"colombia-lanza-poder-voluntario-un-programa-innovador-para-fomentar-el-deporte-y-la-solidaridad-copy-copy-copy-copy","status":"publish","type":"post","link":"https:\/\/www.boyacaleinforma.com\/?p=19754","title":{"rendered":"Atletismo y Para Atletismo colombiano brillan en competencias internacionales"},"content":{"rendered":"\t\t<div data-elementor-type=\"wp-post\" data-elementor-id=\"19754\" class=\"elementor elementor-19754\" data-elementor-post-type=\"post\">\n\t\t\t\t\t\t<section class=\"elementor-section elementor-top-section elementor-element elementor-element-62b311ee elementor-section-boxed elementor-section-height-default elementor-section-height-default\" data-id=\"62b311ee\" data-element_type=\"section\" data-e-type=\"section\">\n\t\t\t\t\t\t<div class=\"elementor-container elementor-column-gap-default\">\n\t\t\t\t\t<div class=\"elementor-column elementor-col-100 elementor-top-column elementor-element elementor-element-22e424c5\" data-id=\"22e424c5\" data-element_type=\"column\" data-e-type=\"column\">\n\t\t\t<div class=\"elementor-widget-wrap elementor-element-populated\">\n\t\t\t\t\t\t<div class=\"elementor-element elementor-element-7799c32 elementor-widget elementor-widget-image\" data-id=\"7799c32\" data-element_type=\"widget\" data-e-type=\"widget\" data-widget_type=\"image.default\">\n\t\t\t\t<div class=\"elementor-widget-container\">\n\t\t\t\t\t\t\t\t\t\t\t\t<figure class=\"wp-caption\">\n\t\t\t\t\t\t\t\t\t\t<img loading=\"lazy\" width=\"640\" height=\"463\" src=\"https:\/\/www.boyacaleinforma.com\/wp-content\/uploads\/2024\/05\/el-colombiano-2-768x556.jpg\" class=\"attachment-medium_large size-medium_large wp-image-19760\" alt=\"el colombiano\" srcset=\"https:\/\/www.boyacaleinforma.com\/wp-content\/uploads\/2024\/05\/el-colombiano-2-768x556.jpg 768w, https:\/\/www.boyacaleinforma.com\/wp-content\/uploads\/2024\/05\/el-colombiano-2-300x217.jpg 300w, https:\/\/www.boyacaleinforma.com\/wp-content\/uploads\/2024\/05\/el-colombiano-2.jpg 780w\" sizes=\"auto, (max-width: 640px) 100vw, 640px\" loading=\"lazy\" decoding=\"async\" \/>\t\t\t\t\t\t\t\t\t\t\t<figcaption class=\"widget-image-caption wp-caption-text\">Foto: El Colombiano<\/figcaption>\n\t\t\t\t\t\t\t\t\t\t<\/figure>\n\t\t\t\t\t\t\t\t\t<\/div>\n\t\t\t\t<\/div>\n\t\t\t\t<div class=\"elementor-element elementor-element-16316330 elementor-widget elementor-widget-text-editor\" data-id=\"16316330\" data-element_type=\"widget\" data-e-type=\"widget\" data-widget_type=\"text-editor.default\">\n\t\t\t\t<div class=\"elementor-widget-container\">\n\t\t\t\t\t\t\t\t\t<p class=\"western\" align=\"justify\"><span style=\"font-family: Arial, sans-serif;\"><span style=\"font-size: medium;\"><span style=\"font-family: Arial, serif;\">Los atletas y Para atletas colombianos contin\u00faan consolidando a Colombia como un referente deportivo a nivel internacional, con actuaciones destacadas que han hecho ondear el tricolor nacional con orgullo. En eventos recientes, como el Campeonato Mundial de Para Atletismo en Kobe, Jap\u00f3n, la Golden Roof Challenge en Innsbruck, Austria, y el Grand Prix de Tokio, los representantes colombianos han demostrado su talento y preparaci\u00f3n con miras a los Juegos Ol\u00edmpicos de Par\u00eds 2024.<\/span><\/span><\/span><\/p><p class=\"western\" align=\"justify\"><span style=\"font-family: Arial, sans-serif;\"><span style=\"font-size: medium;\">En el Campeonato Mundial de Para Atletismo, que se est\u00e1 llevando a cabo en Kobe, Jap\u00f3n, Colombia ha sobresalido con la obtenci\u00f3n de dos medallas de oro. Erica Casta\u00f1o se coron\u00f3 campeona en lanzamiento de disco F55, y Jos\u00e9 Gregorio Lemos hizo lo propio en lanzamiento de jabalina F38. Adem\u00e1s, Luis Fernando Lucum\u00ed obtuvo una medalla de plata en lanzamiento de jabalina F38, y Mayerli Buitrago gan\u00f3 el bronce en impulsi\u00f3n de bala F41. Estas victorias subrayan el crecimiento y la fortaleza del Para atletismo colombiano en el escenario mundial.<\/span><\/span><\/p><p class=\"western\" align=\"justify\"><span style=\"font-family: Arial, sans-serif;\"><span style=\"font-size: medium;\">En el Campeonato Mundial de BMX, celebrado en Rock Hill, Estados Unidos, la delegaci\u00f3n colombiana tambi\u00e9n tuvo un desempe\u00f1o notable. Carlos Ram\u00edrez, con su cuarto puesto en la categor\u00eda masculina, asegur\u00f3 los tres cupos ol\u00edmpicos para Colombia en Par\u00eds 2024. Aunque en la categor\u00eda femenina ninguna ciclista colombiana logr\u00f3 llegar a la final, se espera la actualizaci\u00f3n del ranking UCI para confirmar los dos cupos femeninos en disputa.<\/span><\/span><\/p><p class=\"western\" align=\"justify\"><span style=\"font-family: Arial, sans-serif;\"><span style=\"font-size: medium;\">Por otro lado, en la Copa Mundo de Ruta de Maniago, Italia, Colombia destac\u00f3 con el segundo puesto de Carlos Andr\u00e9s Vargas en la prueba C5. Vargas complet\u00f3 el recorrido con un tiempo de 1:53:16, quedando a solo siete segundos del ganador, el holand\u00e9s Martin Van de Pol. Este resultado reafirma la competitividad y el esfuerzo de los ciclistas colombianos en competencias internacionales.<\/span><\/span><\/p><p class=\"western\" align=\"justify\"><span style=\"font-family: Arial, sans-serif;\"><span style=\"font-size: medium;\">La participaci\u00f3n de estos atletas en eventos globales no solo refleja su dedicaci\u00f3n y talento, sino que tambi\u00e9n posiciona a Colombia como una potencia en el \u00e1mbito deportivo internacional. Con miras a los pr\u00f3ximos Juegos Ol\u00edmpicos y Paral\u00edmpicos de Par\u00eds 2024, los atletas colombianos contin\u00faan entrenando y compitiendo con el objetivo de traer m\u00e1s triunfos al pa\u00eds.<\/span><\/span><\/p><p class=\"western\" align=\"justify\"><span style=\"font-family: Arial, sans-serif;\"><span style=\"font-size: medium;\">Estas actuaciones memorables son un testimonio del esfuerzo, la preparaci\u00f3n y el esp\u00edritu de los deportistas colombianos, quienes con cada competencia demuestran que est\u00e1n listos para enfrentar los desaf\u00edos m\u00e1s grandes del deporte mundial. El apoyo y reconocimiento a estos atletas es esencial para seguir promoviendo el deporte en Colombia y seguir cosechando \u00e9xitos a nivel internacional.<\/span><\/span><\/p>\t\t\t\t\t\t\t\t<\/div>\n\t\t\t\t<\/div>\n\t\t\t\t\t<\/div>\n\t\t<\/div>\n\t\t\t\t\t<\/div>\n\t\t<\/section>\n\t\t\t\t<\/div>\n\t\t","protected":false},"excerpt":{"rendered":"<p>Foto: El Colombiano Los atletas y Para atletas colombianos contin\u00faan consolidando a Colombia como un referente deportivo a<\/p>\n","protected":false},"author":1,"featured_media":19760,"comment_status":"open","ping_status":"open","sticky":false,"template":"","format":"image","meta":{"om_disable_all_campaigns":false,"_monsterinsights_skip_tracking":false,"_monsterinsights_sitenote_active":false,"_monsterinsights_sitenote_note":"","_monsterinsights_sitenote_category":0,"footnotes":""},"categories":[7],"tags":[10],"class_list":["post-19754","post","type-post","status-publish","format-image","has-post-thumbnail","hentry","category-deportes","tag-noticias","post_format-post-format-image"],"aioseo_notices":[],"_links":{"self":[{"href":"https:\/\/www.boyacaleinforma.com\/index.php?rest_route=\/wp\/v2\/posts\/19754","targetHints":{"allow":["GET"]}}],"collection":[{"href":"https:\/\/www.boyacaleinforma.com\/index.php?rest_route=\/wp\/v2\/posts"}],"about":[{"href":"https:\/\/www.boyacaleinforma.com\/index.php?rest_route=\/wp\/v2\/types\/post"}],"author":[{"embeddable":true,"href":"https:\/\/www.boyacaleinforma.com\/index.php?rest_route=\/wp\/v2\/users\/1"}],"replies":[{"embeddable":true,"href":"https:\/\/www.boyacaleinforma.com\/index.php?rest_route=%2Fwp%2Fv2%2Fcomments&post=19754"}],"version-history":[{"count":0,"href":"https:\/\/www.boyacaleinforma.com\/index.php?rest_route=\/wp\/v2\/posts\/19754\/revisions"}],"wp:featuredmedia":[{"embeddable":true,"href":"https:\/\/www.boyacaleinforma.com\/index.php?rest_route=\/wp\/v2\/media\/19760"}],"wp:attachment":[{"href":"https:\/\/www.boyacaleinforma.com\/index.php?rest_route=%2Fwp%2Fv2%2Fmedia&parent=19754"}],"wp:term":[{"taxonomy":"category","embeddable":true,"href":"https:\/\/www.boyacaleinforma.com\/index.php?rest_route=%2Fwp%2Fv2%2Fcategories&post=19754"},{"taxonomy":"post_tag","embeddable":true,"href":"https:\/\/www.boyacaleinforma.com\/index.php?rest_route=%2Fwp%2Fv2%2Ftags&post=19754"}],"curies":[{"name":"wp","href":"https:\/\/api.w.org\/{rel}","templated":true}]}}