{"id":19814,"date":"2024-05-22T09:39:19","date_gmt":"2024-05-22T14:39:19","guid":{"rendered":"https:\/\/www.boyacaleinforma.com\/?p=19814"},"modified":"2024-05-22T09:42:48","modified_gmt":"2024-05-22T14:42:48","slug":"fuga-de-dos-reclusos-en-caldas-boyaca-policia-activa-operativo-de-busqueda-copy-copy-copy-copy-copy","status":"publish","type":"post","link":"https:\/\/www.boyacaleinforma.com\/?p=19814","title":{"rendered":"Tensi\u00f3n ol\u00edmpica: Richard Carapaz arremete contra la Federaci\u00f3n y Narv\u00e1ez, exige intervenci\u00f3n del Ministro del Deporte"},"content":{"rendered":"\t\t<div data-elementor-type=\"wp-post\" data-elementor-id=\"19814\" class=\"elementor elementor-19814\" data-elementor-post-type=\"post\">\n\t\t\t\t\t\t<section class=\"elementor-section elementor-top-section elementor-element elementor-element-62b311ee elementor-section-boxed elementor-section-height-default elementor-section-height-default\" data-id=\"62b311ee\" data-element_type=\"section\" data-e-type=\"section\">\n\t\t\t\t\t\t<div class=\"elementor-container elementor-column-gap-default\">\n\t\t\t\t\t<div class=\"elementor-column elementor-col-100 elementor-top-column elementor-element elementor-element-22e424c5\" data-id=\"22e424c5\" data-element_type=\"column\" data-e-type=\"column\">\n\t\t\t<div class=\"elementor-widget-wrap elementor-element-populated\">\n\t\t\t\t\t\t<div class=\"elementor-element elementor-element-7799c32 elementor-widget elementor-widget-image\" data-id=\"7799c32\" data-element_type=\"widget\" data-e-type=\"widget\" data-widget_type=\"image.default\">\n\t\t\t\t<div class=\"elementor-widget-container\">\n\t\t\t\t\t\t\t\t\t\t\t\t<figure class=\"wp-caption\">\n\t\t\t\t\t\t\t\t\t\t<img loading=\"lazy\" width=\"640\" height=\"427\" src=\"https:\/\/www.boyacaleinforma.com\/wp-content\/uploads\/2024\/05\/el-comercio-768x512.jpg\" class=\"attachment-medium_large size-medium_large wp-image-19820\" alt=\"el comercio\" srcset=\"https:\/\/www.boyacaleinforma.com\/wp-content\/uploads\/2024\/05\/el-comercio-768x512.jpg 768w, https:\/\/www.boyacaleinforma.com\/wp-content\/uploads\/2024\/05\/el-comercio-300x200.jpg 300w, https:\/\/www.boyacaleinforma.com\/wp-content\/uploads\/2024\/05\/el-comercio.jpg 1024w\" sizes=\"auto, (max-width: 640px) 100vw, 640px\" loading=\"lazy\" decoding=\"async\" \/>\t\t\t\t\t\t\t\t\t\t\t<figcaption class=\"widget-image-caption wp-caption-text\">Foto: El Comercio<\/figcaption>\n\t\t\t\t\t\t\t\t\t\t<\/figure>\n\t\t\t\t\t\t\t\t\t<\/div>\n\t\t\t\t<\/div>\n\t\t\t\t<div class=\"elementor-element elementor-element-16316330 elementor-widget elementor-widget-text-editor\" data-id=\"16316330\" data-element_type=\"widget\" data-e-type=\"widget\" data-widget_type=\"text-editor.default\">\n\t\t\t\t<div class=\"elementor-widget-container\">\n\t\t\t\t\t\t\t\t\t<p class=\"western\" align=\"justify\"><span style=\"font-family: Arial, serif;\"><span style=\"font-size: medium;\">El ciclista ecuatoriano Richard Carapaz ha expresado su descontento con la Federaci\u00f3n Ecuatoriana de Ciclismo (FEC) y el Comit\u00e9 Ol\u00edmpico Ecuatoriano (COE) debido a su casi segura ausencia en los pr\u00f3ximos Juegos Ol\u00edmpicos. Carapaz, quien es el actual campe\u00f3n ol\u00edmpico, ha quedado pr\u00e1cticamente fuera de la competencia debido a un controvertido reglamento de clasificaci\u00f3n, que seg\u00fan \u00e9l, fue implementado de manera incorrecta y poco transparente.<\/span><\/span><\/p><p class=\"western\" align=\"justify\"><span style=\"font-family: Arial, serif;\"><span style=\"font-size: medium;\">En un comunicado, Carapaz dej\u00f3 clara su disconformidad con los criterios utilizados por la FEC y el COE para otorgar el \u00fanico cupo disponible para los Juegos Ol\u00edmpicos, que fue adjudicado a Jhonatan Narv\u00e1ez. \u201cHubo falta de transparencia y equidad en el proceso\u201d, afirm\u00f3 tajantemente. Carapaz no se opone a la existencia de un reglamento, pero critic\u00f3 duramente el actual, calific\u00e1ndolo de sesgado y carente de principios de justicia y equidad. \u201cSe toman en cuenta los puntos desde enero, pero el reglamento no fue publicado hasta marzo cuando ya exist\u00eda una diferencia de puntos entre los deportistas\u201d, explic\u00f3.<\/span><\/span><\/p><p class=\"western\" align=\"justify\"><span style=\"font-family: Arial, serif;\"><span style=\"font-size: medium;\">El ciclista agradeci\u00f3 los esfuerzos de la FEC y el COE por intentar conseguir otro cupo, aunque subray\u00f3 que dichas gestiones se hicieron demasiado tarde. Ante esta situaci\u00f3n, Carapaz solicit\u00f3 la intervenci\u00f3n del Ministro del Deporte para \u201cestablecer un proceso de selecci\u00f3n justo y transparente, al margen de cualquier favoritismo\u201d.<\/span><\/span><\/p><p class=\"western\" align=\"justify\"><span style=\"font-family: Arial, serif;\"><span style=\"font-size: medium;\">Pese a la solidez de sus argumentos, Carapaz gener\u00f3 controversia al parecer cr\u00edtico hacia Narv\u00e1ez, quien no tiene culpa alguna en este conflicto m\u00e1s all\u00e1 de haber demostrado un rendimiento excepcional este a\u00f1o. Adem\u00e1s, el recorrido de los pr\u00f3ximos Juegos Ol\u00edmpicos favorece claramente a Narv\u00e1ez, quien ha sido el mejor corredor latinoamericano en lo que va de 2024.<\/span><\/span><\/p><p class=\"western\" align=\"justify\"><span style=\"font-family: Arial, serif;\"><span style=\"font-size: medium;\">La situaci\u00f3n destaca las tensiones internas en el ciclismo ecuatoriano y plantea interrogantes sobre la equidad y transparencia en los procesos de selecci\u00f3n de atletas para competencias internacionales. La intervenci\u00f3n del Ministro del Deporte podr\u00eda ser crucial para resolver este conflicto y asegurar que futuros procesos de selecci\u00f3n sean justos para todos los deportistas involucrados.<\/span><\/span><\/p>\t\t\t\t\t\t\t\t<\/div>\n\t\t\t\t<\/div>\n\t\t\t\t\t<\/div>\n\t\t<\/div>\n\t\t\t\t\t<\/div>\n\t\t<\/section>\n\t\t\t\t<\/div>\n\t\t","protected":false},"excerpt":{"rendered":"<p>Foto: El Comercio El ciclista ecuatoriano Richard Carapaz ha expresado su descontento con la Federaci\u00f3n Ecuatoriana de Ciclismo<\/p>\n","protected":false},"author":1,"featured_media":19820,"comment_status":"open","ping_status":"open","sticky":false,"template":"","format":"image","meta":{"om_disable_all_campaigns":false,"_monsterinsights_skip_tracking":false,"_monsterinsights_sitenote_active":false,"_monsterinsights_sitenote_note":"","_monsterinsights_sitenote_category":0,"footnotes":""},"categories":[7],"tags":[10],"class_list":["post-19814","post","type-post","status-publish","format-image","has-post-thumbnail","hentry","category-deportes","tag-noticias","post_format-post-format-image"],"aioseo_notices":[],"_links":{"self":[{"href":"https:\/\/www.boyacaleinforma.com\/index.php?rest_route=\/wp\/v2\/posts\/19814","targetHints":{"allow":["GET"]}}],"collection":[{"href":"https:\/\/www.boyacaleinforma.com\/index.php?rest_route=\/wp\/v2\/posts"}],"about":[{"href":"https:\/\/www.boyacaleinforma.com\/index.php?rest_route=\/wp\/v2\/types\/post"}],"author":[{"embeddable":true,"href":"https:\/\/www.boyacaleinforma.com\/index.php?rest_route=\/wp\/v2\/users\/1"}],"replies":[{"embeddable":true,"href":"https:\/\/www.boyacaleinforma.com\/index.php?rest_route=%2Fwp%2Fv2%2Fcomments&post=19814"}],"version-history":[{"count":0,"href":"https:\/\/www.boyacaleinforma.com\/index.php?rest_route=\/wp\/v2\/posts\/19814\/revisions"}],"wp:featuredmedia":[{"embeddable":true,"href":"https:\/\/www.boyacaleinforma.com\/index.php?rest_route=\/wp\/v2\/media\/19820"}],"wp:attachment":[{"href":"https:\/\/www.boyacaleinforma.com\/index.php?rest_route=%2Fwp%2Fv2%2Fmedia&parent=19814"}],"wp:term":[{"taxonomy":"category","embeddable":true,"href":"https:\/\/www.boyacaleinforma.com\/index.php?rest_route=%2Fwp%2Fv2%2Fcategories&post=19814"},{"taxonomy":"post_tag","embeddable":true,"href":"https:\/\/www.boyacaleinforma.com\/index.php?rest_route=%2Fwp%2Fv2%2Ftags&post=19814"}],"curies":[{"name":"wp","href":"https:\/\/api.w.org\/{rel}","templated":true}]}}