{"id":19815,"date":"2024-05-22T09:39:29","date_gmt":"2024-05-22T14:39:29","guid":{"rendered":"https:\/\/www.boyacaleinforma.com\/?p=19815"},"modified":"2024-05-22T09:44:04","modified_gmt":"2024-05-22T14:44:04","slug":"fuga-de-dos-reclusos-en-caldas-boyaca-policia-activa-operativo-de-busqueda-copy-copy-copy-copy-copy-copy","status":"publish","type":"post","link":"https:\/\/www.boyacaleinforma.com\/?p=19815","title":{"rendered":"Movilizaci\u00f3n de comunidad educativa en Tunja por mejores condiciones en su instituci\u00f3n"},"content":{"rendered":"\t\t<div data-elementor-type=\"wp-post\" data-elementor-id=\"19815\" class=\"elementor elementor-19815\" data-elementor-post-type=\"post\">\n\t\t\t\t\t\t<section class=\"elementor-section elementor-top-section elementor-element elementor-element-62b311ee elementor-section-boxed elementor-section-height-default elementor-section-height-default\" data-id=\"62b311ee\" data-element_type=\"section\" data-e-type=\"section\">\n\t\t\t\t\t\t<div class=\"elementor-container elementor-column-gap-default\">\n\t\t\t\t\t<div class=\"elementor-column elementor-col-100 elementor-top-column elementor-element elementor-element-22e424c5\" data-id=\"22e424c5\" data-element_type=\"column\" data-e-type=\"column\">\n\t\t\t<div class=\"elementor-widget-wrap elementor-element-populated\">\n\t\t\t\t\t\t<div class=\"elementor-element elementor-element-7799c32 elementor-widget elementor-widget-image\" data-id=\"7799c32\" data-element_type=\"widget\" data-e-type=\"widget\" data-widget_type=\"image.default\">\n\t\t\t\t<div class=\"elementor-widget-container\">\n\t\t\t\t\t\t\t\t\t\t\t\t<figure class=\"wp-caption\">\n\t\t\t\t\t\t\t\t\t\t<img loading=\"lazy\" width=\"640\" height=\"427\" src=\"https:\/\/www.boyacaleinforma.com\/wp-content\/uploads\/2024\/05\/caracol-3-768x512.jpg\" class=\"attachment-medium_large size-medium_large wp-image-19818\" alt=\"caracol\" srcset=\"https:\/\/www.boyacaleinforma.com\/wp-content\/uploads\/2024\/05\/caracol-3-768x512.jpg 768w, https:\/\/www.boyacaleinforma.com\/wp-content\/uploads\/2024\/05\/caracol-3-300x200.jpg 300w, https:\/\/www.boyacaleinforma.com\/wp-content\/uploads\/2024\/05\/caracol-3-1024x683.jpg 1024w, https:\/\/www.boyacaleinforma.com\/wp-content\/uploads\/2024\/05\/caracol-3.jpg 1440w\" sizes=\"auto, (max-width: 640px) 100vw, 640px\" loading=\"lazy\" decoding=\"async\" \/>\t\t\t\t\t\t\t\t\t\t\t<figcaption class=\"widget-image-caption wp-caption-text\">Foto: Caracol<\/figcaption>\n\t\t\t\t\t\t\t\t\t\t<\/figure>\n\t\t\t\t\t\t\t\t\t<\/div>\n\t\t\t\t<\/div>\n\t\t\t\t<div class=\"elementor-element elementor-element-16316330 elementor-widget elementor-widget-text-editor\" data-id=\"16316330\" data-element_type=\"widget\" data-e-type=\"widget\" data-widget_type=\"text-editor.default\">\n\t\t\t\t<div class=\"elementor-widget-container\">\n\t\t\t\t\t\t\t\t\t<p class=\"western\" align=\"justify\"><span style=\"color: #000000;\"><span style=\"font-family: Arial, serif;\"><span style=\"font-size: medium;\">El pr\u00f3ximo martes 28 de mayo a partir de las 8 a.m., los docentes y estudiantes de la Instituci\u00f3n Educativa Rural del Sur de Tunja tomar\u00e1n las calles para exigir mejoras en las condiciones de su colegio. La movilizaci\u00f3n busca presionar para que se asignen los docentes faltantes y se realicen las necesarias mejoras en la infraestructura del plantel.<\/span><\/span><\/span><\/p><p class=\"western\" align=\"justify\"><span style=\"color: #000000;\">\u201c<span style=\"font-family: Arial, serif;\"><span style=\"font-size: medium;\">Como ya es de conocimiento, esta instituci\u00f3n acusa serios problemas tanto de infraestructura, como en el funcionamiento en cada una de las siete sedes y las nueve jornadas que manejamos. No se han hecho los mantenimientos, las reparaciones, las adecuaciones, durante muchos a\u00f1os y eso es lo que hoy por hoy nos tiene en una situaci\u00f3n mucho m\u00e1s cr\u00edtica\u201d, explic\u00f3 Ricardo Estupi\u00f1an, rector de la I.E. Rural del Sur.<\/span><\/span><\/span><\/p><p class=\"western\" align=\"justify\"><span style=\"color: #000000;\"><span style=\"font-family: Arial, serif;\"><span style=\"font-size: medium;\">La situaci\u00f3n en la Sede Central es especialmente preocupante debido a problemas con el acueducto y el alcantarillado. La escuela depende de un acueducto veredal cuya capacidad de almacenamiento es insuficiente. Adem\u00e1s, las aguas residuales son manejadas por un pozo s\u00e9ptico que recientemente se tapon\u00f3 por falta de mantenimiento.<\/span><\/span><\/span><\/p><p class=\"western\" align=\"justify\"><span style=\"color: #000000;\"><span style=\"font-family: Arial, serif;\"><span style=\"font-size: medium;\">Luis Wilches, representante estudiantil ante el Consejo Directivo, expres\u00f3 la frustraci\u00f3n de los estudiantes: \u201cHay d\u00edas que suspenden el agua, entonces no tenemos el recurso para la alimentaci\u00f3n y dem\u00e1s servicios. En la sede Ciudad Jard\u00edn, el ICBF tiene apropiado el restaurante y los estudiantes como tal no lo pueden ocupar\u201d. Los estudiantes sienten que sus derechos est\u00e1n siendo vulnerados, ya que la falta de agua afecta directamente su acceso a servicios b\u00e1sicos.<\/span><\/span><\/span><\/p><p class=\"western\" align=\"justify\"><span style=\"color: #000000;\"><span style=\"font-family: Arial, serif;\"><span style=\"font-size: medium;\">La comunidad educativa espera que esta marcha logre visibilizar su situaci\u00f3n y genere una respuesta concreta de las autoridades competentes para mejorar las condiciones de la instituci\u00f3n. La intervenci\u00f3n inmediata es crucial para asegurar un ambiente adecuado y seguro para la educaci\u00f3n de los estudiantes.<\/span><\/span><\/span><\/p>\t\t\t\t\t\t\t\t<\/div>\n\t\t\t\t<\/div>\n\t\t\t\t\t<\/div>\n\t\t<\/div>\n\t\t\t\t\t<\/div>\n\t\t<\/section>\n\t\t\t\t<\/div>\n\t\t","protected":false},"excerpt":{"rendered":"<p>Foto: Caracol El pr\u00f3ximo martes 28 de mayo a partir de las 8 a.m., los docentes y estudiantes<\/p>\n","protected":false},"author":1,"featured_media":19818,"comment_status":"open","ping_status":"open","sticky":false,"template":"","format":"image","meta":{"om_disable_all_campaigns":false,"_monsterinsights_skip_tracking":false,"_monsterinsights_sitenote_active":false,"_monsterinsights_sitenote_note":"","_monsterinsights_sitenote_category":0,"footnotes":""},"categories":[6],"tags":[10],"class_list":["post-19815","post","type-post","status-publish","format-image","has-post-thumbnail","hentry","category-tunja","tag-noticias","post_format-post-format-image"],"aioseo_notices":[],"_links":{"self":[{"href":"https:\/\/www.boyacaleinforma.com\/index.php?rest_route=\/wp\/v2\/posts\/19815","targetHints":{"allow":["GET"]}}],"collection":[{"href":"https:\/\/www.boyacaleinforma.com\/index.php?rest_route=\/wp\/v2\/posts"}],"about":[{"href":"https:\/\/www.boyacaleinforma.com\/index.php?rest_route=\/wp\/v2\/types\/post"}],"author":[{"embeddable":true,"href":"https:\/\/www.boyacaleinforma.com\/index.php?rest_route=\/wp\/v2\/users\/1"}],"replies":[{"embeddable":true,"href":"https:\/\/www.boyacaleinforma.com\/index.php?rest_route=%2Fwp%2Fv2%2Fcomments&post=19815"}],"version-history":[{"count":0,"href":"https:\/\/www.boyacaleinforma.com\/index.php?rest_route=\/wp\/v2\/posts\/19815\/revisions"}],"wp:featuredmedia":[{"embeddable":true,"href":"https:\/\/www.boyacaleinforma.com\/index.php?rest_route=\/wp\/v2\/media\/19818"}],"wp:attachment":[{"href":"https:\/\/www.boyacaleinforma.com\/index.php?rest_route=%2Fwp%2Fv2%2Fmedia&parent=19815"}],"wp:term":[{"taxonomy":"category","embeddable":true,"href":"https:\/\/www.boyacaleinforma.com\/index.php?rest_route=%2Fwp%2Fv2%2Fcategories&post=19815"},{"taxonomy":"post_tag","embeddable":true,"href":"https:\/\/www.boyacaleinforma.com\/index.php?rest_route=%2Fwp%2Fv2%2Ftags&post=19815"}],"curies":[{"name":"wp","href":"https:\/\/api.w.org\/{rel}","templated":true}]}}