{"id":19816,"date":"2024-05-22T09:39:36","date_gmt":"2024-05-22T14:39:36","guid":{"rendered":"https:\/\/www.boyacaleinforma.com\/?p=19816"},"modified":"2024-05-22T09:46:27","modified_gmt":"2024-05-22T14:46:27","slug":"fuga-de-dos-reclusos-en-caldas-boyaca-policia-activa-operativo-de-busqueda-copy-copy-copy-copy-copy-copy-copy","status":"publish","type":"post","link":"https:\/\/www.boyacaleinforma.com\/?p=19816","title":{"rendered":"Preocupaci\u00f3n por la inseguridad en Tunja: Un llamado a la acci\u00f3n coordinada"},"content":{"rendered":"\t\t<div data-elementor-type=\"wp-post\" data-elementor-id=\"19816\" class=\"elementor elementor-19816\" data-elementor-post-type=\"post\">\n\t\t\t\t\t\t<section class=\"elementor-section elementor-top-section elementor-element elementor-element-62b311ee elementor-section-boxed elementor-section-height-default elementor-section-height-default\" data-id=\"62b311ee\" data-element_type=\"section\" data-e-type=\"section\">\n\t\t\t\t\t\t<div class=\"elementor-container elementor-column-gap-default\">\n\t\t\t\t\t<div class=\"elementor-column elementor-col-100 elementor-top-column elementor-element elementor-element-22e424c5\" data-id=\"22e424c5\" data-element_type=\"column\" data-e-type=\"column\">\n\t\t\t<div class=\"elementor-widget-wrap elementor-element-populated\">\n\t\t\t\t\t\t<div class=\"elementor-element elementor-element-7799c32 elementor-widget elementor-widget-image\" data-id=\"7799c32\" data-element_type=\"widget\" data-e-type=\"widget\" data-widget_type=\"image.default\">\n\t\t\t\t<div class=\"elementor-widget-container\">\n\t\t\t\t\t\t\t\t\t\t\t\t<figure class=\"wp-caption\">\n\t\t\t\t\t\t\t\t\t\t<img loading=\"lazy\" width=\"640\" height=\"369\" src=\"https:\/\/www.boyacaleinforma.com\/wp-content\/uploads\/2024\/05\/uhn-2-768x443.jpg\" class=\"attachment-medium_large size-medium_large wp-image-19825\" alt=\"uhn\" srcset=\"https:\/\/www.boyacaleinforma.com\/wp-content\/uploads\/2024\/05\/uhn-2-768x443.jpg 768w, https:\/\/www.boyacaleinforma.com\/wp-content\/uploads\/2024\/05\/uhn-2-300x173.jpg 300w, https:\/\/www.boyacaleinforma.com\/wp-content\/uploads\/2024\/05\/uhn-2.jpg 867w\" sizes=\"auto, (max-width: 640px) 100vw, 640px\" loading=\"lazy\" decoding=\"async\" \/>\t\t\t\t\t\t\t\t\t\t\t<figcaption class=\"widget-image-caption wp-caption-text\">Foto: UHN<\/figcaption>\n\t\t\t\t\t\t\t\t\t\t<\/figure>\n\t\t\t\t\t\t\t\t\t<\/div>\n\t\t\t\t<\/div>\n\t\t\t\t<div class=\"elementor-element elementor-element-16316330 elementor-widget elementor-widget-text-editor\" data-id=\"16316330\" data-element_type=\"widget\" data-e-type=\"widget\" data-widget_type=\"text-editor.default\">\n\t\t\t\t<div class=\"elementor-widget-container\">\n\t\t\t\t\t\t\t\t\t<p class=\"western\" align=\"justify\"><span style=\"color: #000000;\"><span style=\"font-family: Arial, serif;\"><span style=\"font-size: medium;\">En medio de un clima creciente de inseguridad en las principales ciudades de Colombia, Pedro Jos\u00e9 Su\u00e1rez Vacca ha compartido su perspectiva sobre la situaci\u00f3n en el pa\u00eds y en Tunja. La inseguridad en los centros urbanos se ha intensificado notablemente, y ciudades como Bogot\u00e1 enfrentan una ola de delitos violentos, con atracos a mano armada y balaceras convirti\u00e9ndose en eventos cotidianos. Lamentablemente, Tunja no ha escapado a esta tendencia.<\/span><\/span><\/span><\/p><p class=\"western\" align=\"justify\"><span style=\"color: #000000;\"><span style=\"font-family: Arial, serif;\"><span style=\"font-size: medium;\">Su\u00e1rez Vacca ha se\u00f1alado la llegada de bandas criminales a Tunja, incluyendo distribuidores de estupefacientes y atracadores, quienes est\u00e1n generando un clima de inseguridad preocupante. A pesar de los esfuerzos de la Polic\u00eda Metropolitana, la situaci\u00f3n parece estar desbord\u00e1ndose. \u00abYo sigo confiando en que Tunja, siendo una ciudad intermedia, tenga la posibilidad con una coordinaci\u00f3n adecuada de las distintas autoridades policivas, administrativas y judiciales, se logre contrarrestar la ola de inseguridad que est\u00e1 llegando a nuestra ciudad\u00bb, declar\u00f3.<\/span><\/span><\/span><\/p><p class=\"western\" align=\"justify\"><span style=\"color: #000000;\"><span style=\"font-family: Arial, serif;\"><span style=\"font-size: medium;\">Un caso reciente que ha generado alarma es el del periodista Harry Arismendy, quien fue v\u00edctima de agresi\u00f3n tras denunciar a grupos delictivos en un medio alternativo. Este incidente subraya la necesidad urgente de articular acciones para recuperar la seguridad en Tunja. Su\u00e1rez Vacca subray\u00f3 la importancia de evitar la justicia por mano propia, ya que muchas de estas acciones son consideradas delitos seg\u00fan el c\u00f3digo penal. \u00abNo estoy de acuerdo con que el Estado se descargue de la responsabilidad de garantizar la seguridad de los colombianos, eso puede generar conflictos m\u00e1s graves\u00bb, advirti\u00f3.<\/span><\/span><\/span><\/p><p class=\"western\" align=\"justify\"><span style=\"color: #000000;\"><span style=\"font-family: Arial, serif;\"><span style=\"font-size: medium;\">Su\u00e1rez Vacca enfatiz\u00f3 que la responsabilidad de garantizar la seguridad debe recaer en el Estado, el cual debe empoderarse y tomar la iniciativa para que los ciudadanos puedan vivir en paz sin recurrir a la autodefensa. En relaci\u00f3n con la preocupaci\u00f3n por el posible traslado de delincuentes desde el pa\u00eds vecino, aclar\u00f3 que se trata de personas que cumplir\u00e1n sus penas en Colombia, y que esto no deber\u00eda ser motivo de alarma.<\/span><\/span><\/span><\/p><p class=\"western\" align=\"justify\"><span style=\"color: #000000;\"><span style=\"font-family: Arial, serif;\"><span style=\"font-size: medium;\">En un tono optimista, Su\u00e1rez Vacca expres\u00f3 su confianza en las medidas del gobierno actual para mejorar las condiciones socioecon\u00f3micas del pa\u00eds, generando empleo y abriendo oportunidades. \u00abEstoy seguro de que, en la medida en que este gobierno est\u00e9 tomando decisiones para mejorar las condiciones socioecon\u00f3micas de nuestro pa\u00eds, generando empleo, abriendo oportunidades, a partir de este a\u00f1o vamos a ver los primeros resultados y estamos seguros de que se van a disminuir esas tasas de criminalidad y Colombia va a tener unas mejores condiciones de dignidad de vida para todas y todos\u00bb, concluy\u00f3.<\/span><\/span><\/span><\/p><p class=\"western\" align=\"justify\"><span style=\"color: #000000;\"><span style=\"font-family: Arial, serif;\"><span style=\"font-size: medium;\">La comunidad de Tunja espera que las autoridades respondan con firmeza y coordinaci\u00f3n para contrarrestar la ola de inseguridad, asegurando un entorno m\u00e1s seguro y pac\u00edfico para todos sus habitantes.<\/span><\/span><\/span><\/p>\t\t\t\t\t\t\t\t<\/div>\n\t\t\t\t<\/div>\n\t\t\t\t\t<\/div>\n\t\t<\/div>\n\t\t\t\t\t<\/div>\n\t\t<\/section>\n\t\t\t\t<\/div>\n\t\t","protected":false},"excerpt":{"rendered":"<p>Foto: UHN En medio de un clima creciente de inseguridad en las principales ciudades de Colombia, Pedro Jos\u00e9<\/p>\n","protected":false},"author":1,"featured_media":19825,"comment_status":"open","ping_status":"open","sticky":false,"template":"","format":"image","meta":{"om_disable_all_campaigns":false,"_monsterinsights_skip_tracking":false,"_monsterinsights_sitenote_active":false,"_monsterinsights_sitenote_note":"","_monsterinsights_sitenote_category":0,"footnotes":""},"categories":[6],"tags":[10],"class_list":["post-19816","post","type-post","status-publish","format-image","has-post-thumbnail","hentry","category-tunja","tag-noticias","post_format-post-format-image"],"aioseo_notices":[],"_links":{"self":[{"href":"https:\/\/www.boyacaleinforma.com\/index.php?rest_route=\/wp\/v2\/posts\/19816","targetHints":{"allow":["GET"]}}],"collection":[{"href":"https:\/\/www.boyacaleinforma.com\/index.php?rest_route=\/wp\/v2\/posts"}],"about":[{"href":"https:\/\/www.boyacaleinforma.com\/index.php?rest_route=\/wp\/v2\/types\/post"}],"author":[{"embeddable":true,"href":"https:\/\/www.boyacaleinforma.com\/index.php?rest_route=\/wp\/v2\/users\/1"}],"replies":[{"embeddable":true,"href":"https:\/\/www.boyacaleinforma.com\/index.php?rest_route=%2Fwp%2Fv2%2Fcomments&post=19816"}],"version-history":[{"count":0,"href":"https:\/\/www.boyacaleinforma.com\/index.php?rest_route=\/wp\/v2\/posts\/19816\/revisions"}],"wp:featuredmedia":[{"embeddable":true,"href":"https:\/\/www.boyacaleinforma.com\/index.php?rest_route=\/wp\/v2\/media\/19825"}],"wp:attachment":[{"href":"https:\/\/www.boyacaleinforma.com\/index.php?rest_route=%2Fwp%2Fv2%2Fmedia&parent=19816"}],"wp:term":[{"taxonomy":"category","embeddable":true,"href":"https:\/\/www.boyacaleinforma.com\/index.php?rest_route=%2Fwp%2Fv2%2Fcategories&post=19816"},{"taxonomy":"post_tag","embeddable":true,"href":"https:\/\/www.boyacaleinforma.com\/index.php?rest_route=%2Fwp%2Fv2%2Ftags&post=19816"}],"curies":[{"name":"wp","href":"https:\/\/api.w.org\/{rel}","templated":true}]}}