{"id":19817,"date":"2024-05-22T09:39:46","date_gmt":"2024-05-22T14:39:46","guid":{"rendered":"https:\/\/www.boyacaleinforma.com\/?p=19817"},"modified":"2024-05-22T09:48:42","modified_gmt":"2024-05-22T14:48:42","slug":"fuga-de-dos-reclusos-en-caldas-boyaca-policia-activa-operativo-de-busqueda-copy-copy-copy-copy-copy-copy-copy-copy","status":"publish","type":"post","link":"https:\/\/www.boyacaleinforma.com\/?p=19817","title":{"rendered":"MinTIC inaugura Talento Tech en Boyac\u00e1: Formaci\u00f3n en inteligencia artificial y programaci\u00f3n para m\u00e1s de mil personas"},"content":{"rendered":"\t\t<div data-elementor-type=\"wp-post\" data-elementor-id=\"19817\" class=\"elementor elementor-19817\" data-elementor-post-type=\"post\">\n\t\t\t\t\t\t<section class=\"elementor-section elementor-top-section elementor-element elementor-element-62b311ee elementor-section-boxed elementor-section-height-default elementor-section-height-default\" data-id=\"62b311ee\" data-element_type=\"section\" data-e-type=\"section\">\n\t\t\t\t\t\t<div class=\"elementor-container elementor-column-gap-default\">\n\t\t\t\t\t<div class=\"elementor-column elementor-col-100 elementor-top-column elementor-element elementor-element-22e424c5\" data-id=\"22e424c5\" data-element_type=\"column\" data-e-type=\"column\">\n\t\t\t<div class=\"elementor-widget-wrap elementor-element-populated\">\n\t\t\t\t\t\t<div class=\"elementor-element elementor-element-7799c32 elementor-widget elementor-widget-image\" data-id=\"7799c32\" data-element_type=\"widget\" data-e-type=\"widget\" data-widget_type=\"image.default\">\n\t\t\t\t<div class=\"elementor-widget-container\">\n\t\t\t\t\t\t\t\t\t\t\t\t<figure class=\"wp-caption\">\n\t\t\t\t\t\t\t\t\t\t<img loading=\"lazy\" width=\"640\" height=\"284\" src=\"https:\/\/www.boyacaleinforma.com\/wp-content\/uploads\/2024\/05\/mintic-768x341.jpg\" class=\"attachment-medium_large size-medium_large wp-image-19823\" alt=\"mintic\" srcset=\"https:\/\/www.boyacaleinforma.com\/wp-content\/uploads\/2024\/05\/mintic-768x341.jpg 768w, https:\/\/www.boyacaleinforma.com\/wp-content\/uploads\/2024\/05\/mintic-300x133.jpg 300w, https:\/\/www.boyacaleinforma.com\/wp-content\/uploads\/2024\/05\/mintic.jpg 900w\" sizes=\"auto, (max-width: 640px) 100vw, 640px\" loading=\"lazy\" decoding=\"async\" \/>\t\t\t\t\t\t\t\t\t\t\t<figcaption class=\"widget-image-caption wp-caption-text\">Foto: MinTic<\/figcaption>\n\t\t\t\t\t\t\t\t\t\t<\/figure>\n\t\t\t\t\t\t\t\t\t<\/div>\n\t\t\t\t<\/div>\n\t\t\t\t<div class=\"elementor-element elementor-element-16316330 elementor-widget elementor-widget-text-editor\" data-id=\"16316330\" data-element_type=\"widget\" data-e-type=\"widget\" data-widget_type=\"text-editor.default\">\n\t\t\t\t<div class=\"elementor-widget-container\">\n\t\t\t\t\t\t\t\t\t<p class=\"western\" align=\"justify\"><span style=\"color: #000000;\"><span style=\"font-family: Arial, serif;\"><span style=\"font-size: medium;\">El Ministerio de Tecnolog\u00edas de la Informaci\u00f3n y las Comunicaciones (MinTIC) ha lanzado oficialmente el programa Talento Tech en Boyac\u00e1, un innovador esfuerzo educativo que ya est\u00e1 formando a 1.084 personas en \u00e1reas de vanguardia como inteligencia artificial, an\u00e1lisis de datos y programaci\u00f3n. Durante el evento de inauguraci\u00f3n en Tunja, el ministro TIC Mauricio Lizcano detall\u00f3 los alcances y objetivos de este ambicioso programa, que cuenta con una inversi\u00f3n nacional de $497.000 millones.<\/span><\/span><\/span><\/p><p class=\"western\" align=\"justify\"><span style=\"color: #000000;\"><span style=\"font-family: Arial, serif;\"><span style=\"font-size: medium;\">\u00abTalento Tech es una iniciativa dise\u00f1ada para transformar el panorama laboral colombiano mediante la capacitaci\u00f3n gratuita en habilidades digitales avanzadas\u00bb, explic\u00f3 Lizcano. \u00abEstamos utilizando la metodolog\u00eda de bootcamps, que son campamentos tecnol\u00f3gicos de aprendizaje intensivo y de corta duraci\u00f3n, para preparar a nuestros ciudadanos en las competencias del futuro\u00bb.<\/span><\/span><\/span><\/p><p class=\"western\" align=\"justify\"><span style=\"color: #000000;\"><span style=\"font-family: Arial, serif;\"><span style=\"font-size: medium;\">El programa Talento Tech se propone formar a 113.070 colombianos entre 2024 y 2026. En Boyac\u00e1, la primera cohorte ya cuenta con 1.084 estudiantes, de los cuales el 47% son mujeres y el 53% hombres. Estos participantes est\u00e1n recibiendo formaci\u00f3n en temas como arquitectura en la nube, inteligencia artificial, blockchain, an\u00e1lisis de datos y programaci\u00f3n en niveles inicial, intermedio y avanzado. Se espera que hasta 2026 se formen 3.208 boyacenses a trav\u00e9s de modalidades presencial, virtual e h\u00edbrida.<\/span><\/span><\/span><\/p><p class=\"western\" align=\"justify\"><span style=\"color: #000000;\"><span style=\"font-family: Arial, serif;\"><span style=\"font-size: medium;\">Uno de los aspectos m\u00e1s destacados de Talento Tech es su metodolog\u00eda bootcamp, que ofrece entrenamientos intensivos de 159 horas distribuidas en cuatro meses. Los participantes se benefician de cuatro componentes clave: t\u00e9cnico, habilidades blandas, proyectos pr\u00e1cticos y una ruta de empleabilidad que incluye jornadas, mentores, networking y un informe de empleabilidad.<\/span><\/span><\/span><\/p><p class=\"western\" align=\"justify\"><span style=\"color: #000000;\"><span style=\"font-family: Arial, serif;\"><span style=\"font-size: medium;\">Adem\u00e1s, Lizcano anunci\u00f3 que en los pr\u00f3ximos d\u00edas se conectar\u00e1n 41 escuelas de zonas rurales de 16 municipios de Boyac\u00e1 con Internet satelital, mejorando as\u00ed la conectividad y el acceso a recursos educativos en \u00e1reas remotas.<\/span><\/span><\/span><\/p><p class=\"western\" align=\"justify\"><span style=\"color: #000000;\"><span style=\"font-family: Arial, serif;\"><span style=\"font-size: medium;\">En otro importante anuncio, el ministro TIC adelant\u00f3 que pr\u00f3ximamente se firmar\u00e1 un convenio con la gobernaci\u00f3n de Boyac\u00e1 para desarrollar cien Comunidades de Conectividad en el departamento, con una inversi\u00f3n de $17.000 millones. \u00abSer\u00e1 el primero de este tipo en suscribirse con una gobernaci\u00f3n, y marca un paso crucial en nuestra misi\u00f3n de cerrar la brecha digital en el pa\u00eds\u00bb, afirm\u00f3 Lizcano.<\/span><\/span><\/span><\/p><p class=\"western\" align=\"justify\"><span style=\"color: #000000;\"><span style=\"font-family: Arial, serif;\"><span style=\"font-size: medium;\">El objetivo final de Talento Tech es posicionar a Colombia como una Potencia Digital, proporcionando a los ciudadanos las herramientas necesarias para competir en la econom\u00eda global. Pr\u00f3ximamente, MinTIC presentar\u00e1 las primeras cohortes de Talento Tech en Bogot\u00e1 y Cundinamarca, continuando as\u00ed su labor de formar a m\u00e1s colombianos en habilidades digitales.<\/span><\/span><\/span><\/p><p class=\"western\" align=\"justify\"><span style=\"color: #000000;\"><span style=\"font-family: Arial, serif;\"><span style=\"font-size: medium;\">Para aquellos interesados en unirse a este programa transformador, pueden inscribirse en https:\/\/talentotech.gov.co.<\/span><\/span><\/span><\/p><p class=\"western\" align=\"justify\"><span style=\"color: #000000;\"><span style=\"font-family: Arial, serif;\"><span style=\"font-size: medium;\">Este esfuerzo del MinTIC promete no solo mejorar las habilidades tecnol\u00f3gicas de los participantes, sino tambi\u00e9n contribuir al desarrollo econ\u00f3mico y social del pa\u00eds al fomentar una fuerza laboral m\u00e1s capacitada y competitiva.<\/span><\/span><\/span><\/p>\t\t\t\t\t\t\t\t<\/div>\n\t\t\t\t<\/div>\n\t\t\t\t\t<\/div>\n\t\t<\/div>\n\t\t\t\t\t<\/div>\n\t\t<\/section>\n\t\t\t\t<\/div>\n\t\t","protected":false},"excerpt":{"rendered":"<p>Foto: MinTic El Ministerio de Tecnolog\u00edas de la Informaci\u00f3n y las Comunicaciones (MinTIC) ha lanzado oficialmente el programa<\/p>\n","protected":false},"author":1,"featured_media":19823,"comment_status":"open","ping_status":"open","sticky":false,"template":"","format":"image","meta":{"om_disable_all_campaigns":false,"_monsterinsights_skip_tracking":false,"_monsterinsights_sitenote_active":false,"_monsterinsights_sitenote_note":"","_monsterinsights_sitenote_category":0,"footnotes":""},"categories":[5],"tags":[10],"class_list":["post-19817","post","type-post","status-publish","format-image","has-post-thumbnail","hentry","category-boyaca","tag-noticias","post_format-post-format-image"],"aioseo_notices":[],"_links":{"self":[{"href":"https:\/\/www.boyacaleinforma.com\/index.php?rest_route=\/wp\/v2\/posts\/19817","targetHints":{"allow":["GET"]}}],"collection":[{"href":"https:\/\/www.boyacaleinforma.com\/index.php?rest_route=\/wp\/v2\/posts"}],"about":[{"href":"https:\/\/www.boyacaleinforma.com\/index.php?rest_route=\/wp\/v2\/types\/post"}],"author":[{"embeddable":true,"href":"https:\/\/www.boyacaleinforma.com\/index.php?rest_route=\/wp\/v2\/users\/1"}],"replies":[{"embeddable":true,"href":"https:\/\/www.boyacaleinforma.com\/index.php?rest_route=%2Fwp%2Fv2%2Fcomments&post=19817"}],"version-history":[{"count":0,"href":"https:\/\/www.boyacaleinforma.com\/index.php?rest_route=\/wp\/v2\/posts\/19817\/revisions"}],"wp:featuredmedia":[{"embeddable":true,"href":"https:\/\/www.boyacaleinforma.com\/index.php?rest_route=\/wp\/v2\/media\/19823"}],"wp:attachment":[{"href":"https:\/\/www.boyacaleinforma.com\/index.php?rest_route=%2Fwp%2Fv2%2Fmedia&parent=19817"}],"wp:term":[{"taxonomy":"category","embeddable":true,"href":"https:\/\/www.boyacaleinforma.com\/index.php?rest_route=%2Fwp%2Fv2%2Fcategories&post=19817"},{"taxonomy":"post_tag","embeddable":true,"href":"https:\/\/www.boyacaleinforma.com\/index.php?rest_route=%2Fwp%2Fv2%2Ftags&post=19817"}],"curies":[{"name":"wp","href":"https:\/\/api.w.org\/{rel}","templated":true}]}}