{"id":19867,"date":"2024-05-23T08:26:59","date_gmt":"2024-05-23T13:26:59","guid":{"rendered":"https:\/\/www.boyacaleinforma.com\/?p=19867"},"modified":"2024-05-23T08:56:03","modified_gmt":"2024-05-23T13:56:03","slug":"mintic-inaugura-talento-tech-en-boyaca-formacion-en-inteligencia-artificial-y-programacion-para-mas-de-mil-personas-copy-copy","status":"publish","type":"post","link":"https:\/\/www.boyacaleinforma.com\/?p=19867","title":{"rendered":"Desaprovechamiento del Parque Agroalimentario de Tunja: Solo el 10% de su infraestructura est\u00e1 en uso"},"content":{"rendered":"\t\t<div data-elementor-type=\"wp-post\" data-elementor-id=\"19867\" class=\"elementor elementor-19867\" data-elementor-post-type=\"post\">\n\t\t\t\t\t\t<section class=\"elementor-section elementor-top-section elementor-element elementor-element-62b311ee elementor-section-boxed elementor-section-height-default elementor-section-height-default\" data-id=\"62b311ee\" data-element_type=\"section\" data-e-type=\"section\">\n\t\t\t\t\t\t<div class=\"elementor-container elementor-column-gap-default\">\n\t\t\t\t\t<div class=\"elementor-column elementor-col-100 elementor-top-column elementor-element elementor-element-22e424c5\" data-id=\"22e424c5\" data-element_type=\"column\" data-e-type=\"column\">\n\t\t\t<div class=\"elementor-widget-wrap elementor-element-populated\">\n\t\t\t\t\t\t<div class=\"elementor-element elementor-element-7799c32 elementor-widget elementor-widget-image\" data-id=\"7799c32\" data-element_type=\"widget\" data-e-type=\"widget\" data-widget_type=\"image.default\">\n\t\t\t\t<div class=\"elementor-widget-container\">\n\t\t\t\t\t\t\t\t\t\t\t\t<figure class=\"wp-caption\">\n\t\t\t\t\t\t\t\t\t\t<img loading=\"lazy\" width=\"640\" height=\"640\" src=\"https:\/\/www.boyacaleinforma.com\/wp-content\/uploads\/2024\/05\/caracol-radio-768x768.jpg\" class=\"attachment-medium_large size-medium_large wp-image-19874\" alt=\"caracol radio\" srcset=\"https:\/\/www.boyacaleinforma.com\/wp-content\/uploads\/2024\/05\/caracol-radio-768x768.jpg 768w, https:\/\/www.boyacaleinforma.com\/wp-content\/uploads\/2024\/05\/caracol-radio-300x300.jpg 300w, https:\/\/www.boyacaleinforma.com\/wp-content\/uploads\/2024\/05\/caracol-radio-150x150.jpg 150w, https:\/\/www.boyacaleinforma.com\/wp-content\/uploads\/2024\/05\/caracol-radio.jpg 800w\" sizes=\"auto, (max-width: 640px) 100vw, 640px\" loading=\"lazy\" decoding=\"async\" \/>\t\t\t\t\t\t\t\t\t\t\t<figcaption class=\"widget-image-caption wp-caption-text\">Foto: Caracol<\/figcaption>\n\t\t\t\t\t\t\t\t\t\t<\/figure>\n\t\t\t\t\t\t\t\t\t<\/div>\n\t\t\t\t<\/div>\n\t\t\t\t<div class=\"elementor-element elementor-element-16316330 elementor-widget elementor-widget-text-editor\" data-id=\"16316330\" data-element_type=\"widget\" data-e-type=\"widget\" data-widget_type=\"text-editor.default\">\n\t\t\t\t<div class=\"elementor-widget-container\">\n\t\t\t\t\t\t\t\t\t<p class=\"western\" align=\"justify\"><span style=\"font-family: Arial, serif;\"><span style=\"font-size: medium;\">A pesar de contar con una infraestructura moderna y costosa, el Parque Agroalimentario de Tunja, inaugurado en 2021, est\u00e1 siendo subutilizado. Solo el 10% de las instalaciones est\u00e1n en uso, dejando una inversi\u00f3n de 25.800 millones de pesos pr\u00e1cticamente abandonada.<\/span><\/span><\/p><p class=\"western\" align=\"justify\"><span style=\"font-family: Arial, serif;\"><span style=\"font-size: medium;\">El Parque Agroalimentario, conocido tambi\u00e9n como la Plaza de Mercado del Sur, cuenta con 28 bodegas, 121 m\u00f3dulos, un amplio parqueadero con capacidad para 300 veh\u00edculos y una extensi\u00f3n total de 21.000 metros cuadrados. Esta obra fue financiada por el Gobierno nacional, el departamental y la Alcald\u00eda de Tunja, con el objetivo de fortalecer el comercio de productos agropecuarios en la regi\u00f3n.<\/span><\/span><\/p><p class=\"western\" align=\"justify\"><span style=\"font-family: Arial, serif;\"><span style=\"font-size: medium;\">Sin embargo, tres a\u00f1os despu\u00e9s de su inauguraci\u00f3n, la realidad es que la infraestructura no est\u00e1 siendo utilizada por la mayor\u00eda de los comerciantes. La plaza es operada por la Concesi\u00f3n \u2018Tunja Productiva\u2019, que tambi\u00e9n gestiona otras plazas de mercado en la ciudad. Luis Alexander Rodr\u00edguez Aponte, administrador de la concesi\u00f3n, indic\u00f3 que actualmente solo se utiliza el 10% de la nueva infraestructura.<\/span><\/span><\/p><p class=\"western\" align=\"justify\"><span style=\"font-family: Arial, serif;\"><span style=\"font-size: medium;\">La concesi\u00f3n est\u00e1 implementando un plan para mejorar las condiciones de orden, seguridad y formalidad en la plaza. Rodr\u00edguez Aponte mencion\u00f3 que han solicitado a la Alcald\u00eda el traslado de comerciantes de l\u00edchigo al Parque Agroalimentario y la delimitaci\u00f3n de zonas espec\u00edficas para la comercializaci\u00f3n mayorista de cebolla y zanahoria, adem\u00e1s de reubicar a los comerciantes de papa que ya est\u00e1n en las nuevas instalaciones.<\/span><\/span><\/p><p class=\"western\" align=\"justify\"><span style=\"font-family: Arial, serif;\"><span style=\"font-size: medium;\">\u00abCon esta reorganizaci\u00f3n, podr\u00edamos tener tres de nuestros productos m\u00e1s importantes en \u00e1reas delimitadas y con mayor organizaci\u00f3n\u00bb, afirm\u00f3 Rodr\u00edguez Aponte. No obstante, aclar\u00f3 que la ejecuci\u00f3n de este plan depende de la voluntad y aceptaci\u00f3n de los comerciantes, ya que todas las decisiones se someten a votaci\u00f3n.<\/span><\/span><\/p><p class=\"western\" align=\"justify\"><span style=\"font-family: Arial, serif;\"><span style=\"font-size: medium;\">Uno de los desaf\u00edos que enfrenta la administraci\u00f3n es la preocupaci\u00f3n por las tarifas. Seg\u00fan Rodr\u00edguez, la concesi\u00f3n sigue las decisiones de la Alcald\u00eda de Tunja, que establece los costos. En la actualidad, los mayoristas pagan una tarifa mensual m\u00e1xima de 140.000 pesos, mientras que los minoristas pagan 13.000 pesos semanales. Cabe destacar que a los comerciantes de papa que ocupan las nuevas instalaciones no se les est\u00e1 cobrando actualmente.<\/span><\/span><\/p><p class=\"western\" align=\"justify\"><span style=\"font-family: Arial, serif;\"><span style=\"font-size: medium;\">A pesar de la moderna infraestructura, el entorno del Parque Agroalimentario presenta un panorama ca\u00f3tico: comercio informal invade los alrededores, las calles son intransitables debido a los veh\u00edculos estacionados de manera desordenada, y las \u00e1reas de gran inversi\u00f3n est\u00e1n abandonadas. La central de abastos recibe en promedio 600 veh\u00edculos al d\u00eda, lo que agrava a\u00fan m\u00e1s la situaci\u00f3n de desorden.<\/span><\/span><\/p><p class=\"western\" align=\"justify\"><span style=\"font-family: Arial, serif;\"><span style=\"font-size: medium;\">La subutilizaci\u00f3n del Parque Agroalimentario de Tunja representa un problema significativo para la ciudad, tanto en t\u00e9rminos de inversi\u00f3n p\u00fablica desaprovechada como de oportunidades perdidas para mejorar el comercio agropecuario local. La administraci\u00f3n de la plaza y las autoridades locales enfrentan el reto de reorganizar y revitalizar este espacio para que cumpla con el prop\u00f3sito para el cual fue creado.<\/span><\/span><\/p>\t\t\t\t\t\t\t\t<\/div>\n\t\t\t\t<\/div>\n\t\t\t\t\t<\/div>\n\t\t<\/div>\n\t\t\t\t\t<\/div>\n\t\t<\/section>\n\t\t\t\t<\/div>\n\t\t","protected":false},"excerpt":{"rendered":"<p>Foto: Caracol A pesar de contar con una infraestructura moderna y costosa, el Parque Agroalimentario de Tunja, inaugurado<\/p>\n","protected":false},"author":1,"featured_media":19874,"comment_status":"open","ping_status":"open","sticky":false,"template":"","format":"image","meta":{"om_disable_all_campaigns":false,"_monsterinsights_skip_tracking":false,"_monsterinsights_sitenote_active":false,"_monsterinsights_sitenote_note":"","_monsterinsights_sitenote_category":0,"footnotes":""},"categories":[6],"tags":[10],"class_list":["post-19867","post","type-post","status-publish","format-image","has-post-thumbnail","hentry","category-tunja","tag-noticias","post_format-post-format-image"],"aioseo_notices":[],"_links":{"self":[{"href":"https:\/\/www.boyacaleinforma.com\/index.php?rest_route=\/wp\/v2\/posts\/19867","targetHints":{"allow":["GET"]}}],"collection":[{"href":"https:\/\/www.boyacaleinforma.com\/index.php?rest_route=\/wp\/v2\/posts"}],"about":[{"href":"https:\/\/www.boyacaleinforma.com\/index.php?rest_route=\/wp\/v2\/types\/post"}],"author":[{"embeddable":true,"href":"https:\/\/www.boyacaleinforma.com\/index.php?rest_route=\/wp\/v2\/users\/1"}],"replies":[{"embeddable":true,"href":"https:\/\/www.boyacaleinforma.com\/index.php?rest_route=%2Fwp%2Fv2%2Fcomments&post=19867"}],"version-history":[{"count":0,"href":"https:\/\/www.boyacaleinforma.com\/index.php?rest_route=\/wp\/v2\/posts\/19867\/revisions"}],"wp:featuredmedia":[{"embeddable":true,"href":"https:\/\/www.boyacaleinforma.com\/index.php?rest_route=\/wp\/v2\/media\/19874"}],"wp:attachment":[{"href":"https:\/\/www.boyacaleinforma.com\/index.php?rest_route=%2Fwp%2Fv2%2Fmedia&parent=19867"}],"wp:term":[{"taxonomy":"category","embeddable":true,"href":"https:\/\/www.boyacaleinforma.com\/index.php?rest_route=%2Fwp%2Fv2%2Fcategories&post=19867"},{"taxonomy":"post_tag","embeddable":true,"href":"https:\/\/www.boyacaleinforma.com\/index.php?rest_route=%2Fwp%2Fv2%2Ftags&post=19867"}],"curies":[{"name":"wp","href":"https:\/\/api.w.org\/{rel}","templated":true}]}}