{"id":19869,"date":"2024-05-23T08:28:12","date_gmt":"2024-05-23T13:28:12","guid":{"rendered":"https:\/\/www.boyacaleinforma.com\/?p=19869"},"modified":"2024-05-23T08:49:09","modified_gmt":"2024-05-23T13:49:09","slug":"mintic-inaugura-talento-tech-en-boyaca-formacion-en-inteligencia-artificial-y-programacion-para-mas-de-mil-personas-copy-copy-copy-copy","status":"publish","type":"post","link":"https:\/\/www.boyacaleinforma.com\/?p=19869","title":{"rendered":"Encuentran a Lizeth Valeria en Boyac\u00e1, menor desaparecida desde marzo"},"content":{"rendered":"\t\t<div data-elementor-type=\"wp-post\" data-elementor-id=\"19869\" class=\"elementor elementor-19869\" data-elementor-post-type=\"post\">\n\t\t\t\t\t\t<section class=\"elementor-section elementor-top-section elementor-element elementor-element-62b311ee elementor-section-boxed elementor-section-height-default elementor-section-height-default\" data-id=\"62b311ee\" data-element_type=\"section\" data-e-type=\"section\">\n\t\t\t\t\t\t<div class=\"elementor-container elementor-column-gap-default\">\n\t\t\t\t\t<div class=\"elementor-column elementor-col-100 elementor-top-column elementor-element elementor-element-22e424c5\" data-id=\"22e424c5\" data-element_type=\"column\" data-e-type=\"column\">\n\t\t\t<div class=\"elementor-widget-wrap elementor-element-populated\">\n\t\t\t\t\t\t<div class=\"elementor-element elementor-element-7799c32 elementor-widget elementor-widget-image\" data-id=\"7799c32\" data-element_type=\"widget\" data-e-type=\"widget\" data-widget_type=\"image.default\">\n\t\t\t\t<div class=\"elementor-widget-container\">\n\t\t\t\t\t\t\t\t\t\t\t\t<figure class=\"wp-caption\">\n\t\t\t\t\t\t\t\t\t\t<img loading=\"lazy\" width=\"259\" height=\"194\" src=\"https:\/\/www.boyacaleinforma.com\/wp-content\/uploads\/2024\/05\/red-mas.jpg\" class=\"attachment-medium_large size-medium_large wp-image-19881\" alt=\"red mas\" loading=\"lazy\" decoding=\"async\" \/>\t\t\t\t\t\t\t\t\t\t\t<figcaption class=\"widget-image-caption wp-caption-text\">Foto: Red M\u00e1s<\/figcaption>\n\t\t\t\t\t\t\t\t\t\t<\/figure>\n\t\t\t\t\t\t\t\t\t<\/div>\n\t\t\t\t<\/div>\n\t\t\t\t<div class=\"elementor-element elementor-element-16316330 elementor-widget elementor-widget-text-editor\" data-id=\"16316330\" data-element_type=\"widget\" data-e-type=\"widget\" data-widget_type=\"text-editor.default\">\n\t\t\t\t<div class=\"elementor-widget-container\">\n\t\t\t\t\t\t\t\t\t<p class=\"western\" align=\"justify\"><span style=\"font-family: Arial, serif;\"><span style=\"font-size: medium;\">Despu\u00e9s de dos meses de intensa b\u00fasqueda, Lizeth Valeria, una menor de 13 a\u00f1os que hab\u00eda desaparecido en Tenjo, Cundinamarca, fue encontrada sana y salva en el departamento de Boyac\u00e1. La madre de la ni\u00f1a, Mary Luz Hern\u00e1ndez, expres\u00f3 su gratitud por el apoyo recibido durante este dif\u00edcil periodo.<\/span><\/span><\/p><p class=\"western\" align=\"justify\"><span style=\"font-family: Arial, serif;\"><span style=\"font-size: medium;\">La desaparici\u00f3n de Lizeth Valeria, ocurrida el 11 de marzo, conmocion\u00f3 a su familia y a la comunidad de Tenjo. La \u00faltima vez que fue vista, la menor llevaba puesta la sudadera de su colegio, lo que a\u00f1adi\u00f3 urgencia a la b\u00fasqueda. Desde ese momento, su madre, Mary Luz Hern\u00e1ndez, no ces\u00f3 en sus esfuerzos para localizarla, haciendo m\u00faltiples llamados a las autoridades y a la comunidad.<\/span><\/span><\/p><p class=\"western\" align=\"justify\"><span style=\"font-family: Arial, serif;\"><span style=\"font-size: medium;\">En di\u00e1logo con EL TIEMPO, Hern\u00e1ndez relat\u00f3 el alivio que sinti\u00f3 al saber que su hija estaba bien: \u00abEst\u00e1 sana y salva gracias a Dios. Qued\u00f3 en manos de la Comisar\u00eda mientras le restablecieron sus derechos. Ya est\u00e1 conmigo, tranquila\u00bb. Las autoridades ahora investigan las circunstancias de su desaparici\u00f3n y con qui\u00e9nes estuvo en Muzo, Boyac\u00e1.<\/span><\/span><\/p><p class=\"western\" align=\"justify\"><span style=\"font-family: Arial, serif;\"><span style=\"font-size: medium;\">Mary Luz Hern\u00e1ndez agradeci\u00f3 a todas las instituciones y personas que ayudaron en la b\u00fasqueda de su hija. Destac\u00f3 la importancia de la difusi\u00f3n del cartel de b\u00fasqueda, lo cual fue crucial para que la informaci\u00f3n llegara hasta Boyac\u00e1. \u00abFue de vital importancia para que la informaci\u00f3n llegara hasta el departamento de Boyac\u00e1. Si no hubiera sido as\u00ed, no hubiera sido f\u00e1cil que llegara a la persona que nos dio la informaci\u00f3n de su paradero\u00bb, coment\u00f3.<\/span><\/span><\/p><p class=\"western\" align=\"justify\"><span style=\"font-family: Arial, serif;\"><span style=\"font-size: medium;\">La madre de Lizeth tambi\u00e9n reconoci\u00f3 la suerte que tuvo al reencontrarse con su hija sana y salva, recordando que no todas las familias tienen el mismo desenlace: \u00abNo todas las mam\u00e1s tienen la fortuna que tengo yo de estar con mi hija y haberla encontrado sana y salva\u00bb, concluy\u00f3.<\/span><\/span><\/p><p class=\"western\" align=\"justify\"><span style=\"font-family: Arial, serif;\"><span style=\"font-size: medium;\">Las autoridades contin\u00faan las investigaciones para esclarecer todos los detalles de la desaparici\u00f3n de Lizeth Valeria y aseguran que seguir\u00e1n trabajando para proteger a los menores y brindar apoyo a las familias que pasan por situaciones similares.<\/span><\/span><\/p>\t\t\t\t\t\t\t\t<\/div>\n\t\t\t\t<\/div>\n\t\t\t\t\t<\/div>\n\t\t<\/div>\n\t\t\t\t\t<\/div>\n\t\t<\/section>\n\t\t\t\t<\/div>\n\t\t","protected":false},"excerpt":{"rendered":"<p>Foto: Red M\u00e1s Despu\u00e9s de dos meses de intensa b\u00fasqueda, Lizeth Valeria, una menor de 13 a\u00f1os que<\/p>\n","protected":false},"author":1,"featured_media":19881,"comment_status":"open","ping_status":"open","sticky":false,"template":"","format":"image","meta":{"om_disable_all_campaigns":false,"_monsterinsights_skip_tracking":false,"_monsterinsights_sitenote_active":false,"_monsterinsights_sitenote_note":"","_monsterinsights_sitenote_category":0,"footnotes":""},"categories":[8],"tags":[10],"class_list":["post-19869","post","type-post","status-publish","format-image","has-post-thumbnail","hentry","category-judicial","tag-noticias","post_format-post-format-image"],"aioseo_notices":[],"_links":{"self":[{"href":"https:\/\/www.boyacaleinforma.com\/index.php?rest_route=\/wp\/v2\/posts\/19869","targetHints":{"allow":["GET"]}}],"collection":[{"href":"https:\/\/www.boyacaleinforma.com\/index.php?rest_route=\/wp\/v2\/posts"}],"about":[{"href":"https:\/\/www.boyacaleinforma.com\/index.php?rest_route=\/wp\/v2\/types\/post"}],"author":[{"embeddable":true,"href":"https:\/\/www.boyacaleinforma.com\/index.php?rest_route=\/wp\/v2\/users\/1"}],"replies":[{"embeddable":true,"href":"https:\/\/www.boyacaleinforma.com\/index.php?rest_route=%2Fwp%2Fv2%2Fcomments&post=19869"}],"version-history":[{"count":0,"href":"https:\/\/www.boyacaleinforma.com\/index.php?rest_route=\/wp\/v2\/posts\/19869\/revisions"}],"wp:featuredmedia":[{"embeddable":true,"href":"https:\/\/www.boyacaleinforma.com\/index.php?rest_route=\/wp\/v2\/media\/19881"}],"wp:attachment":[{"href":"https:\/\/www.boyacaleinforma.com\/index.php?rest_route=%2Fwp%2Fv2%2Fmedia&parent=19869"}],"wp:term":[{"taxonomy":"category","embeddable":true,"href":"https:\/\/www.boyacaleinforma.com\/index.php?rest_route=%2Fwp%2Fv2%2Fcategories&post=19869"},{"taxonomy":"post_tag","embeddable":true,"href":"https:\/\/www.boyacaleinforma.com\/index.php?rest_route=%2Fwp%2Fv2%2Ftags&post=19869"}],"curies":[{"name":"wp","href":"https:\/\/api.w.org\/{rel}","templated":true}]}}