{"id":19872,"date":"2024-05-23T08:29:51","date_gmt":"2024-05-23T13:29:51","guid":{"rendered":"https:\/\/www.boyacaleinforma.com\/?p=19872"},"modified":"2024-05-23T08:52:14","modified_gmt":"2024-05-23T13:52:14","slug":"mintic-inaugura-talento-tech-en-boyaca-formacion-en-inteligencia-artificial-y-programacion-para-mas-de-mil-personas-copy-copy-copy-copy-copy-copy-copy","status":"publish","type":"post","link":"https:\/\/www.boyacaleinforma.com\/?p=19872","title":{"rendered":"Avanzan investigaciones sobre amenazas a funcionarios de la alcald\u00eda de Tunja"},"content":{"rendered":"\t\t<div data-elementor-type=\"wp-post\" data-elementor-id=\"19872\" class=\"elementor elementor-19872\" data-elementor-post-type=\"post\">\n\t\t\t\t\t\t<section class=\"elementor-section elementor-top-section elementor-element elementor-element-62b311ee elementor-section-boxed elementor-section-height-default elementor-section-height-default\" data-id=\"62b311ee\" data-element_type=\"section\" data-e-type=\"section\">\n\t\t\t\t\t\t<div class=\"elementor-container elementor-column-gap-default\">\n\t\t\t\t\t<div class=\"elementor-column elementor-col-100 elementor-top-column elementor-element elementor-element-22e424c5\" data-id=\"22e424c5\" data-element_type=\"column\" data-e-type=\"column\">\n\t\t\t<div class=\"elementor-widget-wrap elementor-element-populated\">\n\t\t\t\t\t\t<div class=\"elementor-element elementor-element-7799c32 elementor-widget elementor-widget-image\" data-id=\"7799c32\" data-element_type=\"widget\" data-e-type=\"widget\" data-widget_type=\"image.default\">\n\t\t\t\t<div class=\"elementor-widget-container\">\n\t\t\t\t\t\t\t\t\t\t\t\t<figure class=\"wp-caption\">\n\t\t\t\t\t\t\t\t\t\t<img loading=\"lazy\" width=\"640\" height=\"480\" src=\"https:\/\/www.boyacaleinforma.com\/wp-content\/uploads\/2024\/05\/caracol-3-768x576.jpeg\" class=\"attachment-medium_large size-medium_large wp-image-19875\" alt=\"caracol\" srcset=\"https:\/\/www.boyacaleinforma.com\/wp-content\/uploads\/2024\/05\/caracol-3-768x576.jpeg 768w, https:\/\/www.boyacaleinforma.com\/wp-content\/uploads\/2024\/05\/caracol-3-300x225.jpeg 300w, https:\/\/www.boyacaleinforma.com\/wp-content\/uploads\/2024\/05\/caracol-3-1024x768.jpeg 1024w, https:\/\/www.boyacaleinforma.com\/wp-content\/uploads\/2024\/05\/caracol-3-1536x1152.jpeg 1536w, https:\/\/www.boyacaleinforma.com\/wp-content\/uploads\/2024\/05\/caracol-3.jpeg 1600w\" sizes=\"auto, (max-width: 640px) 100vw, 640px\" loading=\"lazy\" decoding=\"async\" \/>\t\t\t\t\t\t\t\t\t\t\t<figcaption class=\"widget-image-caption wp-caption-text\">Foto: Caracol<\/figcaption>\n\t\t\t\t\t\t\t\t\t\t<\/figure>\n\t\t\t\t\t\t\t\t\t<\/div>\n\t\t\t\t<\/div>\n\t\t\t\t<div class=\"elementor-element elementor-element-16316330 elementor-widget elementor-widget-text-editor\" data-id=\"16316330\" data-element_type=\"widget\" data-e-type=\"widget\" data-widget_type=\"text-editor.default\">\n\t\t\t\t<div class=\"elementor-widget-container\">\n\t\t\t\t\t\t\t\t\t<p class=\"western\" align=\"justify\"><span style=\"font-family: Arial, serif;\"><span style=\"font-size: medium;\">En las \u00faltimas semanas, la alcald\u00eda de Tunja ha sido blanco de amenazas contra varios de sus funcionarios, generando una gran preocupaci\u00f3n entre la administraci\u00f3n municipal y las autoridades locales. En una reciente rueda de prensa, el alcalde Mikhail Krasnov se pronunci\u00f3 en\u00e9rgicamente sobre la situaci\u00f3n, asegurando que se tomar\u00e1n todas las medidas necesarias para proteger al personal.<\/span><\/span><\/p><p class=\"western\" align=\"justify\"><span style=\"font-family: Arial, serif;\"><span style=\"font-size: medium;\">\u00abNosotros no tenemos miedo, vamos a tomar todas las medidas necesarias para garantizar la seguridad de nuestro personal\u00bb, declar\u00f3 Krasnov, dejando claro que la administraci\u00f3n no se dejar\u00e1 intimidar por estos actos. Asimismo, inst\u00f3 a que, si las amenazas son dirigidas contra \u00e9l, se deje en paz a su equipo de trabajo.<\/span><\/span><\/p><p class=\"western\" align=\"justify\"><span style=\"font-family: Arial, serif;\"><span style=\"font-size: medium;\">El alcalde expres\u00f3 su repudio hacia estas pr\u00e1cticas intimidatorias, calific\u00e1ndolas de \u00abarcaicas\u00bb. \u00abRechazamos estos actos. Me parece muy arcaico, y ya que es parte de la costumbre sobrevivi\u00f3 en el pa\u00eds de hacer esa presi\u00f3n con amenazas, llamadas nocturnas, poner panfletos debajo de la puerta\u00bb, a\u00f1adi\u00f3 Krasnov, enfatizando que, pese a las amenazas, continuar\u00e1n trabajando con normalidad.<\/span><\/span><\/p><p class=\"western\" align=\"justify\"><span style=\"font-family: Arial, serif;\"><span style=\"font-size: medium;\">El coronel Marcos Forero, de la Polic\u00eda Metropolitana de Tunja, tambi\u00e9n se refiri\u00f3 a las acciones que se est\u00e1n tomando para garantizar la seguridad de los funcionarios amenazados. \u00abEstamos coordinando con todas las instituciones pertinentes para garantizar la seguridad y la integridad de los funcionarios amenazados\u00bb, asegur\u00f3.<\/span><\/span><\/p><p class=\"western\" align=\"justify\"><span style=\"font-family: Arial, serif;\"><span style=\"font-size: medium;\">Forero detall\u00f3 las medidas inmediatas que se han implementado: \u00abTenemos conocimiento por algunas publicaciones que se generaron en medios de prensa, tomamos la decisi\u00f3n inmediata de solicitar un consejo de seguridad para tratar el tema, teniendo en cuenta la gravedad de los hechos. As\u00ed mismo, con nuestra seccional de protecci\u00f3n se ordena tomar contacto con cada una de las personas afectadas con el fin de comenzar y dar inicio a la ruta de protecci\u00f3n\u00bb.<\/span><\/span><\/p><p class=\"western\" align=\"justify\"><span style=\"font-family: Arial, serif;\"><span style=\"font-size: medium;\">Adem\u00e1s, la Polic\u00eda Metropolitana ha intensificado los patrullajes, incluyendo rondas de vigilancia en las residencias de los funcionarios que han recibido amenazas, para asegurar su protecci\u00f3n y tranquilidad.<\/span><\/span><\/p><p class=\"western\" align=\"justify\"><span style=\"font-family: Arial, serif;\"><span style=\"font-size: medium;\">La administraci\u00f3n municipal y las autoridades de Tunja se mantienen firmes en su compromiso de salvaguardar a su equipo y continuar trabajando por el bienestar de la comunidad, sin dejarse amedrentar por actos de intimidaci\u00f3n. Las investigaciones siguen su curso para identificar a los responsables y llevarlos ante la justicia.<\/span><\/span><\/p>\t\t\t\t\t\t\t\t<\/div>\n\t\t\t\t<\/div>\n\t\t\t\t\t<\/div>\n\t\t<\/div>\n\t\t\t\t\t<\/div>\n\t\t<\/section>\n\t\t\t\t<\/div>\n\t\t","protected":false},"excerpt":{"rendered":"<p>Foto: Caracol En las \u00faltimas semanas, la alcald\u00eda de Tunja ha sido blanco de amenazas contra varios de<\/p>\n","protected":false},"author":1,"featured_media":19875,"comment_status":"open","ping_status":"open","sticky":false,"template":"","format":"image","meta":{"om_disable_all_campaigns":false,"_monsterinsights_skip_tracking":false,"_monsterinsights_sitenote_active":false,"_monsterinsights_sitenote_note":"","_monsterinsights_sitenote_category":0,"footnotes":""},"categories":[6],"tags":[10],"class_list":["post-19872","post","type-post","status-publish","format-image","has-post-thumbnail","hentry","category-tunja","tag-noticias","post_format-post-format-image"],"aioseo_notices":[],"_links":{"self":[{"href":"https:\/\/www.boyacaleinforma.com\/index.php?rest_route=\/wp\/v2\/posts\/19872","targetHints":{"allow":["GET"]}}],"collection":[{"href":"https:\/\/www.boyacaleinforma.com\/index.php?rest_route=\/wp\/v2\/posts"}],"about":[{"href":"https:\/\/www.boyacaleinforma.com\/index.php?rest_route=\/wp\/v2\/types\/post"}],"author":[{"embeddable":true,"href":"https:\/\/www.boyacaleinforma.com\/index.php?rest_route=\/wp\/v2\/users\/1"}],"replies":[{"embeddable":true,"href":"https:\/\/www.boyacaleinforma.com\/index.php?rest_route=%2Fwp%2Fv2%2Fcomments&post=19872"}],"version-history":[{"count":0,"href":"https:\/\/www.boyacaleinforma.com\/index.php?rest_route=\/wp\/v2\/posts\/19872\/revisions"}],"wp:featuredmedia":[{"embeddable":true,"href":"https:\/\/www.boyacaleinforma.com\/index.php?rest_route=\/wp\/v2\/media\/19875"}],"wp:attachment":[{"href":"https:\/\/www.boyacaleinforma.com\/index.php?rest_route=%2Fwp%2Fv2%2Fmedia&parent=19872"}],"wp:term":[{"taxonomy":"category","embeddable":true,"href":"https:\/\/www.boyacaleinforma.com\/index.php?rest_route=%2Fwp%2Fv2%2Fcategories&post=19872"},{"taxonomy":"post_tag","embeddable":true,"href":"https:\/\/www.boyacaleinforma.com\/index.php?rest_route=%2Fwp%2Fv2%2Ftags&post=19872"}],"curies":[{"name":"wp","href":"https:\/\/api.w.org\/{rel}","templated":true}]}}