{"id":19873,"date":"2024-05-23T08:30:20","date_gmt":"2024-05-23T13:30:20","guid":{"rendered":"https:\/\/www.boyacaleinforma.com\/?p=19873"},"modified":"2024-05-23T08:54:31","modified_gmt":"2024-05-23T13:54:31","slug":"mintic-inaugura-talento-tech-en-boyaca-formacion-en-inteligencia-artificial-y-programacion-para-mas-de-mil-personas-copy-copy-copy-copy-copy-copy-copy-copy","status":"publish","type":"post","link":"https:\/\/www.boyacaleinforma.com\/?p=19873","title":{"rendered":"Procuradora General anuncia acciones disciplinarias por crisis en el sistema de salud para maestros"},"content":{"rendered":"\t\t<div data-elementor-type=\"wp-post\" data-elementor-id=\"19873\" class=\"elementor elementor-19873\" data-elementor-post-type=\"post\">\n\t\t\t\t\t\t<section class=\"elementor-section elementor-top-section elementor-element elementor-element-62b311ee elementor-section-boxed elementor-section-height-default elementor-section-height-default\" data-id=\"62b311ee\" data-element_type=\"section\" data-e-type=\"section\">\n\t\t\t\t\t\t<div class=\"elementor-container elementor-column-gap-default\">\n\t\t\t\t\t<div class=\"elementor-column elementor-col-100 elementor-top-column elementor-element elementor-element-22e424c5\" data-id=\"22e424c5\" data-element_type=\"column\" data-e-type=\"column\">\n\t\t\t<div class=\"elementor-widget-wrap elementor-element-populated\">\n\t\t\t\t\t\t<div class=\"elementor-element elementor-element-7799c32 elementor-widget elementor-widget-image\" data-id=\"7799c32\" data-element_type=\"widget\" data-e-type=\"widget\" data-widget_type=\"image.default\">\n\t\t\t\t<div class=\"elementor-widget-container\">\n\t\t\t\t\t\t\t\t\t\t\t\t<figure class=\"wp-caption\">\n\t\t\t\t\t\t\t\t\t\t<img loading=\"lazy\" width=\"640\" height=\"320\" src=\"https:\/\/www.boyacaleinforma.com\/wp-content\/uploads\/2024\/05\/el-tiempo-7-768x384.jpeg\" class=\"attachment-medium_large size-medium_large wp-image-19877\" alt=\"el tiempo\" srcset=\"https:\/\/www.boyacaleinforma.com\/wp-content\/uploads\/2024\/05\/el-tiempo-7-768x384.jpeg 768w, https:\/\/www.boyacaleinforma.com\/wp-content\/uploads\/2024\/05\/el-tiempo-7-300x150.jpeg 300w, https:\/\/www.boyacaleinforma.com\/wp-content\/uploads\/2024\/05\/el-tiempo-7-1024x512.jpeg 1024w, https:\/\/www.boyacaleinforma.com\/wp-content\/uploads\/2024\/05\/el-tiempo-7.jpeg 1200w\" sizes=\"auto, (max-width: 640px) 100vw, 640px\" loading=\"lazy\" decoding=\"async\" \/>\t\t\t\t\t\t\t\t\t\t\t<figcaption class=\"widget-image-caption wp-caption-text\">Foto: El Tiempo<\/figcaption>\n\t\t\t\t\t\t\t\t\t\t<\/figure>\n\t\t\t\t\t\t\t\t\t<\/div>\n\t\t\t\t<\/div>\n\t\t\t\t<div class=\"elementor-element elementor-element-16316330 elementor-widget elementor-widget-text-editor\" data-id=\"16316330\" data-element_type=\"widget\" data-e-type=\"widget\" data-widget_type=\"text-editor.default\">\n\t\t\t\t<div class=\"elementor-widget-container\">\n\t\t\t\t\t\t\t\t\t<p class=\"western\" align=\"justify\"><span style=\"font-family: Arial, serif;\"><span style=\"font-size: medium;\">La Procuradora General de la Naci\u00f3n, Margarita Cabello Blanco, ha anunciado la apertura de acciones disciplinarias debido a las presuntas irregularidades en el cambio del sistema de salud para los maestros de Colombia. En su pronunciamiento, Cabello Blanco se\u00f1al\u00f3 que la improvisaci\u00f3n en la modificaci\u00f3n del modelo de atenci\u00f3n ha generado una crisis significativa.<\/span><\/span><\/p><p class=\"western\" align=\"justify\"><span style=\"font-family: Arial, serif;\"><span style=\"font-size: medium;\">\u00abEl remedio result\u00f3 peor que la enfermedad\u00bb, afirm\u00f3 la Procuradora, criticando duramente la manera en que se llev\u00f3 a cabo el cambio en el sistema de salud. La jefe del Ministerio P\u00fablico record\u00f3 que previamente se hab\u00edan transmitido al Gobierno Nacional varias inquietudes sobre c\u00f3mo se garantizar\u00eda la atenci\u00f3n m\u00e9dica, especialmente porque los contratos con los prestadores del servicio no hab\u00edan sido firmados.<\/span><\/span><\/p><p class=\"western\" align=\"justify\"><span style=\"font-family: Arial, serif;\"><span style=\"font-size: medium;\">La falta de estos contratos formales ha resultado en una grave situaci\u00f3n donde los proveedores de salud no tienen garant\u00edas de pago, lo que ha dejado a los maestros y a sus beneficiarios en una situaci\u00f3n de incertidumbre respecto a la atenci\u00f3n m\u00e9dica que recibir\u00e1n. La Procuradora subray\u00f3 que el riesgo de una crisis, advertido por el \u00f3rgano de control, se ha materializado, afectando directamente a miles de docentes y sus familias.<\/span><\/span><\/p><p class=\"western\" align=\"justify\"><span style=\"font-family: Arial, serif;\"><span style=\"font-size: medium;\">La crisis en el sistema de salud para maestros se ha convertido en un problema de gran magnitud, con m\u00faltiples quejas y denuncias sobre la calidad y disponibilidad del servicio. La Procuradur\u00eda General de la Naci\u00f3n ahora investigar\u00e1 las posibles faltas cometidas durante el proceso de cambio del modelo de atenci\u00f3n, buscando determinar responsabilidades y aplicar las sanciones correspondientes.<\/span><\/span><\/p><p class=\"western\" align=\"justify\"><span style=\"font-family: Arial, serif;\"><span style=\"font-size: medium;\">El anuncio de la Procuradora ha generado un amplio debate en el \u00e1mbito educativo y pol\u00edtico del pa\u00eds, con m\u00faltiples voces solicitando una pronta soluci\u00f3n que garantice la estabilidad y calidad del sistema de salud para los maestros. El Ministerio de Educaci\u00f3n y otras entidades gubernamentales a\u00fan no han emitido una respuesta oficial al anuncio de las acciones disciplinarias.<\/span><\/span><\/p><p class=\"western\" align=\"justify\"><span style=\"font-family: Arial, serif;\"><span style=\"font-size: medium;\">Con esta intervenci\u00f3n, la Procuradur\u00eda General de la Naci\u00f3n reafirma su compromiso de velar por la correcta administraci\u00f3n de los recursos p\u00fablicos y la protecci\u00f3n de los derechos de los ciudadanos, en este caso, los maestros que desempe\u00f1an un papel fundamental en la formaci\u00f3n de las futuras generaciones.<\/span><\/span><\/p>\t\t\t\t\t\t\t\t<\/div>\n\t\t\t\t<\/div>\n\t\t\t\t<div class=\"elementor-element elementor-element-842d2eb elementor-widget elementor-widget-video\" data-id=\"842d2eb\" data-element_type=\"widget\" data-e-type=\"widget\" data-settings=\"{&quot;youtube_url&quot;:&quot;https:\\\/\\\/youtu.be\\\/by8u7Wgyqns&quot;,&quot;video_type&quot;:&quot;youtube&quot;,&quot;controls&quot;:&quot;yes&quot;}\" data-widget_type=\"video.default\">\n\t\t\t\t<div class=\"elementor-widget-container\">\n\t\t\t\t\t\t\t<div class=\"elementor-wrapper elementor-open-inline\">\n\t\t\t<div class=\"elementor-video\"><\/div>\t\t<\/div>\n\t\t\t\t\t\t<\/div>\n\t\t\t\t<\/div>\n\t\t\t\t\t<\/div>\n\t\t<\/div>\n\t\t\t\t\t<\/div>\n\t\t<\/section>\n\t\t\t\t<\/div>\n\t\t","protected":false},"excerpt":{"rendered":"<p>Foto: El Tiempo La Procuradora General de la Naci\u00f3n, Margarita Cabello Blanco, ha anunciado la apertura de acciones<\/p>\n","protected":false},"author":1,"featured_media":19877,"comment_status":"open","ping_status":"open","sticky":false,"template":"","format":"image","meta":{"om_disable_all_campaigns":false,"_monsterinsights_skip_tracking":false,"_monsterinsights_sitenote_active":false,"_monsterinsights_sitenote_note":"","_monsterinsights_sitenote_category":0,"footnotes":""},"categories":[8],"tags":[10],"class_list":["post-19873","post","type-post","status-publish","format-image","has-post-thumbnail","hentry","category-judicial","tag-noticias","post_format-post-format-image"],"aioseo_notices":[],"_links":{"self":[{"href":"https:\/\/www.boyacaleinforma.com\/index.php?rest_route=\/wp\/v2\/posts\/19873","targetHints":{"allow":["GET"]}}],"collection":[{"href":"https:\/\/www.boyacaleinforma.com\/index.php?rest_route=\/wp\/v2\/posts"}],"about":[{"href":"https:\/\/www.boyacaleinforma.com\/index.php?rest_route=\/wp\/v2\/types\/post"}],"author":[{"embeddable":true,"href":"https:\/\/www.boyacaleinforma.com\/index.php?rest_route=\/wp\/v2\/users\/1"}],"replies":[{"embeddable":true,"href":"https:\/\/www.boyacaleinforma.com\/index.php?rest_route=%2Fwp%2Fv2%2Fcomments&post=19873"}],"version-history":[{"count":0,"href":"https:\/\/www.boyacaleinforma.com\/index.php?rest_route=\/wp\/v2\/posts\/19873\/revisions"}],"wp:featuredmedia":[{"embeddable":true,"href":"https:\/\/www.boyacaleinforma.com\/index.php?rest_route=\/wp\/v2\/media\/19877"}],"wp:attachment":[{"href":"https:\/\/www.boyacaleinforma.com\/index.php?rest_route=%2Fwp%2Fv2%2Fmedia&parent=19873"}],"wp:term":[{"taxonomy":"category","embeddable":true,"href":"https:\/\/www.boyacaleinforma.com\/index.php?rest_route=%2Fwp%2Fv2%2Fcategories&post=19873"},{"taxonomy":"post_tag","embeddable":true,"href":"https:\/\/www.boyacaleinforma.com\/index.php?rest_route=%2Fwp%2Fv2%2Ftags&post=19873"}],"curies":[{"name":"wp","href":"https:\/\/api.w.org\/{rel}","templated":true}]}}