{"id":19914,"date":"2024-05-23T21:25:39","date_gmt":"2024-05-24T02:25:39","guid":{"rendered":"https:\/\/www.boyacaleinforma.com\/?p=19914"},"modified":"2024-05-23T21:39:34","modified_gmt":"2024-05-24T02:39:34","slug":"avanzan-investigaciones-sobre-amenazas-a-funcionarios-de-la-alcaldia-de-tunja-copy","status":"publish","type":"post","link":"https:\/\/www.boyacaleinforma.com\/?p=19914","title":{"rendered":"Boyac\u00e1: Contrastes entre el progreso social y el estancamiento econ\u00f3mico"},"content":{"rendered":"\t\t<div data-elementor-type=\"wp-post\" data-elementor-id=\"19914\" class=\"elementor elementor-19914\" data-elementor-post-type=\"post\">\n\t\t\t\t\t\t<section class=\"elementor-section elementor-top-section elementor-element elementor-element-62b311ee elementor-section-boxed elementor-section-height-default elementor-section-height-default\" data-id=\"62b311ee\" data-element_type=\"section\" data-e-type=\"section\">\n\t\t\t\t\t\t<div class=\"elementor-container elementor-column-gap-default\">\n\t\t\t\t\t<div class=\"elementor-column elementor-col-100 elementor-top-column elementor-element elementor-element-22e424c5\" data-id=\"22e424c5\" data-element_type=\"column\" data-e-type=\"column\">\n\t\t\t<div class=\"elementor-widget-wrap elementor-element-populated\">\n\t\t\t\t\t\t<div class=\"elementor-element elementor-element-7799c32 elementor-widget elementor-widget-image\" data-id=\"7799c32\" data-element_type=\"widget\" data-e-type=\"widget\" data-widget_type=\"image.default\">\n\t\t\t\t<div class=\"elementor-widget-container\">\n\t\t\t\t\t\t\t\t\t\t\t\t<figure class=\"wp-caption\">\n\t\t\t\t\t\t\t\t\t\t<img loading=\"lazy\" width=\"244\" height=\"206\" src=\"https:\/\/www.boyacaleinforma.com\/wp-content\/uploads\/2024\/05\/scielo-colombia.jpg\" class=\"attachment-medium_large size-medium_large wp-image-19929\" alt=\"scielo colombia\" loading=\"lazy\" decoding=\"async\" \/>\t\t\t\t\t\t\t\t\t\t\t<figcaption class=\"widget-image-caption wp-caption-text\">Foto: Scielo Colombia<\/figcaption>\n\t\t\t\t\t\t\t\t\t\t<\/figure>\n\t\t\t\t\t\t\t\t\t<\/div>\n\t\t\t\t<\/div>\n\t\t\t\t<div class=\"elementor-element elementor-element-16316330 elementor-widget elementor-widget-text-editor\" data-id=\"16316330\" data-element_type=\"widget\" data-e-type=\"widget\" data-widget_type=\"text-editor.default\">\n\t\t\t\t<div class=\"elementor-widget-container\">\n\t\t\t\t\t\t\t\t\t<p class=\"western\" align=\"justify\"><span style=\"font-family: Arial, sans-serif;\"><span style=\"font-size: medium;\"><span style=\"color: #000000;\"><span style=\"font-family: Arial, serif;\">El Departamento Administrativo Nacional de Estad\u00edstica (DANE) ha publicado recientemente el informe sobre el Valor Agregado Municipal (VAM) correspondiente al a\u00f1o 2022, revelando que Boyac\u00e1 enfrenta una situaci\u00f3n parad\u00f3jica. Aunque los indicadores sociales han mejorado, la productividad econ\u00f3mica en varios municipios del departamento ha mostrado un preocupante descenso.<\/span><\/span><\/span><\/span><\/p><p class=\"western\" align=\"justify\"><span style=\"font-family: Arial, sans-serif;\"><span style=\"font-size: medium;\"><span style=\"color: #000000;\"><span style=\"font-family: Arial, serif;\">De acuerdo con los datos del VAM, Boyac\u00e1 produce un total de 36,111 miles de millones de pesos. Sin embargo, de los 200 municipios menos productivos de Colombia, 52 pertenecen a Boyac\u00e1. Esto subraya una tendencia de baja productividad que afecta a la regi\u00f3n. Entre los municipios m\u00e1s golpeados est\u00e1n Puerto Boyac\u00e1 y Duitama, que han visto una significativa p\u00e9rdida de importancia econ\u00f3mica en la \u00faltima d\u00e9cada, mientras que Tuta, Santamaria y Tiban\u00e1 se destacan como los m\u00e1s resilientes.<\/span><\/span><\/span><\/span><\/p><p class=\"western\" align=\"justify\"><span style=\"font-family: Arial, sans-serif;\"><span style=\"font-size: medium;\"><b><span style=\"color: #000000;\"><span style=\"font-family: Arial, serif;\">Disminuci\u00f3n en la Participaci\u00f3n Econ\u00f3mica de los Municipios Clave<\/span><\/span><\/b><\/span><\/span><\/p><p class=\"western\" align=\"justify\"><span style=\"font-family: Arial, sans-serif;\"><span style=\"font-size: medium;\"><span style=\"color: #000000;\"><span style=\"font-family: Arial, serif;\">Tunja, Sogamoso, Puerto Boyac\u00e1 y Duitama, las cuatro ciudades m\u00e1s importantes de Boyac\u00e1, han experimentado una disminuci\u00f3n en su participaci\u00f3n en el valor agregado departamental durante los \u00faltimos diez a\u00f1os. En 2013, Puerto Boyac\u00e1 aportaba el 16% del VAM, cifra que se ha reducido al 9.4% en 2022, debido a su dependencia de la extracci\u00f3n de petr\u00f3leo. En conjunto, estos municipios representan el 39.8% del VAM, una cifra que refleja su relevancia econ\u00f3mica, pero tambi\u00e9n su vulnerabilidad ante cambios sectoriales.<\/span><\/span><\/span><\/span><\/p><p class=\"western\" align=\"justify\"><span style=\"font-family: Arial, sans-serif;\"><span style=\"font-size: medium;\"><b><span style=\"color: #000000;\"><span style=\"font-family: Arial, serif;\">Evoluci\u00f3n Sectorial y Dependencia del Comercio<\/span><\/span><\/b><\/span><\/span><\/p><p class=\"western\" align=\"justify\"><span style=\"font-family: Arial, sans-serif;\"><span style=\"font-size: medium;\"><span style=\"color: #000000;\"><span style=\"font-family: Arial, serif;\">El an\u00e1lisis sectorial del VAM muestra que Boyac\u00e1 est\u00e1 cada vez m\u00e1s dependiente del comercio. En 2022, este sector represent\u00f3 el 54.6% de la producci\u00f3n del departamento, frente al 49.6% en 2011. Este cambio es especialmente evidente en Tunja, donde las actividades comerciales constituyen el 88.8% de la econom\u00eda local.<\/span><\/span><\/span><\/span><\/p><p class=\"western\" align=\"justify\"><span style=\"font-family: Arial, sans-serif;\"><span style=\"font-size: medium;\"><span style=\"color: #000000;\"><span style=\"font-family: Arial, serif;\">Por otro lado, Sogamoso destaca por su industria, manufactura y construcci\u00f3n, que constituyen el 32% de su VAM, aunque esta cifra ha disminuido desde el 41.3% en 2011. En contraste, el sector primario, incluyendo agricultura, ganader\u00eda y miner\u00eda, sigue siendo dominante en Puerto Boyac\u00e1.<\/span><\/span><\/span><\/span><\/p><p class=\"western\" align=\"justify\"><span style=\"font-family: Arial, sans-serif;\"><span style=\"font-size: medium;\"><b><span style=\"color: #000000;\"><span style=\"font-family: Arial, serif;\">Municipios en Ascenso y en Declive<\/span><\/span><\/b><\/span><\/span><\/p><p class=\"western\" align=\"justify\"><span style=\"font-family: Arial, sans-serif;\"><span style=\"font-size: medium;\"><span style=\"color: #000000;\"><span style=\"font-family: Arial, serif;\">A pesar de las dificultades, algunos municipios han mostrado mejoras significativas en su participaci\u00f3n econ\u00f3mica. Tuta, Santamaria, Tiban\u00e1, Tibasosa, Nobsa, Aquitania, Tunja y Sutamarch\u00e1n han incrementado su importancia econ\u00f3mica entre 2013 y 2022. Por otro lado, municipios como Puerto Boyac\u00e1, Duitama, Sogamoso, Corrales, Chita, Tenza, Paz del Rio y Guateque han visto una disminuci\u00f3n en su participaci\u00f3n.<\/span><\/span><\/span><\/span><\/p><p class=\"western\" align=\"justify\"><span style=\"font-family: Arial, sans-serif;\"><span style=\"font-size: medium;\"><b><span style=\"color: #000000;\"><span style=\"font-family: Arial, serif;\">Reflexiones y Necesidades Futuras<\/span><\/span><\/b><\/span><\/span><\/p><p class=\"western\" align=\"justify\"><span style=\"font-family: Arial, sans-serif;\"><span style=\"font-size: medium;\"><span style=\"color: #000000;\"><span style=\"font-family: Arial, serif;\">Carlos Mario Zuluaga, Vicecontralor en funciones de Contralor General de la Rep\u00fablica, destaca la necesidad de una gesti\u00f3n m\u00e1s eficiente de los recursos y pol\u00edticas h\u00eddricas para cerrar las brechas de acceso al agua potable, que tambi\u00e9n afectan la productividad econ\u00f3mica de la regi\u00f3n.<\/span><\/span><\/span><\/span><\/p><p class=\"western\" align=\"justify\"><span style=\"font-family: Arial, sans-serif;\"><span style=\"font-size: medium;\"><span style=\"color: #000000;\"><span style=\"font-family: Arial, serif;\">El informe del DANE plantea una reflexi\u00f3n urgente sobre la necesidad de diversificar y fortalecer la econom\u00eda de Boyac\u00e1. Los avances sociales no deben eclipsar las debilidades econ\u00f3micas que, de no ser abordadas, podr\u00edan comprometer el desarrollo sostenible de la regi\u00f3n.<\/span><\/span><\/span><\/span><\/p><p class=\"western\" align=\"justify\"><span style=\"font-family: Arial, sans-serif;\"><span style=\"font-size: medium;\"><span style=\"color: #000000;\"><span style=\"font-family: Arial, serif;\">En conclusi\u00f3n, Boyac\u00e1 enfrenta el desaf\u00edo de encontrar un equilibrio entre mejorar sus indicadores sociales y revitalizar su econom\u00eda, asegurando que el progreso llegue de manera equitativa a todos sus municipios.<\/span><\/span><\/span><\/span><\/p>\t\t\t\t\t\t\t\t<\/div>\n\t\t\t\t<\/div>\n\t\t\t\t\t<\/div>\n\t\t<\/div>\n\t\t\t\t\t<\/div>\n\t\t<\/section>\n\t\t\t\t<\/div>\n\t\t","protected":false},"excerpt":{"rendered":"<p>Foto: Scielo Colombia El Departamento Administrativo Nacional de Estad\u00edstica (DANE) ha publicado recientemente el informe sobre el Valor<\/p>\n","protected":false},"author":1,"featured_media":19929,"comment_status":"open","ping_status":"open","sticky":false,"template":"","format":"image","meta":{"om_disable_all_campaigns":false,"_monsterinsights_skip_tracking":false,"_monsterinsights_sitenote_active":false,"_monsterinsights_sitenote_note":"","_monsterinsights_sitenote_category":0,"footnotes":""},"categories":[5],"tags":[10],"class_list":["post-19914","post","type-post","status-publish","format-image","has-post-thumbnail","hentry","category-boyaca","tag-noticias","post_format-post-format-image"],"aioseo_notices":[],"_links":{"self":[{"href":"https:\/\/www.boyacaleinforma.com\/index.php?rest_route=\/wp\/v2\/posts\/19914","targetHints":{"allow":["GET"]}}],"collection":[{"href":"https:\/\/www.boyacaleinforma.com\/index.php?rest_route=\/wp\/v2\/posts"}],"about":[{"href":"https:\/\/www.boyacaleinforma.com\/index.php?rest_route=\/wp\/v2\/types\/post"}],"author":[{"embeddable":true,"href":"https:\/\/www.boyacaleinforma.com\/index.php?rest_route=\/wp\/v2\/users\/1"}],"replies":[{"embeddable":true,"href":"https:\/\/www.boyacaleinforma.com\/index.php?rest_route=%2Fwp%2Fv2%2Fcomments&post=19914"}],"version-history":[{"count":0,"href":"https:\/\/www.boyacaleinforma.com\/index.php?rest_route=\/wp\/v2\/posts\/19914\/revisions"}],"wp:featuredmedia":[{"embeddable":true,"href":"https:\/\/www.boyacaleinforma.com\/index.php?rest_route=\/wp\/v2\/media\/19929"}],"wp:attachment":[{"href":"https:\/\/www.boyacaleinforma.com\/index.php?rest_route=%2Fwp%2Fv2%2Fmedia&parent=19914"}],"wp:term":[{"taxonomy":"category","embeddable":true,"href":"https:\/\/www.boyacaleinforma.com\/index.php?rest_route=%2Fwp%2Fv2%2Fcategories&post=19914"},{"taxonomy":"post_tag","embeddable":true,"href":"https:\/\/www.boyacaleinforma.com\/index.php?rest_route=%2Fwp%2Fv2%2Ftags&post=19914"}],"curies":[{"name":"wp","href":"https:\/\/api.w.org\/{rel}","templated":true}]}}