{"id":19915,"date":"2024-05-23T21:25:51","date_gmt":"2024-05-24T02:25:51","guid":{"rendered":"https:\/\/www.boyacaleinforma.com\/?p=19915"},"modified":"2024-05-23T21:38:18","modified_gmt":"2024-05-24T02:38:18","slug":"avanzan-investigaciones-sobre-amenazas-a-funcionarios-de-la-alcaldia-de-tunja-copy-copy","status":"publish","type":"post","link":"https:\/\/www.boyacaleinforma.com\/?p=19915","title":{"rendered":"Control de la broca: Esfuerzos para proteger la caficultura colombiana"},"content":{"rendered":"\t\t<div data-elementor-type=\"wp-post\" data-elementor-id=\"19915\" class=\"elementor elementor-19915\" data-elementor-post-type=\"post\">\n\t\t\t\t\t\t<section class=\"elementor-section elementor-top-section elementor-element elementor-element-62b311ee elementor-section-boxed elementor-section-height-default elementor-section-height-default\" data-id=\"62b311ee\" data-element_type=\"section\" data-e-type=\"section\">\n\t\t\t\t\t\t<div class=\"elementor-container elementor-column-gap-default\">\n\t\t\t\t\t<div class=\"elementor-column elementor-col-100 elementor-top-column elementor-element elementor-element-22e424c5\" data-id=\"22e424c5\" data-element_type=\"column\" data-e-type=\"column\">\n\t\t\t<div class=\"elementor-widget-wrap elementor-element-populated\">\n\t\t\t\t\t\t<div class=\"elementor-element elementor-element-7799c32 elementor-widget elementor-widget-image\" data-id=\"7799c32\" data-element_type=\"widget\" data-e-type=\"widget\" data-widget_type=\"image.default\">\n\t\t\t\t<div class=\"elementor-widget-container\">\n\t\t\t\t\t\t\t\t\t\t\t\t<figure class=\"wp-caption\">\n\t\t\t\t\t\t\t\t\t\t<img loading=\"lazy\" width=\"640\" height=\"426\" src=\"https:\/\/www.boyacaleinforma.com\/wp-content\/uploads\/2024\/05\/coffee-media.jpg\" class=\"attachment-medium_large size-medium_large wp-image-19926\" alt=\"coffee media\" srcset=\"https:\/\/www.boyacaleinforma.com\/wp-content\/uploads\/2024\/05\/coffee-media.jpg 764w, https:\/\/www.boyacaleinforma.com\/wp-content\/uploads\/2024\/05\/coffee-media-300x200.jpg 300w\" sizes=\"auto, (max-width: 640px) 100vw, 640px\" loading=\"lazy\" decoding=\"async\" \/>\t\t\t\t\t\t\t\t\t\t\t<figcaption class=\"widget-image-caption wp-caption-text\">Foto: Archivo<\/figcaption>\n\t\t\t\t\t\t\t\t\t\t<\/figure>\n\t\t\t\t\t\t\t\t\t<\/div>\n\t\t\t\t<\/div>\n\t\t\t\t<div class=\"elementor-element elementor-element-16316330 elementor-widget elementor-widget-text-editor\" data-id=\"16316330\" data-element_type=\"widget\" data-e-type=\"widget\" data-widget_type=\"text-editor.default\">\n\t\t\t\t<div class=\"elementor-widget-container\">\n\t\t\t\t\t\t\t\t\t<p class=\"western\" align=\"justify\"><span style=\"font-family: Arial, sans-serif;\"><span style=\"font-size: medium;\"><span style=\"font-family: Arial, serif;\">La broca del caf\u00e9 sigue siendo una amenaza persistente para la caficultura colombiana, con un promedio de infestaci\u00f3n nacional del 3.3% en los lotes de caf\u00e9. Los departamentos de Antioquia, Boyac\u00e1, Caldas y Risaralda se enfrentan a niveles cr\u00edticos de da\u00f1o econ\u00f3mico debido a esta plaga, comprometiendo m\u00e1s de la mitad de su caficultura para la cosecha de mitaca.<\/span><\/span><\/span><\/p><p class=\"western\" align=\"justify\"><span style=\"font-family: Arial, sans-serif;\"><span style=\"font-size: medium;\">Seg\u00fan el bolet\u00edn #10 del primer trimestre de 2024 del Estado Fitosanitario de la Caficultura, publicado por la Federaci\u00f3n Nacional de Cafeteros de Colombia, se recomienda adelantar acciones de control en \u00e1reas con niveles de infestaci\u00f3n superiores al 5%. En los departamentos mencionados, entre el 41% y el 48% de los lotes presentan infestaciones inferiores al 2%, lo que subraya la necesidad urgente de medidas de control efectivas.<\/span><\/span><\/p><p class=\"western\" align=\"justify\"><span style=\"font-family: Arial, sans-serif;\"><span style=\"font-size: medium;\">En respuesta a esta problem\u00e1tica, el producto Incipio de Syngenta ha sido avalado por Cenicaf\u00e9 para el control de la broca. Incipio, con su nuevo ingrediente activo, ofrece un est\u00e1ndar elevado de control de plagas a bajas dosis, mejorando la productividad y la calidad de los cultivos. Su estabilidad a la luz del sol permite prolongar los intervalos de aplicaci\u00f3n, lo que resulta en un efecto residual confiable sobre las plagas.<\/span><\/span><\/p><p class=\"western\" align=\"justify\">\u201c<span style=\"font-family: Arial, sans-serif;\"><span style=\"font-size: medium;\">Incipio llega a posicionarse como una herramienta importante para muchos productores en sus programas de manejo de resistencia, ofreciendo un buen perfil de seguridad y sin restricciones por parte de las certificaciones\u201d, destac\u00f3 un representante de Syngenta. Adem\u00e1s, se ha demostrado que es seguro para la salud humana y el medio ambiente cuando se utiliza de acuerdo con las recomendaciones.<\/span><\/span><\/p><p class=\"western\" align=\"justify\"><span style=\"font-family: Arial, sans-serif;\"><span style=\"font-size: medium;\">Este producto no solo se utiliza en el cultivo del caf\u00e9, sino que tambi\u00e9n ha sido registrado y empleado en Colombia para controlar plagas en cultivos de tomate, c\u00edtricos y otros. Colombia se convierte as\u00ed en el tercer pa\u00eds en obtener el registro de Incipio, liderando su uso en estos cultivos espec\u00edficos.<\/span><\/span><\/p><p class=\"western\" align=\"justify\"><span style=\"font-family: Arial, sans-serif;\"><span style=\"font-size: medium;\">La introducci\u00f3n de Incipio representa un avance significativo en la lucha contra la broca, ofreciendo a los productores una soluci\u00f3n m\u00e1s eficaz y sostenible para proteger sus cultivos. La Federaci\u00f3n Nacional de Cafeteros y Syngenta contin\u00faan colaborando para desarrollar e implementar estrategias que salvaguarden la caficultura colombiana, vital para la econom\u00eda y la identidad cultural del pa\u00eds.<\/span><\/span><\/p>\t\t\t\t\t\t\t\t<\/div>\n\t\t\t\t<\/div>\n\t\t\t\t\t<\/div>\n\t\t<\/div>\n\t\t\t\t\t<\/div>\n\t\t<\/section>\n\t\t\t\t<\/div>\n\t\t","protected":false},"excerpt":{"rendered":"<p>Foto: Archivo La broca del caf\u00e9 sigue siendo una amenaza persistente para la caficultura colombiana, con un promedio<\/p>\n","protected":false},"author":1,"featured_media":19926,"comment_status":"open","ping_status":"open","sticky":false,"template":"","format":"image","meta":{"om_disable_all_campaigns":false,"_monsterinsights_skip_tracking":false,"_monsterinsights_sitenote_active":false,"_monsterinsights_sitenote_note":"","_monsterinsights_sitenote_category":0,"footnotes":""},"categories":[9],"tags":[10],"class_list":["post-19915","post","type-post","status-publish","format-image","has-post-thumbnail","hentry","category-colombia","tag-noticias","post_format-post-format-image"],"aioseo_notices":[],"_links":{"self":[{"href":"https:\/\/www.boyacaleinforma.com\/index.php?rest_route=\/wp\/v2\/posts\/19915","targetHints":{"allow":["GET"]}}],"collection":[{"href":"https:\/\/www.boyacaleinforma.com\/index.php?rest_route=\/wp\/v2\/posts"}],"about":[{"href":"https:\/\/www.boyacaleinforma.com\/index.php?rest_route=\/wp\/v2\/types\/post"}],"author":[{"embeddable":true,"href":"https:\/\/www.boyacaleinforma.com\/index.php?rest_route=\/wp\/v2\/users\/1"}],"replies":[{"embeddable":true,"href":"https:\/\/www.boyacaleinforma.com\/index.php?rest_route=%2Fwp%2Fv2%2Fcomments&post=19915"}],"version-history":[{"count":0,"href":"https:\/\/www.boyacaleinforma.com\/index.php?rest_route=\/wp\/v2\/posts\/19915\/revisions"}],"wp:featuredmedia":[{"embeddable":true,"href":"https:\/\/www.boyacaleinforma.com\/index.php?rest_route=\/wp\/v2\/media\/19926"}],"wp:attachment":[{"href":"https:\/\/www.boyacaleinforma.com\/index.php?rest_route=%2Fwp%2Fv2%2Fmedia&parent=19915"}],"wp:term":[{"taxonomy":"category","embeddable":true,"href":"https:\/\/www.boyacaleinforma.com\/index.php?rest_route=%2Fwp%2Fv2%2Fcategories&post=19915"},{"taxonomy":"post_tag","embeddable":true,"href":"https:\/\/www.boyacaleinforma.com\/index.php?rest_route=%2Fwp%2Fv2%2Ftags&post=19915"}],"curies":[{"name":"wp","href":"https:\/\/api.w.org\/{rel}","templated":true}]}}