{"id":20035,"date":"2024-05-27T20:59:59","date_gmt":"2024-05-28T01:59:59","guid":{"rendered":"https:\/\/www.boyacaleinforma.com\/?p=20035"},"modified":"2024-05-27T21:23:12","modified_gmt":"2024-05-28T02:23:12","slug":"belencito-y-bogota-se-preparan-para-la-renovacion-del-corredor-ferroviario-copy-copy","status":"publish","type":"post","link":"https:\/\/www.boyacaleinforma.com\/?p=20035","title":{"rendered":"Camacol: \u00abEl sector de la construcci\u00f3n resiste la coyuntura econ\u00f3mica sin un plan de reactivaci\u00f3n\u00bb"},"content":{"rendered":"\t\t<div data-elementor-type=\"wp-post\" data-elementor-id=\"20035\" class=\"elementor elementor-20035\" data-elementor-post-type=\"post\">\n\t\t\t\t\t\t<section class=\"elementor-section elementor-top-section elementor-element elementor-element-62b311ee elementor-section-boxed elementor-section-height-default elementor-section-height-default\" data-id=\"62b311ee\" data-element_type=\"section\" data-e-type=\"section\">\n\t\t\t\t\t\t<div class=\"elementor-container elementor-column-gap-default\">\n\t\t\t\t\t<div class=\"elementor-column elementor-col-100 elementor-top-column elementor-element elementor-element-22e424c5\" data-id=\"22e424c5\" data-element_type=\"column\" data-e-type=\"column\">\n\t\t\t<div class=\"elementor-widget-wrap elementor-element-populated\">\n\t\t\t\t\t\t<div class=\"elementor-element elementor-element-7799c32 elementor-widget elementor-widget-image\" data-id=\"7799c32\" data-element_type=\"widget\" data-e-type=\"widget\" data-widget_type=\"image.default\">\n\t\t\t\t<div class=\"elementor-widget-container\">\n\t\t\t\t\t\t\t\t\t\t\t\t<figure class=\"wp-caption\">\n\t\t\t\t\t\t\t\t\t\t<img loading=\"lazy\" width=\"640\" height=\"427\" src=\"https:\/\/www.boyacaleinforma.com\/wp-content\/uploads\/2024\/05\/BLOG-LEGIS-768x512.jpg\" class=\"attachment-medium_large size-medium_large wp-image-20086\" alt=\"BLOG LEGIS\" srcset=\"https:\/\/www.boyacaleinforma.com\/wp-content\/uploads\/2024\/05\/BLOG-LEGIS-768x512.jpg 768w, https:\/\/www.boyacaleinforma.com\/wp-content\/uploads\/2024\/05\/BLOG-LEGIS-300x200.jpg 300w, https:\/\/www.boyacaleinforma.com\/wp-content\/uploads\/2024\/05\/BLOG-LEGIS.jpg 900w\" sizes=\"auto, (max-width: 640px) 100vw, 640px\" loading=\"lazy\" decoding=\"async\" \/>\t\t\t\t\t\t\t\t\t\t\t<figcaption class=\"widget-image-caption wp-caption-text\">Foto: Blog Legis<\/figcaption>\n\t\t\t\t\t\t\t\t\t\t<\/figure>\n\t\t\t\t\t\t\t\t\t<\/div>\n\t\t\t\t<\/div>\n\t\t\t\t<div class=\"elementor-element elementor-element-16316330 elementor-widget elementor-widget-text-editor\" data-id=\"16316330\" data-element_type=\"widget\" data-e-type=\"widget\" data-widget_type=\"text-editor.default\">\n\t\t\t\t<div class=\"elementor-widget-container\">\n\t\t\t\t\t\t\t\t\t<p class=\"western\" align=\"justify\"><span style=\"font-family: Arial, sans-serif;\"><span style=\"font-size: medium;\"><span style=\"font-family: Arial, serif;\">El sector de la construcci\u00f3n en Colombia enfrenta una realidad desafiante sin precedentes en los \u00faltimos 15 a\u00f1os. Seg\u00fan datos presentados por la C\u00e1mara Colombiana de la Construcci\u00f3n (Camacol), las ventas de viviendas durante el primer trimestre de 2024 han alcanzado niveles alarmantemente bajos, reflejando una contracci\u00f3n significativa frente a a\u00f1os anteriores.<\/span><\/span><\/span><\/p><p class=\"western\" align=\"justify\"><span style=\"font-family: Arial, sans-serif;\"><span style=\"font-size: medium;\"><b>Ventas en Niveles Hist\u00f3ricamente Bajos<\/b><\/span><\/span><\/p><p class=\"western\" align=\"justify\"><span style=\"font-family: Arial, sans-serif;\"><span style=\"font-size: medium;\">El l\u00edder gremial, durante su intervenci\u00f3n, subray\u00f3 que el mercado de vivienda se ha reducido en un 30% comparado con el promedio de 2013-2019, y un 46% respecto a los niveles de 2021-2022. Las cifras del primer trimestre de 2024 muestran la venta de solo 10,500 viviendas, un valor inferior incluso al registrado durante la pandemia.<\/span><\/span><\/p><p class=\"western\" align=\"justify\"><span style=\"font-family: Arial, sans-serif;\"><span style=\"font-size: medium;\">La mayor preocupaci\u00f3n radica en el empleo, dado que los niveles de comercializaci\u00f3n y actividad actual se asemejan a los de 2011. Entre enero y marzo de 2024, las ventas de vivienda se contrajeron un 17.7% respecto al mismo periodo de 2023, con un total de 32,017 unidades comercializadas. Este desempe\u00f1o se suma al decrecimiento en los lanzamientos de nuevos proyectos (-34%) y las iniciaciones de obras (-26.7%).<\/span><\/span><\/p><p class=\"western\" align=\"justify\"><span style=\"font-family: Arial, sans-serif;\"><span style=\"font-size: medium;\"><b>Desaf\u00edos Macroecon\u00f3micos<\/b><\/span><\/span><\/p><p class=\"western\" align=\"justify\"><span style=\"font-family: Arial, sans-serif;\"><span style=\"font-size: medium;\">Alejandro Herrera, presidente de Camacol, se\u00f1al\u00f3 que la industria edificadora ha resistido los principales retos macroecon\u00f3micos, tales como la inflaci\u00f3n, los costos de construcci\u00f3n y las altas tasas de inter\u00e9s. Aunque estos factores est\u00e1n mejorando gradualmente, la incertidumbre persiste debido a la falta de un plan de reactivaci\u00f3n claro y la baja ejecuci\u00f3n presupuestal.<\/span><\/span><\/p><p class=\"western\" align=\"justify\"><span style=\"font-family: Arial, sans-serif;\"><span style=\"font-size: medium;\">Herrera indic\u00f3 que la inflaci\u00f3n y los costos de construcci\u00f3n de vivienda est\u00e1n disminuyendo de manera consistente. Adem\u00e1s, el Banco de la Rep\u00fablica ha reducido la tasa de pol\u00edtica monetaria desde diciembre de 2023, y las tasas hipotecarias han bajado en promedio 220 puntos b\u00e1sicos, situ\u00e1ndose por debajo del 14%.<\/span><\/span><\/p><p class=\"western\" align=\"justify\"><span style=\"font-family: Arial, sans-serif;\"><span style=\"font-size: medium;\"><b>Acciones para la Reactivaci\u00f3n<\/b><\/span><\/span><\/p><p class=\"western\" align=\"justify\"><span style=\"font-family: Arial, sans-serif;\"><span style=\"font-size: medium;\">Durante su discurso, Herrera present\u00f3 tres acciones clave para la reactivaci\u00f3n del sector, basadas en las evaluaciones de Camacol:<\/span><\/span><\/p><p class=\"western\" align=\"justify\"><span style=\"font-family: Arial, sans-serif;\"><span style=\"font-size: medium;\">Coordinaci\u00f3n para la Asignaci\u00f3n de Subsidios: Buscar mecanismos efectivos para la asignaci\u00f3n de subsidios por parte de las regiones.<\/span><\/span><\/p><p class=\"western\" align=\"justify\"><span style=\"font-family: Arial, sans-serif;\"><span style=\"font-size: medium;\">Implementaci\u00f3n del Plan de Reactivaci\u00f3n Nacional: Insistir en la necesidad de ejecutar el plan propuesto por el Gobierno Nacional, invirtiendo nuevos recursos para coberturas a la tasa de inter\u00e9s. Con un presupuesto cercano a $1 bill\u00f3n, se podr\u00edan movilizar recursos para 160 mil coberturas a la tasa para viviendas de inter\u00e9s social (VIS) y no VIS, apalancando ventas de $40 billones y generando alrededor de 275 mil empleos anuales.<\/span><\/span><\/p><p class=\"western\" align=\"justify\"><span style=\"font-family: Arial, sans-serif;\"><span style=\"font-size: medium;\">Mejora de la Ejecuci\u00f3n de Fonvivienda: Acelerar la ejecuci\u00f3n de Fonvivienda, que al 31 de marzo solo hab\u00eda alcanzado un 2%, y garantizar las coberturas a la tasa faltantes para los 50 mil subsidios de Mi Casa Ya.<\/span><\/span><\/p><p class=\"western\" align=\"justify\"><span style=\"font-family: Arial, sans-serif;\"><span style=\"font-size: medium;\">Compromiso con la Sostenibilidad<\/span><\/span><\/p><p class=\"western\" align=\"justify\"><span style=\"font-family: Arial, sans-serif;\"><span style=\"font-size: medium;\">Herrera tambi\u00e9n destac\u00f3 los esfuerzos de la industria en materia de sostenibilidad, donde Colombia se ha posicionado como l\u00edder en construcci\u00f3n verde certificada con EDGE, el sistema creado por la Corporaci\u00f3n Financiera Internacional (IFC) del Banco Mundial. Esta certificaci\u00f3n se otorga a edificaciones que cumplen con estrictos par\u00e1metros de ahorro en agua, energ\u00eda y materiales.<\/span><\/span><\/p><p class=\"western\" align=\"justify\"><span style=\"font-family: Arial, sans-serif;\"><span style=\"font-size: medium;\"><b>Un Reto y una Oportunidad<\/b><\/span><\/span><\/p><p class=\"western\" align=\"justify\"><span style=\"font-family: Arial, sans-serif;\"><span style=\"font-size: medium;\">Actualmente, Colombia vende 130 mil viviendas al a\u00f1o, mientras que la necesidad supera las 200 mil. Este desequilibrio representa un gran reto, pero tambi\u00e9n una oportunidad para generar empleo y crecimiento econ\u00f3mico, adem\u00e1s de reducir la informalidad y el d\u00e9ficit habitacional.<\/span><\/span><\/p><p class=\"western\" align=\"justify\"><span style=\"font-family: Arial, sans-serif;\"><span style=\"font-size: medium;\">En conclusi\u00f3n, aunque el sector de la construcci\u00f3n enfrenta desaf\u00edos significativos, las acciones propuestas por Camacol y los esfuerzos conjuntos de las entidades territoriales podr\u00edan marcar el inicio de una recuperaci\u00f3n sostenida, promoviendo un entorno m\u00e1s favorable para la actividad econ\u00f3mica y el desarrollo social en Colombia.<\/span><\/span><\/p>\t\t\t\t\t\t\t\t<\/div>\n\t\t\t\t<\/div>\n\t\t\t\t\t<\/div>\n\t\t<\/div>\n\t\t\t\t\t<\/div>\n\t\t<\/section>\n\t\t\t\t<\/div>\n\t\t","protected":false},"excerpt":{"rendered":"<p>Foto: Blog Legis El sector de la construcci\u00f3n en Colombia enfrenta una realidad desafiante sin precedentes en los<\/p>\n","protected":false},"author":1,"featured_media":20086,"comment_status":"open","ping_status":"open","sticky":false,"template":"","format":"image","meta":{"om_disable_all_campaigns":false,"_monsterinsights_skip_tracking":false,"_monsterinsights_sitenote_active":false,"_monsterinsights_sitenote_note":"","_monsterinsights_sitenote_category":0,"footnotes":""},"categories":[9],"tags":[10],"class_list":["post-20035","post","type-post","status-publish","format-image","has-post-thumbnail","hentry","category-colombia","tag-noticias","post_format-post-format-image"],"aioseo_notices":[],"_links":{"self":[{"href":"https:\/\/www.boyacaleinforma.com\/index.php?rest_route=\/wp\/v2\/posts\/20035","targetHints":{"allow":["GET"]}}],"collection":[{"href":"https:\/\/www.boyacaleinforma.com\/index.php?rest_route=\/wp\/v2\/posts"}],"about":[{"href":"https:\/\/www.boyacaleinforma.com\/index.php?rest_route=\/wp\/v2\/types\/post"}],"author":[{"embeddable":true,"href":"https:\/\/www.boyacaleinforma.com\/index.php?rest_route=\/wp\/v2\/users\/1"}],"replies":[{"embeddable":true,"href":"https:\/\/www.boyacaleinforma.com\/index.php?rest_route=%2Fwp%2Fv2%2Fcomments&post=20035"}],"version-history":[{"count":0,"href":"https:\/\/www.boyacaleinforma.com\/index.php?rest_route=\/wp\/v2\/posts\/20035\/revisions"}],"wp:featuredmedia":[{"embeddable":true,"href":"https:\/\/www.boyacaleinforma.com\/index.php?rest_route=\/wp\/v2\/media\/20086"}],"wp:attachment":[{"href":"https:\/\/www.boyacaleinforma.com\/index.php?rest_route=%2Fwp%2Fv2%2Fmedia&parent=20035"}],"wp:term":[{"taxonomy":"category","embeddable":true,"href":"https:\/\/www.boyacaleinforma.com\/index.php?rest_route=%2Fwp%2Fv2%2Fcategories&post=20035"},{"taxonomy":"post_tag","embeddable":true,"href":"https:\/\/www.boyacaleinforma.com\/index.php?rest_route=%2Fwp%2Fv2%2Ftags&post=20035"}],"curies":[{"name":"wp","href":"https:\/\/api.w.org\/{rel}","templated":true}]}}