{"id":20037,"date":"2024-05-27T21:00:20","date_gmt":"2024-05-28T02:00:20","guid":{"rendered":"https:\/\/www.boyacaleinforma.com\/?p=20037"},"modified":"2024-05-27T21:07:40","modified_gmt":"2024-05-28T02:07:40","slug":"belencito-y-bogota-se-preparan-para-la-renovacion-del-corredor-ferroviario-copy-copy-copy-copy","status":"publish","type":"post","link":"https:\/\/www.boyacaleinforma.com\/?p=20037","title":{"rendered":"Buchmann y BORA-hansgrohe en disputa: Desacuerdo por la selecci\u00f3n del Giro de Italia"},"content":{"rendered":"\t\t<div data-elementor-type=\"wp-post\" data-elementor-id=\"20037\" class=\"elementor elementor-20037\" data-elementor-post-type=\"post\">\n\t\t\t\t\t\t<section class=\"elementor-section elementor-top-section elementor-element elementor-element-62b311ee elementor-section-boxed elementor-section-height-default elementor-section-height-default\" data-id=\"62b311ee\" data-element_type=\"section\" data-e-type=\"section\">\n\t\t\t\t\t\t<div class=\"elementor-container elementor-column-gap-default\">\n\t\t\t\t\t<div class=\"elementor-column elementor-col-100 elementor-top-column elementor-element elementor-element-22e424c5\" data-id=\"22e424c5\" data-element_type=\"column\" data-e-type=\"column\">\n\t\t\t<div class=\"elementor-widget-wrap elementor-element-populated\">\n\t\t\t\t\t\t<div class=\"elementor-element elementor-element-7799c32 elementor-widget elementor-widget-image\" data-id=\"7799c32\" data-element_type=\"widget\" data-e-type=\"widget\" data-widget_type=\"image.default\">\n\t\t\t\t<div class=\"elementor-widget-container\">\n\t\t\t\t\t\t\t\t\t\t\t\t<figure class=\"wp-caption\">\n\t\t\t\t\t\t\t\t\t\t<img loading=\"lazy\" width=\"640\" height=\"360\" src=\"https:\/\/www.boyacaleinforma.com\/wp-content\/uploads\/2024\/05\/eurosport-768x432.jpg\" class=\"attachment-medium_large size-medium_large wp-image-20053\" alt=\"eurosport\" srcset=\"https:\/\/www.boyacaleinforma.com\/wp-content\/uploads\/2024\/05\/eurosport-768x432.jpg 768w, https:\/\/www.boyacaleinforma.com\/wp-content\/uploads\/2024\/05\/eurosport-300x169.jpg 300w, https:\/\/www.boyacaleinforma.com\/wp-content\/uploads\/2024\/05\/eurosport-1024x576.jpg 1024w, https:\/\/www.boyacaleinforma.com\/wp-content\/uploads\/2024\/05\/eurosport-1536x864.jpg 1536w, https:\/\/www.boyacaleinforma.com\/wp-content\/uploads\/2024\/05\/eurosport-2048x1152.jpg 2048w\" sizes=\"auto, (max-width: 640px) 100vw, 640px\" loading=\"lazy\" decoding=\"async\" \/>\t\t\t\t\t\t\t\t\t\t\t<figcaption class=\"widget-image-caption wp-caption-text\">Foto: Eurosport<\/figcaption>\n\t\t\t\t\t\t\t\t\t\t<\/figure>\n\t\t\t\t\t\t\t\t\t<\/div>\n\t\t\t\t<\/div>\n\t\t\t\t<div class=\"elementor-element elementor-element-16316330 elementor-widget elementor-widget-text-editor\" data-id=\"16316330\" data-element_type=\"widget\" data-e-type=\"widget\" data-widget_type=\"text-editor.default\">\n\t\t\t\t<div class=\"elementor-widget-container\">\n\t\t\t\t\t\t\t\t\t<p class=\"western\" align=\"justify\"><span style=\"font-family: Arial, sans-serif;\"><span style=\"font-size: medium;\"><span style=\"font-family: Arial, serif;\">La tensi\u00f3n entre Emanuel Buchmann y su equipo, BORA-hansgrohe, ha llegado a un punto cr\u00edtico tras la exclusi\u00f3n del corredor alem\u00e1n del reciente Giro de Italia. La controversia estall\u00f3 cuando BORA anunci\u00f3 su selecci\u00f3n para la prestigiosa carrera, nombrando a Dani Mart\u00ednez como l\u00edder y dejando fuera a Buchmann, lo que provoc\u00f3 una reacci\u00f3n furiosa por parte del ciclista en redes sociales.<\/span><\/span><\/span><\/p><p class=\"western\" align=\"justify\"><span style=\"font-family: Arial, sans-serif;\"><span style=\"font-size: medium;\">El m\u00e1nager de BORA-hansgrohe, Ralph Denk, se pronunci\u00f3 al respecto en una entrevista con Eurosport, explicando que la ausencia de Buchmann fue producto de un malentendido. \u201cFue un malentendido de su parte, porque nosotros le dejamos claro que s\u00ed iba a ir al Giro, pero que ser\u00eda gregario\u201d, declar\u00f3 Denk. A pesar de esta aclaraci\u00f3n, Buchmann expres\u00f3 su descontento y su deseo de no seguir corriendo para el equipo.<\/span><\/span><\/p><p class=\"western\" align=\"justify\"><span style=\"font-family: Arial, sans-serif;\"><span style=\"font-size: medium;\">La situaci\u00f3n se agrav\u00f3 cuando Denk revel\u00f3 que Buchmann no le comunic\u00f3 directamente su decisi\u00f3n de dejar el equipo, sino que la informaci\u00f3n le lleg\u00f3 por otros medios. \u201c\u00c9l ya no quiere correr para nosotros, no me lo dijo directamente pero me hizo llegar la informaci\u00f3n\u201d, a\u00f1adi\u00f3 el m\u00e1nager.<\/span><\/span><\/p><p class=\"western\" align=\"justify\"><span style=\"font-family: Arial, sans-serif;\"><span style=\"font-size: medium;\">A pesar del conflicto, Denk afirm\u00f3 que el equipo manejar\u00e1 la situaci\u00f3n de manera profesional y que Buchmann seguir\u00e1 teniendo oportunidades de competir. \u201cHaremos esto profesionalmente, \u00e9l tendr\u00e1 oportunidades de correr, estamos agradecidos por todo lo que hizo y consigui\u00f3 para este equipo\u201d, concluy\u00f3 Denk.<\/span><\/span><\/p><p class=\"western\" align=\"justify\"><span style=\"font-family: Arial, sans-serif;\"><span style=\"font-size: medium;\">Esta discordia interna ha captado la atenci\u00f3n del mundo del ciclismo, generando especulaciones sobre el futuro de Buchmann y su relaci\u00f3n con BORA-hansgrohe. El corredor, quien ha sido una pieza clave para el equipo, especialmente en las grandes vueltas, se encuentra ahora en una encrucijada, y su pr\u00f3ximo paso es incierto.<\/span><\/span><\/p><p class=\"western\" align=\"justify\"><span style=\"font-family: Arial, sans-serif;\"><span style=\"font-size: medium;\">Mientras tanto, los aficionados y expertos en ciclismo estar\u00e1n atentos a las pr\u00f3ximas declaraciones y movimientos de ambas partes, esperando una resoluci\u00f3n que beneficie tanto al corredor como al equipo. La situaci\u00f3n plantea una reflexi\u00f3n sobre la comunicaci\u00f3n y las expectativas dentro de los equipos profesionales, resaltando la importancia de una gesti\u00f3n clara y efectiva en un deporte tan exigente como el ciclismo.<\/span><\/span><\/p>\t\t\t\t\t\t\t\t<\/div>\n\t\t\t\t<\/div>\n\t\t\t\t\t<\/div>\n\t\t<\/div>\n\t\t\t\t\t<\/div>\n\t\t<\/section>\n\t\t\t\t<\/div>\n\t\t","protected":false},"excerpt":{"rendered":"<p>Foto: Eurosport La tensi\u00f3n entre Emanuel Buchmann y su equipo, BORA-hansgrohe, ha llegado a un punto cr\u00edtico tras<\/p>\n","protected":false},"author":1,"featured_media":20053,"comment_status":"open","ping_status":"open","sticky":false,"template":"","format":"image","meta":{"om_disable_all_campaigns":false,"_monsterinsights_skip_tracking":false,"_monsterinsights_sitenote_active":false,"_monsterinsights_sitenote_note":"","_monsterinsights_sitenote_category":0,"footnotes":""},"categories":[7],"tags":[10],"class_list":["post-20037","post","type-post","status-publish","format-image","has-post-thumbnail","hentry","category-deportes","tag-noticias","post_format-post-format-image"],"aioseo_notices":[],"_links":{"self":[{"href":"https:\/\/www.boyacaleinforma.com\/index.php?rest_route=\/wp\/v2\/posts\/20037","targetHints":{"allow":["GET"]}}],"collection":[{"href":"https:\/\/www.boyacaleinforma.com\/index.php?rest_route=\/wp\/v2\/posts"}],"about":[{"href":"https:\/\/www.boyacaleinforma.com\/index.php?rest_route=\/wp\/v2\/types\/post"}],"author":[{"embeddable":true,"href":"https:\/\/www.boyacaleinforma.com\/index.php?rest_route=\/wp\/v2\/users\/1"}],"replies":[{"embeddable":true,"href":"https:\/\/www.boyacaleinforma.com\/index.php?rest_route=%2Fwp%2Fv2%2Fcomments&post=20037"}],"version-history":[{"count":0,"href":"https:\/\/www.boyacaleinforma.com\/index.php?rest_route=\/wp\/v2\/posts\/20037\/revisions"}],"wp:featuredmedia":[{"embeddable":true,"href":"https:\/\/www.boyacaleinforma.com\/index.php?rest_route=\/wp\/v2\/media\/20053"}],"wp:attachment":[{"href":"https:\/\/www.boyacaleinforma.com\/index.php?rest_route=%2Fwp%2Fv2%2Fmedia&parent=20037"}],"wp:term":[{"taxonomy":"category","embeddable":true,"href":"https:\/\/www.boyacaleinforma.com\/index.php?rest_route=%2Fwp%2Fv2%2Fcategories&post=20037"},{"taxonomy":"post_tag","embeddable":true,"href":"https:\/\/www.boyacaleinforma.com\/index.php?rest_route=%2Fwp%2Fv2%2Ftags&post=20037"}],"curies":[{"name":"wp","href":"https:\/\/api.w.org\/{rel}","templated":true}]}}