{"id":21025,"date":"2024-06-21T09:08:30","date_gmt":"2024-06-21T14:08:30","guid":{"rendered":"https:\/\/www.boyacaleinforma.com\/?p=21025"},"modified":"2024-06-21T09:09:44","modified_gmt":"2024-06-21T14:09:44","slug":"vincenzo-nibali-pogacar-esta-por-encima-de-sus-rivales-en-el-tour-de-francia-copy-copy-copy","status":"publish","type":"post","link":"https:\/\/www.boyacaleinforma.com\/?p=21025","title":{"rendered":"\u00a1Hist\u00f3rico! Radamel Falcao se une a Millonarios: un sue\u00f1o hecho realidad"},"content":{"rendered":"\t\t<div data-elementor-type=\"wp-post\" data-elementor-id=\"21025\" class=\"elementor elementor-21025\" data-elementor-post-type=\"post\">\n\t\t\t\t\t\t<section class=\"elementor-section elementor-top-section elementor-element elementor-element-62b311ee elementor-section-boxed elementor-section-height-default elementor-section-height-default\" data-id=\"62b311ee\" data-element_type=\"section\" data-e-type=\"section\">\n\t\t\t\t\t\t<div class=\"elementor-container elementor-column-gap-default\">\n\t\t\t\t\t<div class=\"elementor-column elementor-col-100 elementor-top-column elementor-element elementor-element-22e424c5\" data-id=\"22e424c5\" data-element_type=\"column\" data-e-type=\"column\">\n\t\t\t<div class=\"elementor-widget-wrap elementor-element-populated\">\n\t\t\t\t\t\t<div class=\"elementor-element elementor-element-7799c32 elementor-widget elementor-widget-image\" data-id=\"7799c32\" data-element_type=\"widget\" data-e-type=\"widget\" data-widget_type=\"image.default\">\n\t\t\t\t<div class=\"elementor-widget-container\">\n\t\t\t\t\t\t\t\t\t\t\t\t<figure class=\"wp-caption\">\n\t\t\t\t\t\t\t\t\t\t<img loading=\"lazy\" width=\"640\" height=\"439\" src=\"https:\/\/www.boyacaleinforma.com\/wp-content\/uploads\/2024\/06\/hoy-diario-magdalena.jpg\" class=\"attachment-medium_large size-medium_large wp-image-21032\" alt=\"hoy diario magdalena\" srcset=\"https:\/\/www.boyacaleinforma.com\/wp-content\/uploads\/2024\/06\/hoy-diario-magdalena.jpg 700w, https:\/\/www.boyacaleinforma.com\/wp-content\/uploads\/2024\/06\/hoy-diario-magdalena-300x206.jpg 300w\" sizes=\"auto, (max-width: 640px) 100vw, 640px\" loading=\"lazy\" decoding=\"async\" \/>\t\t\t\t\t\t\t\t\t\t\t<figcaption class=\"widget-image-caption wp-caption-text\">Foto: Hoy Diario del Magdalena<\/figcaption>\n\t\t\t\t\t\t\t\t\t\t<\/figure>\n\t\t\t\t\t\t\t\t\t<\/div>\n\t\t\t\t<\/div>\n\t\t\t\t<div class=\"elementor-element elementor-element-16316330 elementor-widget elementor-widget-text-editor\" data-id=\"16316330\" data-element_type=\"widget\" data-e-type=\"widget\" data-widget_type=\"text-editor.default\">\n\t\t\t\t<div class=\"elementor-widget-container\">\n\t\t\t\t\t\t\t\t\t<p class=\"western\" align=\"justify\"><span style=\"color: #000000;\"><span style=\"font-family: Arial, serif;\"><span style=\"font-size: medium;\">El fichaje m\u00e1s esperado y significativo en la historia del f\u00fatbol colombiano se ha concretado. Radamel Falcao Garc\u00eda, el delantero samario, se une a las filas de Millonarios, cumpliendo as\u00ed su sue\u00f1o de vestir los colores del club de sus amores.<\/span><\/span><\/span><\/p><p class=\"western\" align=\"justify\"><span style=\"color: #000000;\"><span style=\"font-family: Arial, serif;\"><span style=\"font-size: medium;\"><br \/>El anuncio ha generado una ola de entusiasmo entre los aficionados del equipo bogotano, quienes ver\u00e1n a uno de los mejores jugadores de la historia de Colombia lucir el escudo azul. Falcao, conocido como \u00abEl Tigre\u00bb, llega con una trayectoria impresionante que incluye pasos por River Plate, Porto, Atl\u00e9tico de Madrid, M\u00f3naco, Galatasaray y Rayo Vallecano, acumulando m\u00e1s de 300 goles y m\u00faltiples t\u00edtulos en su carrera.<br \/><br \/>A sus 38 a\u00f1os, Falcao se convierte en el fichaje de mayor prestigio que ha tenido Millonarios y, posiblemente, el f\u00fatbol colombiano. Este movimiento lo coloca por encima de otras hist\u00f3ricas incorporaciones como Alfredo Di St\u00e9fano y Adolfo Pedernera en Millonarios, Man\u00e9 Garrincha en Junior, y Ricardo Gareca en Am\u00e9rica, entre otros.<\/span><\/span><\/span><\/p><p class=\"western\" align=\"justify\"><span style=\"color: #000000;\"><span style=\"font-family: Arial, serif;\"><span style=\"font-size: medium;\"><br \/><\/span><\/span><\/span><span style=\"color: #000000;\"><span style=\"font-family: Arial, serif;\"><span style=\"font-size: medium;\"><b>Un sue\u00f1o de infancia<\/b><\/span><\/span><\/span><\/p><p class=\"western\" align=\"justify\"><span style=\"color: #000000;\"><span style=\"font-family: Arial, serif;\"><span style=\"font-size: medium;\"><br \/>El m\u00e1ximo goleador hist\u00f3rico de la Selecci\u00f3n Colombia, con 36 anotaciones, siempre so\u00f1\u00f3 con vestir los colores de Millonarios. Aunque nunca jug\u00f3 en la primera divisi\u00f3n de Colombia, su carrera internacional lo ha consagrado como una leyenda del f\u00fatbol. Tras varios intentos, finalmente se concret\u00f3 su llegada al club embajador despu\u00e9s de intensas negociaciones.<\/span><\/span><\/span><\/p><p class=\"western\" align=\"justify\"><span style=\"color: #000000;\"><span style=\"font-family: Arial, serif;\"><span style=\"font-size: medium;\"><br \/>El club ya hab\u00eda buscado fichar a Falcao a mediados de 2023, pero su contrato vigente con el Rayo Vallecano impidi\u00f3 la transferencia. No obstante, la perseverancia del equipo dio frutos este a\u00f1o, con una oferta que fue bien recibida por el delantero. Tras unas vacaciones en Estados Unidos, Falcao se reuni\u00f3 con Gustavo Serpa, presidente de la junta directiva de Millonarios, para aceptar la propuesta.<\/span><\/span><\/span><\/p><p class=\"western\" align=\"justify\"><span style=\"color: #000000;\"><span style=\"font-family: Arial, serif;\"><span style=\"font-size: medium;\"><br \/><\/span><\/span><\/span><span style=\"color: #000000;\"><span style=\"font-family: Arial, serif;\"><span style=\"font-size: medium;\"><b>Un contrato estrat\u00e9gico<\/b><\/span><\/span><\/span><\/p><p class=\"western\" align=\"justify\"><span style=\"color: #000000;\"><span style=\"font-family: Arial, serif;\"><span style=\"font-size: medium;\"><br \/>El acuerdo entre Falcao y Millonarios ha sido dise\u00f1ado cuidadosamente, considerando la situaci\u00f3n econ\u00f3mica del club y el valor del jugador. El contrato inicial ser\u00e1 por seis meses, con cl\u00e1usulas de variables y premios basados en el rendimiento del jugador, incluyendo minutos jugados y goles marcados. Adem\u00e1s, existe la posibilidad de extender el v\u00ednculo si Millonarios logra salir campe\u00f3n de la Liga, asegurando as\u00ed su participaci\u00f3n en la Copa Libertadores 2025.<\/span><\/span><\/span><\/p><p class=\"western\" align=\"justify\"><span style=\"color: #000000;\"><span style=\"font-family: Arial, serif;\"><span style=\"font-size: medium;\"><br \/><\/span><\/span><\/span><span style=\"color: #000000;\"><span style=\"font-family: Arial, serif;\"><span style=\"font-size: medium;\"><b>Reacciones y expectativas<\/b><\/span><\/span><\/span><\/p><p class=\"western\" align=\"justify\"><span style=\"color: #000000;\"><span style=\"font-family: Arial, serif;\"><span style=\"font-size: medium;\"><br \/>La llegada de Falcao a Millonarios ha sido celebrada por jugadores, exjugadores y aficionados del f\u00fatbol colombiano. La expectativa es alta, no solo por el impacto que tendr\u00e1 en el rendimiento del equipo, sino tambi\u00e9n por el impulso que dar\u00e1 a la Liga colombiana en t\u00e9rminos de visibilidad y competitividad.<\/span><\/span><\/span><\/p><p class=\"western\" align=\"justify\"><span style=\"color: #000000;\"><span style=\"font-family: Arial, serif;\"><span style=\"font-size: medium;\"><br \/>Con este fichaje, Millonarios no solo gana un jugador de renombre internacional, sino tambi\u00e9n un l\u00edder dentro y fuera del campo, cuya experiencia y profesionalismo ser\u00e1n invaluables para el equipo y sus j\u00f3venes talentos.<\/span><\/span><\/span><\/p><p class=\"western\" align=\"justify\"><span style=\"color: #000000;\"><span style=\"font-family: Arial, serif;\"><span style=\"font-size: medium;\"><br \/><\/span><\/span><\/span><span style=\"color: #000000;\"><span style=\"font-family: Arial, serif;\"><span style=\"font-size: medium;\"><b>Conclusi\u00f3n<\/b><\/span><\/span><\/span><span style=\"color: #000000;\"><span style=\"font-family: Arial, serif;\"><span style=\"font-size: medium;\"><br \/><br \/>La incorporaci\u00f3n de Radamel Falcao a Millonarios marca un hito en el f\u00fatbol colombiano. Su presencia en las canchas del pa\u00eds ser\u00e1 una oportunidad \u00fanica para los aficionados y un motivo de orgullo para el club bogotano. Con la esperanza de alcanzar nuevos logros y t\u00edtulos, Millonarios y sus seguidores se preparan para vivir una temporada hist\u00f3rica con \u00abEl Tigre\u00bb como su gran estrella.<\/span><\/span><\/span><\/p>\t\t\t\t\t\t\t\t<\/div>\n\t\t\t\t<\/div>\n\t\t\t\t\t<\/div>\n\t\t<\/div>\n\t\t\t\t\t<\/div>\n\t\t<\/section>\n\t\t\t\t<\/div>\n\t\t","protected":false},"excerpt":{"rendered":"<p>Foto: Hoy Diario del Magdalena El fichaje m\u00e1s esperado y significativo en la historia del f\u00fatbol colombiano se<\/p>\n","protected":false},"author":1,"featured_media":21032,"comment_status":"open","ping_status":"open","sticky":false,"template":"","format":"image","meta":{"om_disable_all_campaigns":false,"_monsterinsights_skip_tracking":false,"_monsterinsights_sitenote_active":false,"_monsterinsights_sitenote_note":"","_monsterinsights_sitenote_category":0,"footnotes":""},"categories":[7],"tags":[10],"class_list":["post-21025","post","type-post","status-publish","format-image","has-post-thumbnail","hentry","category-deportes","tag-noticias","post_format-post-format-image"],"aioseo_notices":[],"_links":{"self":[{"href":"https:\/\/www.boyacaleinforma.com\/index.php?rest_route=\/wp\/v2\/posts\/21025","targetHints":{"allow":["GET"]}}],"collection":[{"href":"https:\/\/www.boyacaleinforma.com\/index.php?rest_route=\/wp\/v2\/posts"}],"about":[{"href":"https:\/\/www.boyacaleinforma.com\/index.php?rest_route=\/wp\/v2\/types\/post"}],"author":[{"embeddable":true,"href":"https:\/\/www.boyacaleinforma.com\/index.php?rest_route=\/wp\/v2\/users\/1"}],"replies":[{"embeddable":true,"href":"https:\/\/www.boyacaleinforma.com\/index.php?rest_route=%2Fwp%2Fv2%2Fcomments&post=21025"}],"version-history":[{"count":0,"href":"https:\/\/www.boyacaleinforma.com\/index.php?rest_route=\/wp\/v2\/posts\/21025\/revisions"}],"wp:featuredmedia":[{"embeddable":true,"href":"https:\/\/www.boyacaleinforma.com\/index.php?rest_route=\/wp\/v2\/media\/21032"}],"wp:attachment":[{"href":"https:\/\/www.boyacaleinforma.com\/index.php?rest_route=%2Fwp%2Fv2%2Fmedia&parent=21025"}],"wp:term":[{"taxonomy":"category","embeddable":true,"href":"https:\/\/www.boyacaleinforma.com\/index.php?rest_route=%2Fwp%2Fv2%2Fcategories&post=21025"},{"taxonomy":"post_tag","embeddable":true,"href":"https:\/\/www.boyacaleinforma.com\/index.php?rest_route=%2Fwp%2Fv2%2Ftags&post=21025"}],"curies":[{"name":"wp","href":"https:\/\/api.w.org\/{rel}","templated":true}]}}